{"id":1,"date":"2017-09-26T10:06:00","date_gmt":"2017-09-26T13:06:00","guid":{"rendered":"http:\/\/matizes.org.br\/site\/?p=1"},"modified":"2021-10-17T19:51:14","modified_gmt":"2021-10-17T22:51:14","slug":"ola-mundo","status":"publish","type":"post","link":"https:\/\/matizes.org.br\/site\/ola-mundo\/","title":{"rendered":"Manifestantes fazem ato contra a &#8216;cura gay&#8217; na Avenida Frei Serafim"},"content":{"rendered":"\n<p>Dezenas de pessoas se reuniram, no final da tarde desta segunda-feira (25), na avenida Frei Serafim, em um ato pela revoga\u00e7\u00e3o da liminar que d\u00e1 autoriza\u00e7\u00e3o para psic\u00f3logos poderem tratar a homossexualidade como doen\u00e7a. Apesar do clima festivo, os manifestantes se posicionaram com cartazes em m\u00e3os para chamar a aten\u00e7\u00e3o da popula\u00e7\u00e3o teresinense sobre a pol\u00eamica. Para os ativistas dos direitos LGBT, a decis\u00e3o judicial representa um retrocesso e um perigo \u00e0 sa\u00fade de gays, l\u00e9sbicas e bissexuais.O ato foi organizado por entidades e movimentos organizados da sociedade civil, entre eles, o Conselho Regional de Psicologia, Conselho Regional de Servi\u00e7o Social, Grupo Matizes, Grupo Piauiense de Transexuais e Travestis e pela Liga LGBT. De acordo com a coordenadora do Grupo Matizes, Marinalva Santana, a manifesta\u00e7\u00e3o teve como objetivo reafirmar a import\u00e2ncia da resolu\u00e7\u00e3o 001\/99 do Conselho Regional de Psicologia, considerando que a homossexualidade n\u00e3o constitui doen\u00e7a, nem dist\u00farbio e nem pervers\u00e3o.\u201cN\u00f3s vemos essa decis\u00e3o como um retrocesso. Uma resolu\u00e7\u00e3o que estava em vigor h\u00e1 18 anos, e um juiz atrav\u00e9s de uma canetada quer cassar uma conquista hist\u00f3rica, tanto da sociedade, como dos profissionais da \u00e1rea da psicologia e do movimento LGBT. Estamos aqui para protestar e dizer que n\u00e3o vamos aceitar passivamente essa retirada de direitos\u201d, afirma, acrescentando que a decis\u00e3o \u00e9 um reflexo de uma onda conservadora que tem crescido no Brasil nos \u00faltimos anos.<\/p>\n\n\n\n<p>Para a presidente da Comiss\u00e3o de Direitos Humanos do Conselho Regional de Psicologia, Elizandra Pires, a liminar refor\u00e7a o preconceito e a estigmatiza\u00e7\u00e3o de gays, l\u00e9sbicas e bissexuais. Al\u00e9m de provocar o adoecimento dessa popula\u00e7\u00e3o. \u201cEssa forma de tentar adequar a pessoa dentro da sociedade pode aumentar a ang\u00fastia, a ansiedade e at\u00e9 tentativas de suic\u00eddio. J\u00e1 foi comprovado cientificamente que n\u00e3o tem como a orienta\u00e7\u00e3o sexual ser como colocada como um problema de adoecimento, uma patologia\u201d, afirma.\u00a0<\/p>\n\n\n\n<p>A psic\u00f3loga destaca ainda que o grupo de psic\u00f3logos respons\u00e1vel pela a\u00e7\u00e3o judicial trabalham dentro de uma vertente que n\u00e3o \u00e9 cient\u00edfica, constituindo, assim, exerc\u00edcio ilegal da profiss\u00e3o. \u201cA partir do momento que voc\u00ea trabalha com a possibilidade de uma coisa que n\u00e3o foi testada cientificamente, voc\u00ea n\u00e3o trabalha com ci\u00eancia. Quando voc\u00ea come\u00e7a a trabalhar se intitulando como psic\u00f3logo, e trabalhando com pr\u00e1ticas que n\u00e3o s\u00e3o da psicologia, isso \u00e9 exerc\u00edcio ilegal da profiss\u00e3o\u201d, pondera.O ato composto por jovens, adultos e at\u00e9 animais de estima<\/p>\n\n\n\n<p>\u00e7\u00e3o, tamb\u00e9m pontuou a retirada da transexualidade de dentro do rol de patologias pela Organiza\u00e7\u00e3o Mundial de Sa\u00fade e pelo Conselho Federal de Psicologia. \u201cTamb\u00e9m estamos aqui para tirar transexualidade do rol de doen\u00e7as e transform\u00e1-lo em modo de ser, assim como a homossexualidade\u201d, explica a coordenadora do GPTrans, Maria Laura dos Reis.<\/p>\n\n\n\n<p><strong>Entenda<\/strong>A Justi\u00e7a Federal do Distrito Federal concedeu uma liminar, no \u00faltimo dia 15 de setembro, que abre brecha para psic\u00f3logos tratarem a homossexualidade como doen\u00e7a. Por meio do documento, o juiz federal, Waldemar Cl\u00e1udio de Carvalho, determinou que o Conselho Federal de Psicologia n\u00e3o pro\u00edba psic\u00f3logos de realizar atendimentos orientados para uma \u201ccura gay\u201d, alegando que a proibi\u00e7\u00e3o atenta contra a liberdade profissional.&nbsp;A a\u00e7\u00e3o foi movida por um grupo de psic\u00f3logas (os) defensores da pr\u00e1tica e gerou uma repercuss\u00e3o negativa entre movimentos sociais, entidades da \u00e1rea da sa\u00fade e entre a pr\u00f3pria popula\u00e7\u00e3o LGBT.<\/p>\n","protected":false},"excerpt":{"rendered":"<p>Dezenas de pessoas se reuniram, no final da tarde desta segunda-feira (25), na avenida Frei Serafim, em um ato pela revoga\u00e7\u00e3o da liminar que d\u00e1 autoriza\u00e7\u00e3o para psic\u00f3logos poderem tratar a homossexualidade como doen\u00e7a. Apesar do clima festivo, os manifestantes se posicionaram com cartazes em m\u00e3os para chamar a aten\u00e7\u00e3o da popula\u00e7\u00e3o teresinense sobre a [&hellip;]<\/p>\n","protected":false},"author":1,"featured_media":268,"comment_status":"open","ping_status":"open","sticky":false,"template":"","format":"standard","meta":{"footnotes":""},"categories":[1],"tags":[],"class_list":["post-1","post","type-post","status-publish","format-standard","has-post-thumbnail","hentry","category-noticias"],"yoast_head":"<!-- This site is optimized with the Yoast SEO plugin v27.1.1 - https:\/\/yoast.com\/product\/yoast-seo-wordpress\/ -->\n<title>Manifestantes fazem ato contra a &#039;cura gay&#039; na Avenida Frei Serafim - Grupo Matizes - Teresina - Piau\u00ed<\/title>\n<meta name=\"description\" content=\"O Grupo Matizes \u00e9 uma associa\u00e7\u00e3o civil, sem fins lucrativos, fundada em 18 de maio de 2002, cuja miss\u00e3o principal \u00e9 a defesa dos direitos de l\u00e9sbicas, gays, bissexuais, travestis e transexuais (LGBT+). \u00c9 filiado ao Movimento Nacional de Direitos Humanos e ao F\u00f3rum de ONGs\/AIDS do Piau\u00ed. Reconhecido como entidade de utilidade p\u00fablica pela Lei Estadual n\u00ba 5811, de 27 de novembro de 2008. Atualmente, integra os seguintes \u00f3rg\u00e3os colegiados: Conselho Estadual de Defesa dos Direitos Humanos, Conselho Estadual de Direitos de LGBT, Conselho Municipal de Direitos de LGBT e o F\u00f3rum Municipal de Educa\u00e7\u00e3o.O Matizes \u00e9 signat\u00e1rio de algumas representa\u00e7\u00f5es de repercuss\u00e3o geral,\" \/>\n<meta name=\"robots\" content=\"index, follow, max-snippet:-1, max-image-preview:large, max-video-preview:-1\" \/>\n<link rel=\"canonical\" href=\"https:\/\/matizes.org.br\/site\/ola-mundo\/\" \/>\n<meta property=\"og:locale\" content=\"pt_BR\" \/>\n<meta property=\"og:type\" content=\"article\" \/>\n<meta property=\"og:title\" content=\"Manifestantes fazem ato contra a &#039;cura gay&#039; na Avenida Frei Serafim - Grupo Matizes - Teresina - Piau\u00ed\" \/>\n<meta property=\"og:description\" content=\"O Grupo Matizes \u00e9 uma associa\u00e7\u00e3o civil, sem fins lucrativos, fundada em 18 de maio de 2002, cuja miss\u00e3o principal \u00e9 a defesa dos direitos de l\u00e9sbicas, gays, bissexuais, travestis e transexuais (LGBT+). \u00c9 filiado ao Movimento Nacional de Direitos Humanos e ao F\u00f3rum de ONGs\/AIDS do Piau\u00ed. Reconhecido como entidade de utilidade p\u00fablica pela Lei Estadual n\u00ba 5811, de 27 de novembro de 2008. Atualmente, integra os seguintes \u00f3rg\u00e3os colegiados: Conselho Estadual de Defesa dos Direitos Humanos, Conselho Estadual de Direitos de LGBT, Conselho Municipal de Direitos de LGBT e o F\u00f3rum Municipal de Educa\u00e7\u00e3o.O Matizes \u00e9 signat\u00e1rio de algumas representa\u00e7\u00f5es de repercuss\u00e3o geral,\" \/>\n<meta property=\"og:url\" content=\"https:\/\/matizes.org.br\/site\/ola-mundo\/\" \/>\n<meta property=\"og:site_name\" content=\"Grupo Matizes - Teresina - Piau\u00ed\" \/>\n<meta property=\"article:publisher\" content=\"https:\/\/www.facebook.com\/grupomatizes\/\" \/>\n<meta property=\"article:published_time\" content=\"2017-09-26T13:06:00+00:00\" \/>\n<meta property=\"article:modified_time\" content=\"2021-10-17T22:51:14+00:00\" \/>\n<meta property=\"og:image\" content=\"https:\/\/matizes.org.br\/site\/wp-content\/uploads\/2021\/10\/dsc_84801506378679.jpg\" \/>\n\t<meta property=\"og:image:width\" content=\"850\" \/>\n\t<meta property=\"og:image:height\" content=\"568\" \/>\n\t<meta property=\"og:image:type\" content=\"image\/jpeg\" \/>\n<meta name=\"author\" content=\"rogerbezerra\" \/>\n<meta name=\"twitter:card\" content=\"summary_large_image\" \/>\n<meta name=\"twitter:label1\" content=\"Escrito por\" \/>\n\t<meta name=\"twitter:data1\" content=\"rogerbezerra\" \/>\n\t<meta name=\"twitter:label2\" content=\"Est. tempo de leitura\" \/>\n\t<meta name=\"twitter:data2\" content=\"3 minutos\" \/>\n<script type=\"application\/ld+json\" class=\"yoast-schema-graph\">{\"@context\":\"https:\/\/schema.org\",\"@graph\":[{\"@type\":\"Article\",\"@id\":\"https:\/\/matizes.org.br\/site\/ola-mundo\/#article\",\"isPartOf\":{\"@id\":\"https:\/\/matizes.org.br\/site\/ola-mundo\/\"},\"author\":{\"name\":\"rogerbezerra\",\"@id\":\"https:\/\/matizes.org.br\/site\/#\/schema\/person\/b180ff8f72671ef58b7956eb5b573753\"},\"headline\":\"Manifestantes fazem ato contra a &#8216;cura gay&#8217; na Avenida Frei Serafim\",\"datePublished\":\"2017-09-26T13:06:00+00:00\",\"dateModified\":\"2021-10-17T22:51:14+00:00\",\"mainEntityOfPage\":{\"@id\":\"https:\/\/matizes.org.br\/site\/ola-mundo\/\"},\"wordCount\":621,\"commentCount\":1,\"publisher\":{\"@id\":\"https:\/\/matizes.org.br\/site\/#organization\"},\"image\":{\"@id\":\"https:\/\/matizes.org.br\/site\/ola-mundo\/#primaryimage\"},\"thumbnailUrl\":\"https:\/\/matizes.org.br\/site\/wp-content\/uploads\/2021\/10\/dsc_84801506378679.jpg\",\"articleSection\":[\"Not\u00edcias\"],\"inLanguage\":\"pt-BR\",\"potentialAction\":[{\"@type\":\"CommentAction\",\"name\":\"Comment\",\"target\":[\"https:\/\/matizes.org.br\/site\/ola-mundo\/#respond\"]}]},{\"@type\":\"WebPage\",\"@id\":\"https:\/\/matizes.org.br\/site\/ola-mundo\/\",\"url\":\"https:\/\/matizes.org.br\/site\/ola-mundo\/\",\"name\":\"Manifestantes fazem ato contra a 'cura gay' na Avenida Frei Serafim - Grupo Matizes - Teresina - Piau\u00ed\",\"isPartOf\":{\"@id\":\"https:\/\/matizes.org.br\/site\/#website\"},\"primaryImageOfPage\":{\"@id\":\"https:\/\/matizes.org.br\/site\/ola-mundo\/#primaryimage\"},\"image\":{\"@id\":\"https:\/\/matizes.org.br\/site\/ola-mundo\/#primaryimage\"},\"thumbnailUrl\":\"https:\/\/matizes.org.br\/site\/wp-content\/uploads\/2021\/10\/dsc_84801506378679.jpg\",\"datePublished\":\"2017-09-26T13:06:00+00:00\",\"dateModified\":\"2021-10-17T22:51:14+00:00\",\"description\":\"O Grupo Matizes \u00e9 uma associa\u00e7\u00e3o civil, sem fins lucrativos, fundada em 18 de maio de 2002, cuja miss\u00e3o principal \u00e9 a defesa dos direitos de l\u00e9sbicas, gays, bissexuais, travestis e transexuais (LGBT+). \u00c9 filiado ao Movimento Nacional de Direitos Humanos e ao F\u00f3rum de ONGs\/AIDS do Piau\u00ed. Reconhecido como entidade de utilidade p\u00fablica pela Lei Estadual n\u00ba 5811, de 27 de novembro de 2008. Atualmente, integra os seguintes \u00f3rg\u00e3os colegiados: Conselho Estadual de Defesa dos Direitos Humanos, Conselho Estadual de Direitos de LGBT, Conselho Municipal de Direitos de LGBT e o F\u00f3rum Municipal de Educa\u00e7\u00e3o.O Matizes \u00e9 signat\u00e1rio de algumas representa\u00e7\u00f5es de repercuss\u00e3o geral,\",\"breadcrumb\":{\"@id\":\"https:\/\/matizes.org.br\/site\/ola-mundo\/#breadcrumb\"},\"inLanguage\":\"pt-BR\",\"potentialAction\":[{\"@type\":\"ReadAction\",\"target\":[\"https:\/\/matizes.org.br\/site\/ola-mundo\/\"]}]},{\"@type\":\"ImageObject\",\"inLanguage\":\"pt-BR\",\"@id\":\"https:\/\/matizes.org.br\/site\/ola-mundo\/#primaryimage\",\"url\":\"https:\/\/matizes.org.br\/site\/wp-content\/uploads\/2021\/10\/dsc_84801506378679.jpg\",\"contentUrl\":\"https:\/\/matizes.org.br\/site\/wp-content\/uploads\/2021\/10\/dsc_84801506378679.jpg\",\"width\":850,\"height\":568},{\"@type\":\"BreadcrumbList\",\"@id\":\"https:\/\/matizes.org.br\/site\/ola-mundo\/#breadcrumb\",\"itemListElement\":[{\"@type\":\"ListItem\",\"position\":1,\"name\":\"In\u00edcio\",\"item\":\"https:\/\/matizes.org.br\/site\/\"},{\"@type\":\"ListItem\",\"position\":2,\"name\":\"Manifestantes fazem ato contra a &#8216;cura gay&#8217; na Avenida Frei Serafim\"}]},{\"@type\":\"WebSite\",\"@id\":\"https:\/\/matizes.org.br\/site\/#website\",\"url\":\"https:\/\/matizes.org.br\/site\/\",\"name\":\"Grupo Matizes - Teresina - Piau\u00ed\",\"description\":\"Pela livre express\u00e3o sexual\",\"publisher\":{\"@id\":\"https:\/\/matizes.org.br\/site\/#organization\"},\"potentialAction\":[{\"@type\":\"SearchAction\",\"target\":{\"@type\":\"EntryPoint\",\"urlTemplate\":\"https:\/\/matizes.org.br\/site\/?s={search_term_string}\"},\"query-input\":{\"@type\":\"PropertyValueSpecification\",\"valueRequired\":true,\"valueName\":\"search_term_string\"}}],\"inLanguage\":\"pt-BR\"},{\"@type\":\"Organization\",\"@id\":\"https:\/\/matizes.org.br\/site\/#organization\",\"name\":\"Grupo Matizes - Pela livre express\u00e3o sexual\",\"url\":\"https:\/\/matizes.org.br\/site\/\",\"logo\":{\"@type\":\"ImageObject\",\"inLanguage\":\"pt-BR\",\"@id\":\"https:\/\/matizes.org.br\/site\/#\/schema\/logo\/image\/\",\"url\":\"https:\/\/matizes.org.br\/site\/wp-content\/uploads\/2021\/10\/matizes-logo-site.png\",\"contentUrl\":\"https:\/\/matizes.org.br\/site\/wp-content\/uploads\/2021\/10\/matizes-logo-site.png\",\"width\":460,\"height\":123,\"caption\":\"Grupo Matizes - Pela livre express\u00e3o sexual\"},\"image\":{\"@id\":\"https:\/\/matizes.org.br\/site\/#\/schema\/logo\/image\/\"},\"sameAs\":[\"https:\/\/www.facebook.com\/grupomatizes\/\",\"https:\/\/www.instagram.com\/matizesteresina\/\",\"https:\/\/www.youtube.com\/user\/matizes1000\/videos\"]},{\"@type\":\"Person\",\"@id\":\"https:\/\/matizes.org.br\/site\/#\/schema\/person\/b180ff8f72671ef58b7956eb5b573753\",\"name\":\"rogerbezerra\",\"image\":{\"@type\":\"ImageObject\",\"inLanguage\":\"pt-BR\",\"@id\":\"https:\/\/matizes.org.br\/site\/#\/schema\/person\/image\/\",\"url\":\"https:\/\/secure.gravatar.com\/avatar\/3d1043775cda1d91d725491548f9b3a0909638e5fcbd418ee6b285ebfaa2ae59?s=96&d=mm&r=g\",\"contentUrl\":\"https:\/\/secure.gravatar.com\/avatar\/3d1043775cda1d91d725491548f9b3a0909638e5fcbd418ee6b285ebfaa2ae59?s=96&d=mm&r=g\",\"caption\":\"rogerbezerra\"},\"sameAs\":[\"http:\/\/matizes.org.br\/site\"]}]}<\/script>\n<!-- \/ Yoast SEO plugin. -->","yoast_head_json":{"title":"Manifestantes fazem ato contra a 'cura gay' na Avenida Frei Serafim - Grupo Matizes - Teresina - Piau\u00ed","description":"O Grupo Matizes \u00e9 uma associa\u00e7\u00e3o civil, sem fins lucrativos, fundada em 18 de maio de 2002, cuja miss\u00e3o principal \u00e9 a defesa dos direitos de l\u00e9sbicas, gays, bissexuais, travestis e transexuais (LGBT+). \u00c9 filiado ao Movimento Nacional de Direitos Humanos e ao F\u00f3rum de ONGs\/AIDS do Piau\u00ed. Reconhecido como entidade de utilidade p\u00fablica pela Lei Estadual n\u00ba 5811, de 27 de novembro de 2008. Atualmente, integra os seguintes \u00f3rg\u00e3os colegiados: Conselho Estadual de Defesa dos Direitos Humanos, Conselho Estadual de Direitos de LGBT, Conselho Municipal de Direitos de LGBT e o F\u00f3rum Municipal de Educa\u00e7\u00e3o.O Matizes \u00e9 signat\u00e1rio de algumas representa\u00e7\u00f5es de repercuss\u00e3o geral,","robots":{"index":"index","follow":"follow","max-snippet":"max-snippet:-1","max-image-preview":"max-image-preview:large","max-video-preview":"max-video-preview:-1"},"canonical":"https:\/\/matizes.org.br\/site\/ola-mundo\/","og_locale":"pt_BR","og_type":"article","og_title":"Manifestantes fazem ato contra a 'cura gay' na Avenida Frei Serafim - Grupo Matizes - Teresina - Piau\u00ed","og_description":"O Grupo Matizes \u00e9 uma associa\u00e7\u00e3o civil, sem fins lucrativos, fundada em 18 de maio de 2002, cuja miss\u00e3o principal \u00e9 a defesa dos direitos de l\u00e9sbicas, gays, bissexuais, travestis e transexuais (LGBT+). \u00c9 filiado ao Movimento Nacional de Direitos Humanos e ao F\u00f3rum de ONGs\/AIDS do Piau\u00ed. Reconhecido como entidade de utilidade p\u00fablica pela Lei Estadual n\u00ba 5811, de 27 de novembro de 2008. Atualmente, integra os seguintes \u00f3rg\u00e3os colegiados: Conselho Estadual de Defesa dos Direitos Humanos, Conselho Estadual de Direitos de LGBT, Conselho Municipal de Direitos de LGBT e o F\u00f3rum Municipal de Educa\u00e7\u00e3o.O Matizes \u00e9 signat\u00e1rio de algumas representa\u00e7\u00f5es de repercuss\u00e3o geral,","og_url":"https:\/\/matizes.org.br\/site\/ola-mundo\/","og_site_name":"Grupo Matizes - Teresina - Piau\u00ed","article_publisher":"https:\/\/www.facebook.com\/grupomatizes\/","article_published_time":"2017-09-26T13:06:00+00:00","article_modified_time":"2021-10-17T22:51:14+00:00","og_image":[{"width":850,"height":568,"url":"https:\/\/matizes.org.br\/site\/wp-content\/uploads\/2021\/10\/dsc_84801506378679.jpg","type":"image\/jpeg"}],"author":"rogerbezerra","twitter_card":"summary_large_image","twitter_misc":{"Escrito por":"rogerbezerra","Est. tempo de leitura":"3 minutos"},"schema":{"@context":"https:\/\/schema.org","@graph":[{"@type":"Article","@id":"https:\/\/matizes.org.br\/site\/ola-mundo\/#article","isPartOf":{"@id":"https:\/\/matizes.org.br\/site\/ola-mundo\/"},"author":{"name":"rogerbezerra","@id":"https:\/\/matizes.org.br\/site\/#\/schema\/person\/b180ff8f72671ef58b7956eb5b573753"},"headline":"Manifestantes fazem ato contra a &#8216;cura gay&#8217; na Avenida Frei Serafim","datePublished":"2017-09-26T13:06:00+00:00","dateModified":"2021-10-17T22:51:14+00:00","mainEntityOfPage":{"@id":"https:\/\/matizes.org.br\/site\/ola-mundo\/"},"wordCount":621,"commentCount":1,"publisher":{"@id":"https:\/\/matizes.org.br\/site\/#organization"},"image":{"@id":"https:\/\/matizes.org.br\/site\/ola-mundo\/#primaryimage"},"thumbnailUrl":"https:\/\/matizes.org.br\/site\/wp-content\/uploads\/2021\/10\/dsc_84801506378679.jpg","articleSection":["Not\u00edcias"],"inLanguage":"pt-BR","potentialAction":[{"@type":"CommentAction","name":"Comment","target":["https:\/\/matizes.org.br\/site\/ola-mundo\/#respond"]}]},{"@type":"WebPage","@id":"https:\/\/matizes.org.br\/site\/ola-mundo\/","url":"https:\/\/matizes.org.br\/site\/ola-mundo\/","name":"Manifestantes fazem ato contra a 'cura gay' na Avenida Frei Serafim - Grupo Matizes - Teresina - Piau\u00ed","isPartOf":{"@id":"https:\/\/matizes.org.br\/site\/#website"},"primaryImageOfPage":{"@id":"https:\/\/matizes.org.br\/site\/ola-mundo\/#primaryimage"},"image":{"@id":"https:\/\/matizes.org.br\/site\/ola-mundo\/#primaryimage"},"thumbnailUrl":"https:\/\/matizes.org.br\/site\/wp-content\/uploads\/2021\/10\/dsc_84801506378679.jpg","datePublished":"2017-09-26T13:06:00+00:00","dateModified":"2021-10-17T22:51:14+00:00","description":"O Grupo Matizes \u00e9 uma associa\u00e7\u00e3o civil, sem fins lucrativos, fundada em 18 de maio de 2002, cuja miss\u00e3o principal \u00e9 a defesa dos direitos de l\u00e9sbicas, gays, bissexuais, travestis e transexuais (LGBT+). \u00c9 filiado ao Movimento Nacional de Direitos Humanos e ao F\u00f3rum de ONGs\/AIDS do Piau\u00ed. Reconhecido como entidade de utilidade p\u00fablica pela Lei Estadual n\u00ba 5811, de 27 de novembro de 2008. Atualmente, integra os seguintes \u00f3rg\u00e3os colegiados: Conselho Estadual de Defesa dos Direitos Humanos, Conselho Estadual de Direitos de LGBT, Conselho Municipal de Direitos de LGBT e o F\u00f3rum Municipal de Educa\u00e7\u00e3o.O Matizes \u00e9 signat\u00e1rio de algumas representa\u00e7\u00f5es de repercuss\u00e3o geral,","breadcrumb":{"@id":"https:\/\/matizes.org.br\/site\/ola-mundo\/#breadcrumb"},"inLanguage":"pt-BR","potentialAction":[{"@type":"ReadAction","target":["https:\/\/matizes.org.br\/site\/ola-mundo\/"]}]},{"@type":"ImageObject","inLanguage":"pt-BR","@id":"https:\/\/matizes.org.br\/site\/ola-mundo\/#primaryimage","url":"https:\/\/matizes.org.br\/site\/wp-content\/uploads\/2021\/10\/dsc_84801506378679.jpg","contentUrl":"https:\/\/matizes.org.br\/site\/wp-content\/uploads\/2021\/10\/dsc_84801506378679.jpg","width":850,"height":568},{"@type":"BreadcrumbList","@id":"https:\/\/matizes.org.br\/site\/ola-mundo\/#breadcrumb","itemListElement":[{"@type":"ListItem","position":1,"name":"In\u00edcio","item":"https:\/\/matizes.org.br\/site\/"},{"@type":"ListItem","position":2,"name":"Manifestantes fazem ato contra a &#8216;cura gay&#8217; na Avenida Frei Serafim"}]},{"@type":"WebSite","@id":"https:\/\/matizes.org.br\/site\/#website","url":"https:\/\/matizes.org.br\/site\/","name":"Grupo Matizes - Teresina - Piau\u00ed","description":"Pela livre express\u00e3o sexual","publisher":{"@id":"https:\/\/matizes.org.br\/site\/#organization"},"potentialAction":[{"@type":"SearchAction","target":{"@type":"EntryPoint","urlTemplate":"https:\/\/matizes.org.br\/site\/?s={search_term_string}"},"query-input":{"@type":"PropertyValueSpecification","valueRequired":true,"valueName":"search_term_string"}}],"inLanguage":"pt-BR"},{"@type":"Organization","@id":"https:\/\/matizes.org.br\/site\/#organization","name":"Grupo Matizes - Pela livre express\u00e3o sexual","url":"https:\/\/matizes.org.br\/site\/","logo":{"@type":"ImageObject","inLanguage":"pt-BR","@id":"https:\/\/matizes.org.br\/site\/#\/schema\/logo\/image\/","url":"https:\/\/matizes.org.br\/site\/wp-content\/uploads\/2021\/10\/matizes-logo-site.png","contentUrl":"https:\/\/matizes.org.br\/site\/wp-content\/uploads\/2021\/10\/matizes-logo-site.png","width":460,"height":123,"caption":"Grupo Matizes - Pela livre express\u00e3o sexual"},"image":{"@id":"https:\/\/matizes.org.br\/site\/#\/schema\/logo\/image\/"},"sameAs":["https:\/\/www.facebook.com\/grupomatizes\/","https:\/\/www.instagram.com\/matizesteresina\/","https:\/\/www.youtube.com\/user\/matizes1000\/videos"]},{"@type":"Person","@id":"https:\/\/matizes.org.br\/site\/#\/schema\/person\/b180ff8f72671ef58b7956eb5b573753","name":"rogerbezerra","image":{"@type":"ImageObject","inLanguage":"pt-BR","@id":"https:\/\/matizes.org.br\/site\/#\/schema\/person\/image\/","url":"https:\/\/secure.gravatar.com\/avatar\/3d1043775cda1d91d725491548f9b3a0909638e5fcbd418ee6b285ebfaa2ae59?s=96&d=mm&r=g","contentUrl":"https:\/\/secure.gravatar.com\/avatar\/3d1043775cda1d91d725491548f9b3a0909638e5fcbd418ee6b285ebfaa2ae59?s=96&d=mm&r=g","caption":"rogerbezerra"},"sameAs":["http:\/\/matizes.org.br\/site"]}]}},"_links":{"self":[{"href":"https:\/\/matizes.org.br\/site\/wp-json\/wp\/v2\/posts\/1","targetHints":{"allow":["GET"]}}],"collection":[{"href":"https:\/\/matizes.org.br\/site\/wp-json\/wp\/v2\/posts"}],"about":[{"href":"https:\/\/matizes.org.br\/site\/wp-json\/wp\/v2\/types\/post"}],"author":[{"embeddable":true,"href":"https:\/\/matizes.org.br\/site\/wp-json\/wp\/v2\/users\/1"}],"replies":[{"embeddable":true,"href":"https:\/\/matizes.org.br\/site\/wp-json\/wp\/v2\/comments?post=1"}],"version-history":[{"count":1,"href":"https:\/\/matizes.org.br\/site\/wp-json\/wp\/v2\/posts\/1\/revisions"}],"predecessor-version":[{"id":269,"href":"https:\/\/matizes.org.br\/site\/wp-json\/wp\/v2\/posts\/1\/revisions\/269"}],"wp:featuredmedia":[{"embeddable":true,"href":"https:\/\/matizes.org.br\/site\/wp-json\/wp\/v2\/media\/268"}],"wp:attachment":[{"href":"https:\/\/matizes.org.br\/site\/wp-json\/wp\/v2\/media?parent=1"}],"wp:term":[{"taxonomy":"category","embeddable":true,"href":"https:\/\/matizes.org.br\/site\/wp-json\/wp\/v2\/categories?post=1"},{"taxonomy":"post_tag","embeddable":true,"href":"https:\/\/matizes.org.br\/site\/wp-json\/wp\/v2\/tags?post=1"}],"curies":[{"name":"wp","href":"https:\/\/api.w.org\/{rel}","templated":true}]}}