{"id":1004,"date":"2022-05-28T16:29:00","date_gmt":"2022-05-28T19:29:00","guid":{"rendered":"https:\/\/matizes.org.br\/site\/?p=1004"},"modified":"2022-06-13T16:30:12","modified_gmt":"2022-06-13T19:30:12","slug":"matizes-participa-da-feira-do-livro-da-diversidade","status":"publish","type":"post","link":"https:\/\/matizes.org.br\/site\/matizes-participa-da-feira-do-livro-da-diversidade\/","title":{"rendered":"Matizes participa da Feira do Livro da Diversidade"},"content":{"rendered":"\n<p>O Grupo Matizes participou, na \u00faltima sexta-feira (27), da Feira do Livro da Diversidade (FLID), evento organizado pela Avantgarde Produ\u00e7\u00f5es, com apoio do Matizes para a realiza\u00e7\u00e3o. No evento, que aconteceu no Clube dos Di\u00e1rios, a vice coordenadora, Marinalva Santana, foi uma das homenageadas e participou da mesa redonda &#8220;Cultura no enfrentamento da LGBTfobia&#8221;. <\/p>\n\n\n\n<p>Na ocasi\u00e3o, tamb\u00e9m aconteceu o lan\u00e7amento do document\u00e1rio sobre os 20 anos do Matizes. &#8220;O lan\u00e7amento do document\u00e1rio sobre a atua\u00e7\u00e3o do nosso grupo pelos direitos LGBTQIA+ durante essas duas d\u00e9cadas torna essa noite ainda mais especial&#8221;, frisa Marinalva Santana, vice coordenadora do Matizes.<\/p>\n\n\n\n<p>Na feira, foi poss\u00edvel adquirir, no estante do Matizes, livros lan\u00e7ados em parceria com o grupo, como &#8220;Letras da diversidade &#8211; artigos&#8221;, de Ruan Nunes e Marleide Lins; e &#8220;Assist\u00eancia integral \u00e0 sa\u00fade de mulheres l\u00e9sbicas e bissexuais&#8221;, de Andr\u00e9a Cronemberger Rufino e Alberto Madeiro.<\/p>\n\n\n\n<p>&#8220;Para n\u00f3s, \u00e9 muito importante fazer parte da realiza\u00e7\u00e3o desse evento, pois al\u00e9m de um incentivo \u00e0s produ\u00e7\u00f5es que abordam a diversidade, \u00e9 uma oportunidade de falarmos com o p\u00fablico sobre os assuntos que permeiam nossa exist\u00eancia enquanto LGBTQIA+&#8221;, comenta Marinalva Santana.<\/p>\n\n\n\n<p><\/p>\n\n\n\n<p><\/p>\n","protected":false},"excerpt":{"rendered":"<p>O Grupo Matizes participou, na \u00faltima sexta-feira (27), da Feira do Livro da Diversidade (FLID), evento organizado pela Avantgarde Produ\u00e7\u00f5es, com apoio do Matizes para a realiza\u00e7\u00e3o. No evento, que aconteceu no Clube dos Di\u00e1rios, a vice coordenadora, Marinalva Santana, foi uma das homenageadas e participou da mesa redonda &#8220;Cultura no enfrentamento da LGBTfobia&#8221;. Na [&hellip;]<\/p>\n","protected":false},"author":2,"featured_media":1005,"comment_status":"open","ping_status":"open","sticky":false,"template":"","format":"standard","meta":{"footnotes":""},"categories":[1],"tags":[],"class_list":["post-1004","post","type-post","status-publish","format-standard","has-post-thumbnail","hentry","category-noticias"],"yoast_head":"<!-- This site is optimized with the Yoast SEO plugin v27.1.1 - https:\/\/yoast.com\/product\/yoast-seo-wordpress\/ -->\n<title>Matizes participa da Feira do Livro da Diversidade - Grupo Matizes - Teresina - Piau\u00ed<\/title>\n<meta name=\"description\" content=\"O Grupo Matizes \u00e9 uma associa\u00e7\u00e3o civil, sem fins lucrativos, fundada em 18 de maio de 2002, cuja miss\u00e3o principal \u00e9 a defesa dos direitos de l\u00e9sbicas, gays, bissexuais, travestis e transexuais (LGBT+). \u00c9 filiado ao Movimento Nacional de Direitos Humanos e ao F\u00f3rum de ONGs\/AIDS do Piau\u00ed. Reconhecido como entidade de utilidade p\u00fablica pela Lei Estadual n\u00ba 5811, de 27 de novembro de 2008. Atualmente, integra os seguintes \u00f3rg\u00e3os colegiados: Conselho Estadual de Defesa dos Direitos Humanos, Conselho Estadual de Direitos de LGBT, Conselho Municipal de Direitos de LGBT e o F\u00f3rum Municipal de Educa\u00e7\u00e3o.O Matizes \u00e9 signat\u00e1rio de algumas representa\u00e7\u00f5es de repercuss\u00e3o geral,\" \/>\n<meta name=\"robots\" content=\"index, follow, max-snippet:-1, max-image-preview:large, max-video-preview:-1\" \/>\n<link rel=\"canonical\" href=\"https:\/\/matizes.org.br\/site\/matizes-participa-da-feira-do-livro-da-diversidade\/\" \/>\n<meta property=\"og:locale\" content=\"pt_BR\" \/>\n<meta property=\"og:type\" content=\"article\" \/>\n<meta property=\"og:title\" content=\"Matizes participa da Feira do Livro da Diversidade - Grupo Matizes - Teresina - Piau\u00ed\" \/>\n<meta property=\"og:description\" content=\"O Grupo Matizes \u00e9 uma associa\u00e7\u00e3o civil, sem fins lucrativos, fundada em 18 de maio de 2002, cuja miss\u00e3o principal \u00e9 a defesa dos direitos de l\u00e9sbicas, gays, bissexuais, travestis e transexuais (LGBT+). \u00c9 filiado ao Movimento Nacional de Direitos Humanos e ao F\u00f3rum de ONGs\/AIDS do Piau\u00ed. Reconhecido como entidade de utilidade p\u00fablica pela Lei Estadual n\u00ba 5811, de 27 de novembro de 2008. Atualmente, integra os seguintes \u00f3rg\u00e3os colegiados: Conselho Estadual de Defesa dos Direitos Humanos, Conselho Estadual de Direitos de LGBT, Conselho Municipal de Direitos de LGBT e o F\u00f3rum Municipal de Educa\u00e7\u00e3o.O Matizes \u00e9 signat\u00e1rio de algumas representa\u00e7\u00f5es de repercuss\u00e3o geral,\" \/>\n<meta property=\"og:url\" content=\"https:\/\/matizes.org.br\/site\/matizes-participa-da-feira-do-livro-da-diversidade\/\" \/>\n<meta property=\"og:site_name\" content=\"Grupo Matizes - Teresina - Piau\u00ed\" \/>\n<meta property=\"article:publisher\" content=\"https:\/\/www.facebook.com\/grupomatizes\/\" \/>\n<meta property=\"article:published_time\" content=\"2022-05-28T19:29:00+00:00\" \/>\n<meta property=\"article:modified_time\" content=\"2022-06-13T19:30:12+00:00\" \/>\n<meta property=\"og:image\" content=\"https:\/\/matizes.org.br\/site\/wp-content\/uploads\/2022\/06\/WhatsApp-Image-2022-05-28-at-10.39.31-e1655148558493.jpeg\" \/>\n\t<meta property=\"og:image:width\" content=\"800\" \/>\n\t<meta property=\"og:image:height\" content=\"533\" \/>\n\t<meta property=\"og:image:type\" content=\"image\/jpeg\" \/>\n<meta name=\"author\" content=\"Assessoria Matizes\" \/>\n<meta name=\"twitter:card\" content=\"summary_large_image\" \/>\n<meta name=\"twitter:label1\" content=\"Escrito por\" \/>\n\t<meta name=\"twitter:data1\" content=\"Assessoria Matizes\" \/>\n\t<meta name=\"twitter:label2\" content=\"Est. tempo de leitura\" \/>\n\t<meta name=\"twitter:data2\" content=\"2 minutos\" \/>\n<script type=\"application\/ld+json\" class=\"yoast-schema-graph\">{\"@context\":\"https:\/\/schema.org\",\"@graph\":[{\"@type\":\"Article\",\"@id\":\"https:\/\/matizes.org.br\/site\/matizes-participa-da-feira-do-livro-da-diversidade\/#article\",\"isPartOf\":{\"@id\":\"https:\/\/matizes.org.br\/site\/matizes-participa-da-feira-do-livro-da-diversidade\/\"},\"author\":{\"name\":\"Assessoria Matizes\",\"@id\":\"https:\/\/matizes.org.br\/site\/#\/schema\/person\/b95a3086d870683e99ecb340cd79118e\"},\"headline\":\"Matizes participa da Feira do Livro da Diversidade\",\"datePublished\":\"2022-05-28T19:29:00+00:00\",\"dateModified\":\"2022-06-13T19:30:12+00:00\",\"mainEntityOfPage\":{\"@id\":\"https:\/\/matizes.org.br\/site\/matizes-participa-da-feira-do-livro-da-diversidade\/\"},\"wordCount\":211,\"commentCount\":0,\"publisher\":{\"@id\":\"https:\/\/matizes.org.br\/site\/#organization\"},\"image\":{\"@id\":\"https:\/\/matizes.org.br\/site\/matizes-participa-da-feira-do-livro-da-diversidade\/#primaryimage\"},\"thumbnailUrl\":\"https:\/\/matizes.org.br\/site\/wp-content\/uploads\/2022\/06\/WhatsApp-Image-2022-05-28-at-10.39.31-e1655148558493.jpeg\",\"articleSection\":[\"Not\u00edcias\"],\"inLanguage\":\"pt-BR\",\"potentialAction\":[{\"@type\":\"CommentAction\",\"name\":\"Comment\",\"target\":[\"https:\/\/matizes.org.br\/site\/matizes-participa-da-feira-do-livro-da-diversidade\/#respond\"]}]},{\"@type\":\"WebPage\",\"@id\":\"https:\/\/matizes.org.br\/site\/matizes-participa-da-feira-do-livro-da-diversidade\/\",\"url\":\"https:\/\/matizes.org.br\/site\/matizes-participa-da-feira-do-livro-da-diversidade\/\",\"name\":\"Matizes participa da Feira do Livro da Diversidade - Grupo Matizes - Teresina - Piau\u00ed\",\"isPartOf\":{\"@id\":\"https:\/\/matizes.org.br\/site\/#website\"},\"primaryImageOfPage\":{\"@id\":\"https:\/\/matizes.org.br\/site\/matizes-participa-da-feira-do-livro-da-diversidade\/#primaryimage\"},\"image\":{\"@id\":\"https:\/\/matizes.org.br\/site\/matizes-participa-da-feira-do-livro-da-diversidade\/#primaryimage\"},\"thumbnailUrl\":\"https:\/\/matizes.org.br\/site\/wp-content\/uploads\/2022\/06\/WhatsApp-Image-2022-05-28-at-10.39.31-e1655148558493.jpeg\",\"datePublished\":\"2022-05-28T19:29:00+00:00\",\"dateModified\":\"2022-06-13T19:30:12+00:00\",\"description\":\"O Grupo Matizes \u00e9 uma associa\u00e7\u00e3o civil, sem fins lucrativos, fundada em 18 de maio de 2002, cuja miss\u00e3o principal \u00e9 a defesa dos direitos de l\u00e9sbicas, gays, bissexuais, travestis e transexuais (LGBT+). \u00c9 filiado ao Movimento Nacional de Direitos Humanos e ao F\u00f3rum de ONGs\/AIDS do Piau\u00ed. Reconhecido como entidade de utilidade p\u00fablica pela Lei Estadual n\u00ba 5811, de 27 de novembro de 2008. Atualmente, integra os seguintes \u00f3rg\u00e3os colegiados: Conselho Estadual de Defesa dos Direitos Humanos, Conselho Estadual de Direitos de LGBT, Conselho Municipal de Direitos de LGBT e o F\u00f3rum Municipal de Educa\u00e7\u00e3o.O Matizes \u00e9 signat\u00e1rio de algumas representa\u00e7\u00f5es de repercuss\u00e3o geral,\",\"breadcrumb\":{\"@id\":\"https:\/\/matizes.org.br\/site\/matizes-participa-da-feira-do-livro-da-diversidade\/#breadcrumb\"},\"inLanguage\":\"pt-BR\",\"potentialAction\":[{\"@type\":\"ReadAction\",\"target\":[\"https:\/\/matizes.org.br\/site\/matizes-participa-da-feira-do-livro-da-diversidade\/\"]}]},{\"@type\":\"ImageObject\",\"inLanguage\":\"pt-BR\",\"@id\":\"https:\/\/matizes.org.br\/site\/matizes-participa-da-feira-do-livro-da-diversidade\/#primaryimage\",\"url\":\"https:\/\/matizes.org.br\/site\/wp-content\/uploads\/2022\/06\/WhatsApp-Image-2022-05-28-at-10.39.31-e1655148558493.jpeg\",\"contentUrl\":\"https:\/\/matizes.org.br\/site\/wp-content\/uploads\/2022\/06\/WhatsApp-Image-2022-05-28-at-10.39.31-e1655148558493.jpeg\",\"width\":800,\"height\":533},{\"@type\":\"BreadcrumbList\",\"@id\":\"https:\/\/matizes.org.br\/site\/matizes-participa-da-feira-do-livro-da-diversidade\/#breadcrumb\",\"itemListElement\":[{\"@type\":\"ListItem\",\"position\":1,\"name\":\"In\u00edcio\",\"item\":\"https:\/\/matizes.org.br\/site\/\"},{\"@type\":\"ListItem\",\"position\":2,\"name\":\"Matizes participa da Feira do Livro da Diversidade\"}]},{\"@type\":\"WebSite\",\"@id\":\"https:\/\/matizes.org.br\/site\/#website\",\"url\":\"https:\/\/matizes.org.br\/site\/\",\"name\":\"Grupo Matizes - Teresina - Piau\u00ed\",\"description\":\"Pela livre express\u00e3o sexual\",\"publisher\":{\"@id\":\"https:\/\/matizes.org.br\/site\/#organization\"},\"potentialAction\":[{\"@type\":\"SearchAction\",\"target\":{\"@type\":\"EntryPoint\",\"urlTemplate\":\"https:\/\/matizes.org.br\/site\/?s={search_term_string}\"},\"query-input\":{\"@type\":\"PropertyValueSpecification\",\"valueRequired\":true,\"valueName\":\"search_term_string\"}}],\"inLanguage\":\"pt-BR\"},{\"@type\":\"Organization\",\"@id\":\"https:\/\/matizes.org.br\/site\/#organization\",\"name\":\"Grupo Matizes - Pela livre express\u00e3o sexual\",\"url\":\"https:\/\/matizes.org.br\/site\/\",\"logo\":{\"@type\":\"ImageObject\",\"inLanguage\":\"pt-BR\",\"@id\":\"https:\/\/matizes.org.br\/site\/#\/schema\/logo\/image\/\",\"url\":\"https:\/\/matizes.org.br\/site\/wp-content\/uploads\/2021\/10\/matizes-logo-site.png\",\"contentUrl\":\"https:\/\/matizes.org.br\/site\/wp-content\/uploads\/2021\/10\/matizes-logo-site.png\",\"width\":460,\"height\":123,\"caption\":\"Grupo Matizes - Pela livre express\u00e3o sexual\"},\"image\":{\"@id\":\"https:\/\/matizes.org.br\/site\/#\/schema\/logo\/image\/\"},\"sameAs\":[\"https:\/\/www.facebook.com\/grupomatizes\/\",\"https:\/\/www.instagram.com\/matizesteresina\/\",\"https:\/\/www.youtube.com\/user\/matizes1000\/videos\"]},{\"@type\":\"Person\",\"@id\":\"https:\/\/matizes.org.br\/site\/#\/schema\/person\/b95a3086d870683e99ecb340cd79118e\",\"name\":\"Assessoria Matizes\",\"image\":{\"@type\":\"ImageObject\",\"inLanguage\":\"pt-BR\",\"@id\":\"https:\/\/matizes.org.br\/site\/#\/schema\/person\/image\/\",\"url\":\"https:\/\/secure.gravatar.com\/avatar\/787e5ffefea0fc2f39104448d518cc9a2501158acc4fd8746b813eae27f48921?s=96&d=mm&r=g\",\"contentUrl\":\"https:\/\/secure.gravatar.com\/avatar\/787e5ffefea0fc2f39104448d518cc9a2501158acc4fd8746b813eae27f48921?s=96&d=mm&r=g\",\"caption\":\"Assessoria Matizes\"},\"sameAs\":[\"https:\/\/matizes.org.br\"]}]}<\/script>\n<!-- \/ Yoast SEO plugin. -->","yoast_head_json":{"title":"Matizes participa da Feira do Livro da Diversidade - Grupo Matizes - Teresina - Piau\u00ed","description":"O Grupo Matizes \u00e9 uma associa\u00e7\u00e3o civil, sem fins lucrativos, fundada em 18 de maio de 2002, cuja miss\u00e3o principal \u00e9 a defesa dos direitos de l\u00e9sbicas, gays, bissexuais, travestis e transexuais (LGBT+). \u00c9 filiado ao Movimento Nacional de Direitos Humanos e ao F\u00f3rum de ONGs\/AIDS do Piau\u00ed. Reconhecido como entidade de utilidade p\u00fablica pela Lei Estadual n\u00ba 5811, de 27 de novembro de 2008. Atualmente, integra os seguintes \u00f3rg\u00e3os colegiados: Conselho Estadual de Defesa dos Direitos Humanos, Conselho Estadual de Direitos de LGBT, Conselho Municipal de Direitos de LGBT e o F\u00f3rum Municipal de Educa\u00e7\u00e3o.O Matizes \u00e9 signat\u00e1rio de algumas representa\u00e7\u00f5es de repercuss\u00e3o geral,","robots":{"index":"index","follow":"follow","max-snippet":"max-snippet:-1","max-image-preview":"max-image-preview:large","max-video-preview":"max-video-preview:-1"},"canonical":"https:\/\/matizes.org.br\/site\/matizes-participa-da-feira-do-livro-da-diversidade\/","og_locale":"pt_BR","og_type":"article","og_title":"Matizes participa da Feira do Livro da Diversidade - Grupo Matizes - Teresina - Piau\u00ed","og_description":"O Grupo Matizes \u00e9 uma associa\u00e7\u00e3o civil, sem fins lucrativos, fundada em 18 de maio de 2002, cuja miss\u00e3o principal \u00e9 a defesa dos direitos de l\u00e9sbicas, gays, bissexuais, travestis e transexuais (LGBT+). \u00c9 filiado ao Movimento Nacional de Direitos Humanos e ao F\u00f3rum de ONGs\/AIDS do Piau\u00ed. Reconhecido como entidade de utilidade p\u00fablica pela Lei Estadual n\u00ba 5811, de 27 de novembro de 2008. Atualmente, integra os seguintes \u00f3rg\u00e3os colegiados: Conselho Estadual de Defesa dos Direitos Humanos, Conselho Estadual de Direitos de LGBT, Conselho Municipal de Direitos de LGBT e o F\u00f3rum Municipal de Educa\u00e7\u00e3o.O Matizes \u00e9 signat\u00e1rio de algumas representa\u00e7\u00f5es de repercuss\u00e3o geral,","og_url":"https:\/\/matizes.org.br\/site\/matizes-participa-da-feira-do-livro-da-diversidade\/","og_site_name":"Grupo Matizes - Teresina - Piau\u00ed","article_publisher":"https:\/\/www.facebook.com\/grupomatizes\/","article_published_time":"2022-05-28T19:29:00+00:00","article_modified_time":"2022-06-13T19:30:12+00:00","og_image":[{"width":800,"height":533,"url":"https:\/\/matizes.org.br\/site\/wp-content\/uploads\/2022\/06\/WhatsApp-Image-2022-05-28-at-10.39.31-e1655148558493.jpeg","type":"image\/jpeg"}],"author":"Assessoria Matizes","twitter_card":"summary_large_image","twitter_misc":{"Escrito por":"Assessoria Matizes","Est. tempo de leitura":"2 minutos"},"schema":{"@context":"https:\/\/schema.org","@graph":[{"@type":"Article","@id":"https:\/\/matizes.org.br\/site\/matizes-participa-da-feira-do-livro-da-diversidade\/#article","isPartOf":{"@id":"https:\/\/matizes.org.br\/site\/matizes-participa-da-feira-do-livro-da-diversidade\/"},"author":{"name":"Assessoria Matizes","@id":"https:\/\/matizes.org.br\/site\/#\/schema\/person\/b95a3086d870683e99ecb340cd79118e"},"headline":"Matizes participa da Feira do Livro da Diversidade","datePublished":"2022-05-28T19:29:00+00:00","dateModified":"2022-06-13T19:30:12+00:00","mainEntityOfPage":{"@id":"https:\/\/matizes.org.br\/site\/matizes-participa-da-feira-do-livro-da-diversidade\/"},"wordCount":211,"commentCount":0,"publisher":{"@id":"https:\/\/matizes.org.br\/site\/#organization"},"image":{"@id":"https:\/\/matizes.org.br\/site\/matizes-participa-da-feira-do-livro-da-diversidade\/#primaryimage"},"thumbnailUrl":"https:\/\/matizes.org.br\/site\/wp-content\/uploads\/2022\/06\/WhatsApp-Image-2022-05-28-at-10.39.31-e1655148558493.jpeg","articleSection":["Not\u00edcias"],"inLanguage":"pt-BR","potentialAction":[{"@type":"CommentAction","name":"Comment","target":["https:\/\/matizes.org.br\/site\/matizes-participa-da-feira-do-livro-da-diversidade\/#respond"]}]},{"@type":"WebPage","@id":"https:\/\/matizes.org.br\/site\/matizes-participa-da-feira-do-livro-da-diversidade\/","url":"https:\/\/matizes.org.br\/site\/matizes-participa-da-feira-do-livro-da-diversidade\/","name":"Matizes participa da Feira do Livro da Diversidade - Grupo Matizes - Teresina - Piau\u00ed","isPartOf":{"@id":"https:\/\/matizes.org.br\/site\/#website"},"primaryImageOfPage":{"@id":"https:\/\/matizes.org.br\/site\/matizes-participa-da-feira-do-livro-da-diversidade\/#primaryimage"},"image":{"@id":"https:\/\/matizes.org.br\/site\/matizes-participa-da-feira-do-livro-da-diversidade\/#primaryimage"},"thumbnailUrl":"https:\/\/matizes.org.br\/site\/wp-content\/uploads\/2022\/06\/WhatsApp-Image-2022-05-28-at-10.39.31-e1655148558493.jpeg","datePublished":"2022-05-28T19:29:00+00:00","dateModified":"2022-06-13T19:30:12+00:00","description":"O Grupo Matizes \u00e9 uma associa\u00e7\u00e3o civil, sem fins lucrativos, fundada em 18 de maio de 2002, cuja miss\u00e3o principal \u00e9 a defesa dos direitos de l\u00e9sbicas, gays, bissexuais, travestis e transexuais (LGBT+). \u00c9 filiado ao Movimento Nacional de Direitos Humanos e ao F\u00f3rum de ONGs\/AIDS do Piau\u00ed. Reconhecido como entidade de utilidade p\u00fablica pela Lei Estadual n\u00ba 5811, de 27 de novembro de 2008. Atualmente, integra os seguintes \u00f3rg\u00e3os colegiados: Conselho Estadual de Defesa dos Direitos Humanos, Conselho Estadual de Direitos de LGBT, Conselho Municipal de Direitos de LGBT e o F\u00f3rum Municipal de Educa\u00e7\u00e3o.O Matizes \u00e9 signat\u00e1rio de algumas representa\u00e7\u00f5es de repercuss\u00e3o geral,","breadcrumb":{"@id":"https:\/\/matizes.org.br\/site\/matizes-participa-da-feira-do-livro-da-diversidade\/#breadcrumb"},"inLanguage":"pt-BR","potentialAction":[{"@type":"ReadAction","target":["https:\/\/matizes.org.br\/site\/matizes-participa-da-feira-do-livro-da-diversidade\/"]}]},{"@type":"ImageObject","inLanguage":"pt-BR","@id":"https:\/\/matizes.org.br\/site\/matizes-participa-da-feira-do-livro-da-diversidade\/#primaryimage","url":"https:\/\/matizes.org.br\/site\/wp-content\/uploads\/2022\/06\/WhatsApp-Image-2022-05-28-at-10.39.31-e1655148558493.jpeg","contentUrl":"https:\/\/matizes.org.br\/site\/wp-content\/uploads\/2022\/06\/WhatsApp-Image-2022-05-28-at-10.39.31-e1655148558493.jpeg","width":800,"height":533},{"@type":"BreadcrumbList","@id":"https:\/\/matizes.org.br\/site\/matizes-participa-da-feira-do-livro-da-diversidade\/#breadcrumb","itemListElement":[{"@type":"ListItem","position":1,"name":"In\u00edcio","item":"https:\/\/matizes.org.br\/site\/"},{"@type":"ListItem","position":2,"name":"Matizes participa da Feira do Livro da Diversidade"}]},{"@type":"WebSite","@id":"https:\/\/matizes.org.br\/site\/#website","url":"https:\/\/matizes.org.br\/site\/","name":"Grupo Matizes - Teresina - Piau\u00ed","description":"Pela livre express\u00e3o sexual","publisher":{"@id":"https:\/\/matizes.org.br\/site\/#organization"},"potentialAction":[{"@type":"SearchAction","target":{"@type":"EntryPoint","urlTemplate":"https:\/\/matizes.org.br\/site\/?s={search_term_string}"},"query-input":{"@type":"PropertyValueSpecification","valueRequired":true,"valueName":"search_term_string"}}],"inLanguage":"pt-BR"},{"@type":"Organization","@id":"https:\/\/matizes.org.br\/site\/#organization","name":"Grupo Matizes - Pela livre express\u00e3o sexual","url":"https:\/\/matizes.org.br\/site\/","logo":{"@type":"ImageObject","inLanguage":"pt-BR","@id":"https:\/\/matizes.org.br\/site\/#\/schema\/logo\/image\/","url":"https:\/\/matizes.org.br\/site\/wp-content\/uploads\/2021\/10\/matizes-logo-site.png","contentUrl":"https:\/\/matizes.org.br\/site\/wp-content\/uploads\/2021\/10\/matizes-logo-site.png","width":460,"height":123,"caption":"Grupo Matizes - Pela livre express\u00e3o sexual"},"image":{"@id":"https:\/\/matizes.org.br\/site\/#\/schema\/logo\/image\/"},"sameAs":["https:\/\/www.facebook.com\/grupomatizes\/","https:\/\/www.instagram.com\/matizesteresina\/","https:\/\/www.youtube.com\/user\/matizes1000\/videos"]},{"@type":"Person","@id":"https:\/\/matizes.org.br\/site\/#\/schema\/person\/b95a3086d870683e99ecb340cd79118e","name":"Assessoria Matizes","image":{"@type":"ImageObject","inLanguage":"pt-BR","@id":"https:\/\/matizes.org.br\/site\/#\/schema\/person\/image\/","url":"https:\/\/secure.gravatar.com\/avatar\/787e5ffefea0fc2f39104448d518cc9a2501158acc4fd8746b813eae27f48921?s=96&d=mm&r=g","contentUrl":"https:\/\/secure.gravatar.com\/avatar\/787e5ffefea0fc2f39104448d518cc9a2501158acc4fd8746b813eae27f48921?s=96&d=mm&r=g","caption":"Assessoria Matizes"},"sameAs":["https:\/\/matizes.org.br"]}]}},"_links":{"self":[{"href":"https:\/\/matizes.org.br\/site\/wp-json\/wp\/v2\/posts\/1004","targetHints":{"allow":["GET"]}}],"collection":[{"href":"https:\/\/matizes.org.br\/site\/wp-json\/wp\/v2\/posts"}],"about":[{"href":"https:\/\/matizes.org.br\/site\/wp-json\/wp\/v2\/types\/post"}],"author":[{"embeddable":true,"href":"https:\/\/matizes.org.br\/site\/wp-json\/wp\/v2\/users\/2"}],"replies":[{"embeddable":true,"href":"https:\/\/matizes.org.br\/site\/wp-json\/wp\/v2\/comments?post=1004"}],"version-history":[{"count":1,"href":"https:\/\/matizes.org.br\/site\/wp-json\/wp\/v2\/posts\/1004\/revisions"}],"predecessor-version":[{"id":1006,"href":"https:\/\/matizes.org.br\/site\/wp-json\/wp\/v2\/posts\/1004\/revisions\/1006"}],"wp:featuredmedia":[{"embeddable":true,"href":"https:\/\/matizes.org.br\/site\/wp-json\/wp\/v2\/media\/1005"}],"wp:attachment":[{"href":"https:\/\/matizes.org.br\/site\/wp-json\/wp\/v2\/media?parent=1004"}],"wp:term":[{"taxonomy":"category","embeddable":true,"href":"https:\/\/matizes.org.br\/site\/wp-json\/wp\/v2\/categories?post=1004"},{"taxonomy":"post_tag","embeddable":true,"href":"https:\/\/matizes.org.br\/site\/wp-json\/wp\/v2\/tags?post=1004"}],"curies":[{"name":"wp","href":"https:\/\/api.w.org\/{rel}","templated":true}]}}