{"id":1020,"date":"2022-06-25T09:56:25","date_gmt":"2022-06-25T12:56:25","guid":{"rendered":"https:\/\/matizes.org.br\/site\/?p=1020"},"modified":"2022-06-25T09:56:27","modified_gmt":"2022-06-25T12:56:27","slug":"grupo-matizes-realiza-ato-de-orgulho-lgbtqia-na-frei-serafim-na-proxima-terca-28","status":"publish","type":"post","link":"https:\/\/matizes.org.br\/site\/grupo-matizes-realiza-ato-de-orgulho-lgbtqia-na-frei-serafim-na-proxima-terca-28\/","title":{"rendered":"Grupo Matizes realiza ato de Orgulho LGBTQIA+ na Frei Serafim na pr\u00f3xima ter\u00e7a (28)"},"content":{"rendered":"\n<p><\/p>\n\n\n\n<p>O Grupo Matizes realizar\u00e1, na pr\u00f3xima ter\u00e7a-feira (28), \u00e0s 16h, o Arrasta p\u00e9 Orgulho LGBTQIA+, no passeio da avenida Frei Serafim. O ato ser\u00e1 uma caminhada com concentra\u00e7\u00e3o em frente ao Convento S\u00e3o Benedito, que seguir\u00e1 at\u00e9 o cruzamento com a avenida Coelho de Resende.<\/p>\n\n\n\n<p>&#8220;Ser\u00e1 um evento em clima de tradi\u00e7\u00f5es nordestinas. Convidamos a todos para celebrar o M\u00eas do Orgulho com uma celebra\u00e7\u00e3o junina e, ao mesmo tempo, refor\u00e7ar a nossa luta por direitos&#8221;, frisa a vice-coordenadora do Matizes, Marinalva Santana.<\/p>\n\n\n\n<p>O Matizes, que completa 20 anos, tamb\u00e9m vem realizando a\u00e7\u00f5es pela empregabilidade de pessoas LGBTQIA+, como o Selo Territ\u00f3rio Livre de LGBTQI+fobia para empresas, aprovado na C\u00e2mara Municipal.<\/p>\n\n\n\n<p>&#8220;Nossas principais lutas, este ano, s\u00e3o pela inclus\u00e3o LGBTQIA+ no mercado de trabalho e a conscientiza\u00e7\u00e3o pelo voto em quem defenda nossas bandeiras, nas elei\u00e7\u00f5es. Esse ser\u00e1, inclusive, o foco da Semana do Orgulho de Ser, principal a\u00e7\u00e3o do calend\u00e1rio anual do Matizes&#8221;, enfatiza Marinalva Santana.<\/p>\n","protected":false},"excerpt":{"rendered":"<p>O Grupo Matizes realizar\u00e1, na pr\u00f3xima ter\u00e7a-feira (28), \u00e0s 16h, o Arrasta p\u00e9 Orgulho LGBTQIA+, no passeio da avenida Frei Serafim. O ato ser\u00e1 uma caminhada com concentra\u00e7\u00e3o em frente ao Convento S\u00e3o Benedito, que seguir\u00e1 at\u00e9 o cruzamento com a avenida Coelho de Resende. &#8220;Ser\u00e1 um evento em clima de tradi\u00e7\u00f5es nordestinas. Convidamos a [&hellip;]<\/p>\n","protected":false},"author":2,"featured_media":1021,"comment_status":"open","ping_status":"open","sticky":false,"template":"","format":"standard","meta":{"footnotes":""},"categories":[1],"tags":[],"class_list":["post-1020","post","type-post","status-publish","format-standard","has-post-thumbnail","hentry","category-noticias"],"yoast_head":"<!-- This site is optimized with the Yoast SEO plugin v27.1.1 - https:\/\/yoast.com\/product\/yoast-seo-wordpress\/ -->\n<title>Grupo Matizes realiza ato de Orgulho LGBTQIA+ na Frei Serafim na pr\u00f3xima ter\u00e7a (28) - Grupo Matizes - Teresina - Piau\u00ed<\/title>\n<meta name=\"description\" content=\"O Grupo Matizes \u00e9 uma associa\u00e7\u00e3o civil, sem fins lucrativos, fundada em 18 de maio de 2002, cuja miss\u00e3o principal \u00e9 a defesa dos direitos de l\u00e9sbicas, gays, bissexuais, travestis e transexuais (LGBT+). \u00c9 filiado ao Movimento Nacional de Direitos Humanos e ao F\u00f3rum de ONGs\/AIDS do Piau\u00ed. Reconhecido como entidade de utilidade p\u00fablica pela Lei Estadual n\u00ba 5811, de 27 de novembro de 2008. Atualmente, integra os seguintes \u00f3rg\u00e3os colegiados: Conselho Estadual de Defesa dos Direitos Humanos, Conselho Estadual de Direitos de LGBT, Conselho Municipal de Direitos de LGBT e o F\u00f3rum Municipal de Educa\u00e7\u00e3o.O Matizes \u00e9 signat\u00e1rio de algumas representa\u00e7\u00f5es de repercuss\u00e3o geral,\" \/>\n<meta name=\"robots\" content=\"index, follow, max-snippet:-1, max-image-preview:large, max-video-preview:-1\" \/>\n<link rel=\"canonical\" href=\"https:\/\/matizes.org.br\/site\/grupo-matizes-realiza-ato-de-orgulho-lgbtqia-na-frei-serafim-na-proxima-terca-28\/\" \/>\n<meta property=\"og:locale\" content=\"pt_BR\" \/>\n<meta property=\"og:type\" content=\"article\" \/>\n<meta property=\"og:title\" content=\"Grupo Matizes realiza ato de Orgulho LGBTQIA+ na Frei Serafim na pr\u00f3xima ter\u00e7a (28) - Grupo Matizes - Teresina - Piau\u00ed\" \/>\n<meta property=\"og:description\" content=\"O Grupo Matizes \u00e9 uma associa\u00e7\u00e3o civil, sem fins lucrativos, fundada em 18 de maio de 2002, cuja miss\u00e3o principal \u00e9 a defesa dos direitos de l\u00e9sbicas, gays, bissexuais, travestis e transexuais (LGBT+). \u00c9 filiado ao Movimento Nacional de Direitos Humanos e ao F\u00f3rum de ONGs\/AIDS do Piau\u00ed. Reconhecido como entidade de utilidade p\u00fablica pela Lei Estadual n\u00ba 5811, de 27 de novembro de 2008. Atualmente, integra os seguintes \u00f3rg\u00e3os colegiados: Conselho Estadual de Defesa dos Direitos Humanos, Conselho Estadual de Direitos de LGBT, Conselho Municipal de Direitos de LGBT e o F\u00f3rum Municipal de Educa\u00e7\u00e3o.O Matizes \u00e9 signat\u00e1rio de algumas representa\u00e7\u00f5es de repercuss\u00e3o geral,\" \/>\n<meta property=\"og:url\" content=\"https:\/\/matizes.org.br\/site\/grupo-matizes-realiza-ato-de-orgulho-lgbtqia-na-frei-serafim-na-proxima-terca-28\/\" \/>\n<meta property=\"og:site_name\" content=\"Grupo Matizes - Teresina - Piau\u00ed\" \/>\n<meta property=\"article:publisher\" content=\"https:\/\/www.facebook.com\/grupomatizes\/\" \/>\n<meta property=\"article:published_time\" content=\"2022-06-25T12:56:25+00:00\" \/>\n<meta property=\"article:modified_time\" content=\"2022-06-25T12:56:27+00:00\" \/>\n<meta property=\"og:image\" content=\"https:\/\/matizes.org.br\/site\/wp-content\/uploads\/2022\/06\/WhatsApp-Image-2022-06-24-at-09.39.47-e1656161753964.jpeg\" \/>\n\t<meta property=\"og:image:width\" content=\"800\" \/>\n\t<meta property=\"og:image:height\" content=\"578\" \/>\n\t<meta property=\"og:image:type\" content=\"image\/jpeg\" \/>\n<meta name=\"author\" content=\"Assessoria Matizes\" \/>\n<meta name=\"twitter:card\" content=\"summary_large_image\" \/>\n<meta name=\"twitter:label1\" content=\"Escrito por\" \/>\n\t<meta name=\"twitter:data1\" content=\"Assessoria Matizes\" \/>\n\t<meta name=\"twitter:label2\" content=\"Est. tempo de leitura\" \/>\n\t<meta name=\"twitter:data2\" content=\"1 minuto\" \/>\n<script type=\"application\/ld+json\" class=\"yoast-schema-graph\">{\"@context\":\"https:\/\/schema.org\",\"@graph\":[{\"@type\":\"Article\",\"@id\":\"https:\/\/matizes.org.br\/site\/grupo-matizes-realiza-ato-de-orgulho-lgbtqia-na-frei-serafim-na-proxima-terca-28\/#article\",\"isPartOf\":{\"@id\":\"https:\/\/matizes.org.br\/site\/grupo-matizes-realiza-ato-de-orgulho-lgbtqia-na-frei-serafim-na-proxima-terca-28\/\"},\"author\":{\"name\":\"Assessoria Matizes\",\"@id\":\"https:\/\/matizes.org.br\/site\/#\/schema\/person\/b95a3086d870683e99ecb340cd79118e\"},\"headline\":\"Grupo Matizes realiza ato de Orgulho LGBTQIA+ na Frei Serafim na pr\u00f3xima ter\u00e7a (28)\",\"datePublished\":\"2022-06-25T12:56:25+00:00\",\"dateModified\":\"2022-06-25T12:56:27+00:00\",\"mainEntityOfPage\":{\"@id\":\"https:\/\/matizes.org.br\/site\/grupo-matizes-realiza-ato-de-orgulho-lgbtqia-na-frei-serafim-na-proxima-terca-28\/\"},\"wordCount\":189,\"commentCount\":0,\"publisher\":{\"@id\":\"https:\/\/matizes.org.br\/site\/#organization\"},\"image\":{\"@id\":\"https:\/\/matizes.org.br\/site\/grupo-matizes-realiza-ato-de-orgulho-lgbtqia-na-frei-serafim-na-proxima-terca-28\/#primaryimage\"},\"thumbnailUrl\":\"https:\/\/matizes.org.br\/site\/wp-content\/uploads\/2022\/06\/WhatsApp-Image-2022-06-24-at-09.39.47-e1656161753964.jpeg\",\"articleSection\":[\"Not\u00edcias\"],\"inLanguage\":\"pt-BR\",\"potentialAction\":[{\"@type\":\"CommentAction\",\"name\":\"Comment\",\"target\":[\"https:\/\/matizes.org.br\/site\/grupo-matizes-realiza-ato-de-orgulho-lgbtqia-na-frei-serafim-na-proxima-terca-28\/#respond\"]}]},{\"@type\":\"WebPage\",\"@id\":\"https:\/\/matizes.org.br\/site\/grupo-matizes-realiza-ato-de-orgulho-lgbtqia-na-frei-serafim-na-proxima-terca-28\/\",\"url\":\"https:\/\/matizes.org.br\/site\/grupo-matizes-realiza-ato-de-orgulho-lgbtqia-na-frei-serafim-na-proxima-terca-28\/\",\"name\":\"Grupo Matizes realiza ato de Orgulho LGBTQIA+ na Frei Serafim na pr\u00f3xima ter\u00e7a (28) - Grupo Matizes - Teresina - Piau\u00ed\",\"isPartOf\":{\"@id\":\"https:\/\/matizes.org.br\/site\/#website\"},\"primaryImageOfPage\":{\"@id\":\"https:\/\/matizes.org.br\/site\/grupo-matizes-realiza-ato-de-orgulho-lgbtqia-na-frei-serafim-na-proxima-terca-28\/#primaryimage\"},\"image\":{\"@id\":\"https:\/\/matizes.org.br\/site\/grupo-matizes-realiza-ato-de-orgulho-lgbtqia-na-frei-serafim-na-proxima-terca-28\/#primaryimage\"},\"thumbnailUrl\":\"https:\/\/matizes.org.br\/site\/wp-content\/uploads\/2022\/06\/WhatsApp-Image-2022-06-24-at-09.39.47-e1656161753964.jpeg\",\"datePublished\":\"2022-06-25T12:56:25+00:00\",\"dateModified\":\"2022-06-25T12:56:27+00:00\",\"description\":\"O Grupo Matizes \u00e9 uma associa\u00e7\u00e3o civil, sem fins lucrativos, fundada em 18 de maio de 2002, cuja miss\u00e3o principal \u00e9 a defesa dos direitos de l\u00e9sbicas, gays, bissexuais, travestis e transexuais (LGBT+). \u00c9 filiado ao Movimento Nacional de Direitos Humanos e ao F\u00f3rum de ONGs\/AIDS do Piau\u00ed. Reconhecido como entidade de utilidade p\u00fablica pela Lei Estadual n\u00ba 5811, de 27 de novembro de 2008. Atualmente, integra os seguintes \u00f3rg\u00e3os colegiados: Conselho Estadual de Defesa dos Direitos Humanos, Conselho Estadual de Direitos de LGBT, Conselho Municipal de Direitos de LGBT e o F\u00f3rum Municipal de Educa\u00e7\u00e3o.O Matizes \u00e9 signat\u00e1rio de algumas representa\u00e7\u00f5es de repercuss\u00e3o geral,\",\"breadcrumb\":{\"@id\":\"https:\/\/matizes.org.br\/site\/grupo-matizes-realiza-ato-de-orgulho-lgbtqia-na-frei-serafim-na-proxima-terca-28\/#breadcrumb\"},\"inLanguage\":\"pt-BR\",\"potentialAction\":[{\"@type\":\"ReadAction\",\"target\":[\"https:\/\/matizes.org.br\/site\/grupo-matizes-realiza-ato-de-orgulho-lgbtqia-na-frei-serafim-na-proxima-terca-28\/\"]}]},{\"@type\":\"ImageObject\",\"inLanguage\":\"pt-BR\",\"@id\":\"https:\/\/matizes.org.br\/site\/grupo-matizes-realiza-ato-de-orgulho-lgbtqia-na-frei-serafim-na-proxima-terca-28\/#primaryimage\",\"url\":\"https:\/\/matizes.org.br\/site\/wp-content\/uploads\/2022\/06\/WhatsApp-Image-2022-06-24-at-09.39.47-e1656161753964.jpeg\",\"contentUrl\":\"https:\/\/matizes.org.br\/site\/wp-content\/uploads\/2022\/06\/WhatsApp-Image-2022-06-24-at-09.39.47-e1656161753964.jpeg\",\"width\":800,\"height\":578},{\"@type\":\"BreadcrumbList\",\"@id\":\"https:\/\/matizes.org.br\/site\/grupo-matizes-realiza-ato-de-orgulho-lgbtqia-na-frei-serafim-na-proxima-terca-28\/#breadcrumb\",\"itemListElement\":[{\"@type\":\"ListItem\",\"position\":1,\"name\":\"In\u00edcio\",\"item\":\"https:\/\/matizes.org.br\/site\/\"},{\"@type\":\"ListItem\",\"position\":2,\"name\":\"Grupo Matizes realiza ato de Orgulho LGBTQIA+ na Frei Serafim na pr\u00f3xima ter\u00e7a (28)\"}]},{\"@type\":\"WebSite\",\"@id\":\"https:\/\/matizes.org.br\/site\/#website\",\"url\":\"https:\/\/matizes.org.br\/site\/\",\"name\":\"Grupo Matizes - Teresina - Piau\u00ed\",\"description\":\"Pela livre express\u00e3o sexual\",\"publisher\":{\"@id\":\"https:\/\/matizes.org.br\/site\/#organization\"},\"potentialAction\":[{\"@type\":\"SearchAction\",\"target\":{\"@type\":\"EntryPoint\",\"urlTemplate\":\"https:\/\/matizes.org.br\/site\/?s={search_term_string}\"},\"query-input\":{\"@type\":\"PropertyValueSpecification\",\"valueRequired\":true,\"valueName\":\"search_term_string\"}}],\"inLanguage\":\"pt-BR\"},{\"@type\":\"Organization\",\"@id\":\"https:\/\/matizes.org.br\/site\/#organization\",\"name\":\"Grupo Matizes - Pela livre express\u00e3o sexual\",\"url\":\"https:\/\/matizes.org.br\/site\/\",\"logo\":{\"@type\":\"ImageObject\",\"inLanguage\":\"pt-BR\",\"@id\":\"https:\/\/matizes.org.br\/site\/#\/schema\/logo\/image\/\",\"url\":\"https:\/\/matizes.org.br\/site\/wp-content\/uploads\/2021\/10\/matizes-logo-site.png\",\"contentUrl\":\"https:\/\/matizes.org.br\/site\/wp-content\/uploads\/2021\/10\/matizes-logo-site.png\",\"width\":460,\"height\":123,\"caption\":\"Grupo Matizes - Pela livre express\u00e3o sexual\"},\"image\":{\"@id\":\"https:\/\/matizes.org.br\/site\/#\/schema\/logo\/image\/\"},\"sameAs\":[\"https:\/\/www.facebook.com\/grupomatizes\/\",\"https:\/\/www.instagram.com\/matizesteresina\/\",\"https:\/\/www.youtube.com\/user\/matizes1000\/videos\"]},{\"@type\":\"Person\",\"@id\":\"https:\/\/matizes.org.br\/site\/#\/schema\/person\/b95a3086d870683e99ecb340cd79118e\",\"name\":\"Assessoria Matizes\",\"image\":{\"@type\":\"ImageObject\",\"inLanguage\":\"pt-BR\",\"@id\":\"https:\/\/matizes.org.br\/site\/#\/schema\/person\/image\/\",\"url\":\"https:\/\/secure.gravatar.com\/avatar\/787e5ffefea0fc2f39104448d518cc9a2501158acc4fd8746b813eae27f48921?s=96&d=mm&r=g\",\"contentUrl\":\"https:\/\/secure.gravatar.com\/avatar\/787e5ffefea0fc2f39104448d518cc9a2501158acc4fd8746b813eae27f48921?s=96&d=mm&r=g\",\"caption\":\"Assessoria Matizes\"},\"sameAs\":[\"https:\/\/matizes.org.br\"]}]}<\/script>\n<!-- \/ Yoast SEO plugin. -->","yoast_head_json":{"title":"Grupo Matizes realiza ato de Orgulho LGBTQIA+ na Frei Serafim na pr\u00f3xima ter\u00e7a (28) - Grupo Matizes - Teresina - Piau\u00ed","description":"O Grupo Matizes \u00e9 uma associa\u00e7\u00e3o civil, sem fins lucrativos, fundada em 18 de maio de 2002, cuja miss\u00e3o principal \u00e9 a defesa dos direitos de l\u00e9sbicas, gays, bissexuais, travestis e transexuais (LGBT+). \u00c9 filiado ao Movimento Nacional de Direitos Humanos e ao F\u00f3rum de ONGs\/AIDS do Piau\u00ed. Reconhecido como entidade de utilidade p\u00fablica pela Lei Estadual n\u00ba 5811, de 27 de novembro de 2008. Atualmente, integra os seguintes \u00f3rg\u00e3os colegiados: Conselho Estadual de Defesa dos Direitos Humanos, Conselho Estadual de Direitos de LGBT, Conselho Municipal de Direitos de LGBT e o F\u00f3rum Municipal de Educa\u00e7\u00e3o.O Matizes \u00e9 signat\u00e1rio de algumas representa\u00e7\u00f5es de repercuss\u00e3o geral,","robots":{"index":"index","follow":"follow","max-snippet":"max-snippet:-1","max-image-preview":"max-image-preview:large","max-video-preview":"max-video-preview:-1"},"canonical":"https:\/\/matizes.org.br\/site\/grupo-matizes-realiza-ato-de-orgulho-lgbtqia-na-frei-serafim-na-proxima-terca-28\/","og_locale":"pt_BR","og_type":"article","og_title":"Grupo Matizes realiza ato de Orgulho LGBTQIA+ na Frei Serafim na pr\u00f3xima ter\u00e7a (28) - Grupo Matizes - Teresina - Piau\u00ed","og_description":"O Grupo Matizes \u00e9 uma associa\u00e7\u00e3o civil, sem fins lucrativos, fundada em 18 de maio de 2002, cuja miss\u00e3o principal \u00e9 a defesa dos direitos de l\u00e9sbicas, gays, bissexuais, travestis e transexuais (LGBT+). \u00c9 filiado ao Movimento Nacional de Direitos Humanos e ao F\u00f3rum de ONGs\/AIDS do Piau\u00ed. Reconhecido como entidade de utilidade p\u00fablica pela Lei Estadual n\u00ba 5811, de 27 de novembro de 2008. Atualmente, integra os seguintes \u00f3rg\u00e3os colegiados: Conselho Estadual de Defesa dos Direitos Humanos, Conselho Estadual de Direitos de LGBT, Conselho Municipal de Direitos de LGBT e o F\u00f3rum Municipal de Educa\u00e7\u00e3o.O Matizes \u00e9 signat\u00e1rio de algumas representa\u00e7\u00f5es de repercuss\u00e3o geral,","og_url":"https:\/\/matizes.org.br\/site\/grupo-matizes-realiza-ato-de-orgulho-lgbtqia-na-frei-serafim-na-proxima-terca-28\/","og_site_name":"Grupo Matizes - Teresina - Piau\u00ed","article_publisher":"https:\/\/www.facebook.com\/grupomatizes\/","article_published_time":"2022-06-25T12:56:25+00:00","article_modified_time":"2022-06-25T12:56:27+00:00","og_image":[{"width":800,"height":578,"url":"https:\/\/matizes.org.br\/site\/wp-content\/uploads\/2022\/06\/WhatsApp-Image-2022-06-24-at-09.39.47-e1656161753964.jpeg","type":"image\/jpeg"}],"author":"Assessoria Matizes","twitter_card":"summary_large_image","twitter_misc":{"Escrito por":"Assessoria Matizes","Est. tempo de leitura":"1 minuto"},"schema":{"@context":"https:\/\/schema.org","@graph":[{"@type":"Article","@id":"https:\/\/matizes.org.br\/site\/grupo-matizes-realiza-ato-de-orgulho-lgbtqia-na-frei-serafim-na-proxima-terca-28\/#article","isPartOf":{"@id":"https:\/\/matizes.org.br\/site\/grupo-matizes-realiza-ato-de-orgulho-lgbtqia-na-frei-serafim-na-proxima-terca-28\/"},"author":{"name":"Assessoria Matizes","@id":"https:\/\/matizes.org.br\/site\/#\/schema\/person\/b95a3086d870683e99ecb340cd79118e"},"headline":"Grupo Matizes realiza ato de Orgulho LGBTQIA+ na Frei Serafim na pr\u00f3xima ter\u00e7a (28)","datePublished":"2022-06-25T12:56:25+00:00","dateModified":"2022-06-25T12:56:27+00:00","mainEntityOfPage":{"@id":"https:\/\/matizes.org.br\/site\/grupo-matizes-realiza-ato-de-orgulho-lgbtqia-na-frei-serafim-na-proxima-terca-28\/"},"wordCount":189,"commentCount":0,"publisher":{"@id":"https:\/\/matizes.org.br\/site\/#organization"},"image":{"@id":"https:\/\/matizes.org.br\/site\/grupo-matizes-realiza-ato-de-orgulho-lgbtqia-na-frei-serafim-na-proxima-terca-28\/#primaryimage"},"thumbnailUrl":"https:\/\/matizes.org.br\/site\/wp-content\/uploads\/2022\/06\/WhatsApp-Image-2022-06-24-at-09.39.47-e1656161753964.jpeg","articleSection":["Not\u00edcias"],"inLanguage":"pt-BR","potentialAction":[{"@type":"CommentAction","name":"Comment","target":["https:\/\/matizes.org.br\/site\/grupo-matizes-realiza-ato-de-orgulho-lgbtqia-na-frei-serafim-na-proxima-terca-28\/#respond"]}]},{"@type":"WebPage","@id":"https:\/\/matizes.org.br\/site\/grupo-matizes-realiza-ato-de-orgulho-lgbtqia-na-frei-serafim-na-proxima-terca-28\/","url":"https:\/\/matizes.org.br\/site\/grupo-matizes-realiza-ato-de-orgulho-lgbtqia-na-frei-serafim-na-proxima-terca-28\/","name":"Grupo Matizes realiza ato de Orgulho LGBTQIA+ na Frei Serafim na pr\u00f3xima ter\u00e7a (28) - Grupo Matizes - Teresina - Piau\u00ed","isPartOf":{"@id":"https:\/\/matizes.org.br\/site\/#website"},"primaryImageOfPage":{"@id":"https:\/\/matizes.org.br\/site\/grupo-matizes-realiza-ato-de-orgulho-lgbtqia-na-frei-serafim-na-proxima-terca-28\/#primaryimage"},"image":{"@id":"https:\/\/matizes.org.br\/site\/grupo-matizes-realiza-ato-de-orgulho-lgbtqia-na-frei-serafim-na-proxima-terca-28\/#primaryimage"},"thumbnailUrl":"https:\/\/matizes.org.br\/site\/wp-content\/uploads\/2022\/06\/WhatsApp-Image-2022-06-24-at-09.39.47-e1656161753964.jpeg","datePublished":"2022-06-25T12:56:25+00:00","dateModified":"2022-06-25T12:56:27+00:00","description":"O Grupo Matizes \u00e9 uma associa\u00e7\u00e3o civil, sem fins lucrativos, fundada em 18 de maio de 2002, cuja miss\u00e3o principal \u00e9 a defesa dos direitos de l\u00e9sbicas, gays, bissexuais, travestis e transexuais (LGBT+). \u00c9 filiado ao Movimento Nacional de Direitos Humanos e ao F\u00f3rum de ONGs\/AIDS do Piau\u00ed. Reconhecido como entidade de utilidade p\u00fablica pela Lei Estadual n\u00ba 5811, de 27 de novembro de 2008. Atualmente, integra os seguintes \u00f3rg\u00e3os colegiados: Conselho Estadual de Defesa dos Direitos Humanos, Conselho Estadual de Direitos de LGBT, Conselho Municipal de Direitos de LGBT e o F\u00f3rum Municipal de Educa\u00e7\u00e3o.O Matizes \u00e9 signat\u00e1rio de algumas representa\u00e7\u00f5es de repercuss\u00e3o geral,","breadcrumb":{"@id":"https:\/\/matizes.org.br\/site\/grupo-matizes-realiza-ato-de-orgulho-lgbtqia-na-frei-serafim-na-proxima-terca-28\/#breadcrumb"},"inLanguage":"pt-BR","potentialAction":[{"@type":"ReadAction","target":["https:\/\/matizes.org.br\/site\/grupo-matizes-realiza-ato-de-orgulho-lgbtqia-na-frei-serafim-na-proxima-terca-28\/"]}]},{"@type":"ImageObject","inLanguage":"pt-BR","@id":"https:\/\/matizes.org.br\/site\/grupo-matizes-realiza-ato-de-orgulho-lgbtqia-na-frei-serafim-na-proxima-terca-28\/#primaryimage","url":"https:\/\/matizes.org.br\/site\/wp-content\/uploads\/2022\/06\/WhatsApp-Image-2022-06-24-at-09.39.47-e1656161753964.jpeg","contentUrl":"https:\/\/matizes.org.br\/site\/wp-content\/uploads\/2022\/06\/WhatsApp-Image-2022-06-24-at-09.39.47-e1656161753964.jpeg","width":800,"height":578},{"@type":"BreadcrumbList","@id":"https:\/\/matizes.org.br\/site\/grupo-matizes-realiza-ato-de-orgulho-lgbtqia-na-frei-serafim-na-proxima-terca-28\/#breadcrumb","itemListElement":[{"@type":"ListItem","position":1,"name":"In\u00edcio","item":"https:\/\/matizes.org.br\/site\/"},{"@type":"ListItem","position":2,"name":"Grupo Matizes realiza ato de Orgulho LGBTQIA+ na Frei Serafim na pr\u00f3xima ter\u00e7a (28)"}]},{"@type":"WebSite","@id":"https:\/\/matizes.org.br\/site\/#website","url":"https:\/\/matizes.org.br\/site\/","name":"Grupo Matizes - Teresina - Piau\u00ed","description":"Pela livre express\u00e3o sexual","publisher":{"@id":"https:\/\/matizes.org.br\/site\/#organization"},"potentialAction":[{"@type":"SearchAction","target":{"@type":"EntryPoint","urlTemplate":"https:\/\/matizes.org.br\/site\/?s={search_term_string}"},"query-input":{"@type":"PropertyValueSpecification","valueRequired":true,"valueName":"search_term_string"}}],"inLanguage":"pt-BR"},{"@type":"Organization","@id":"https:\/\/matizes.org.br\/site\/#organization","name":"Grupo Matizes - Pela livre express\u00e3o sexual","url":"https:\/\/matizes.org.br\/site\/","logo":{"@type":"ImageObject","inLanguage":"pt-BR","@id":"https:\/\/matizes.org.br\/site\/#\/schema\/logo\/image\/","url":"https:\/\/matizes.org.br\/site\/wp-content\/uploads\/2021\/10\/matizes-logo-site.png","contentUrl":"https:\/\/matizes.org.br\/site\/wp-content\/uploads\/2021\/10\/matizes-logo-site.png","width":460,"height":123,"caption":"Grupo Matizes - Pela livre express\u00e3o sexual"},"image":{"@id":"https:\/\/matizes.org.br\/site\/#\/schema\/logo\/image\/"},"sameAs":["https:\/\/www.facebook.com\/grupomatizes\/","https:\/\/www.instagram.com\/matizesteresina\/","https:\/\/www.youtube.com\/user\/matizes1000\/videos"]},{"@type":"Person","@id":"https:\/\/matizes.org.br\/site\/#\/schema\/person\/b95a3086d870683e99ecb340cd79118e","name":"Assessoria Matizes","image":{"@type":"ImageObject","inLanguage":"pt-BR","@id":"https:\/\/matizes.org.br\/site\/#\/schema\/person\/image\/","url":"https:\/\/secure.gravatar.com\/avatar\/787e5ffefea0fc2f39104448d518cc9a2501158acc4fd8746b813eae27f48921?s=96&d=mm&r=g","contentUrl":"https:\/\/secure.gravatar.com\/avatar\/787e5ffefea0fc2f39104448d518cc9a2501158acc4fd8746b813eae27f48921?s=96&d=mm&r=g","caption":"Assessoria Matizes"},"sameAs":["https:\/\/matizes.org.br"]}]}},"_links":{"self":[{"href":"https:\/\/matizes.org.br\/site\/wp-json\/wp\/v2\/posts\/1020","targetHints":{"allow":["GET"]}}],"collection":[{"href":"https:\/\/matizes.org.br\/site\/wp-json\/wp\/v2\/posts"}],"about":[{"href":"https:\/\/matizes.org.br\/site\/wp-json\/wp\/v2\/types\/post"}],"author":[{"embeddable":true,"href":"https:\/\/matizes.org.br\/site\/wp-json\/wp\/v2\/users\/2"}],"replies":[{"embeddable":true,"href":"https:\/\/matizes.org.br\/site\/wp-json\/wp\/v2\/comments?post=1020"}],"version-history":[{"count":1,"href":"https:\/\/matizes.org.br\/site\/wp-json\/wp\/v2\/posts\/1020\/revisions"}],"predecessor-version":[{"id":1022,"href":"https:\/\/matizes.org.br\/site\/wp-json\/wp\/v2\/posts\/1020\/revisions\/1022"}],"wp:featuredmedia":[{"embeddable":true,"href":"https:\/\/matizes.org.br\/site\/wp-json\/wp\/v2\/media\/1021"}],"wp:attachment":[{"href":"https:\/\/matizes.org.br\/site\/wp-json\/wp\/v2\/media?parent=1020"}],"wp:term":[{"taxonomy":"category","embeddable":true,"href":"https:\/\/matizes.org.br\/site\/wp-json\/wp\/v2\/categories?post=1020"},{"taxonomy":"post_tag","embeddable":true,"href":"https:\/\/matizes.org.br\/site\/wp-json\/wp\/v2\/tags?post=1020"}],"curies":[{"name":"wp","href":"https:\/\/api.w.org\/{rel}","templated":true}]}}