{"id":1024,"date":"2022-07-28T17:46:35","date_gmt":"2022-07-28T20:46:35","guid":{"rendered":"https:\/\/matizes.org.br\/site\/?p=1024"},"modified":"2022-07-28T17:46:38","modified_gmt":"2022-07-28T20:46:38","slug":"matizes-participa-da-1a-feira-literaria-de-barra-grande","status":"publish","type":"post","link":"https:\/\/matizes.org.br\/site\/matizes-participa-da-1a-feira-literaria-de-barra-grande\/","title":{"rendered":"Matizes participa da 1\u00aa Feira Liter\u00e1ria de Barra Grande"},"content":{"rendered":"\n<p><\/p>\n\n\n\n<p>O Grupo Matizes participou, no \u00faltimo final de semana, da 1\u00aa Feira Liter\u00e1ria de Barra Grande. O evento, que teve como homenageado o jornalista e escritor Kennark Kruel, aconteceu nos dias 22, 23 e 24 de julho, em Cajueiro da Praia, no litoral piauiense.<\/p>\n\n\n\n<p>O Matizes foi representado pela vice-coordenadora do grupo, Marinalva Santana, que participou de um bate-papo, oportunidade em que falou suas a\u00e7\u00f5es e da Avant Grade Edi\u00e7\u00f5es na \u00e1rea de Literatura, destacando a edi\u00e7\u00e3o dos livros Letras da Diversidade e Aten\u00e7\u00e3o Integral \u00e0 Sa\u00fade das Mulheres L\u00e9sbicas e Bissexuais.<\/p>\n\n\n\n<p>&#8220;N\u00f3s apoiamos iniciativas que incentivam a cultura local, como essa importante feira liter\u00e1ria aqui em Barra Grande e a Feira do Livro da Diversidade &#8211; FLID (organizada pela Avant Garde com o apoio do Matizes), afirma Marinalva Santana.<\/p>\n\n\n\n<p>O evento contou com lan\u00e7amento e venda de livros de autores piauienses, leitura de trechos de livros, declama\u00e7\u00e3o de poesias, bate-papo liter\u00e1rio e shows musicais.<\/p>\n","protected":false},"excerpt":{"rendered":"<p>O Grupo Matizes participou, no \u00faltimo final de semana, da 1\u00aa Feira Liter\u00e1ria de Barra Grande. O evento, que teve como homenageado o jornalista e escritor Kennark Kruel, aconteceu nos dias 22, 23 e 24 de julho, em Cajueiro da Praia, no litoral piauiense. O Matizes foi representado pela vice-coordenadora do grupo, Marinalva Santana, que [&hellip;]<\/p>\n","protected":false},"author":2,"featured_media":1030,"comment_status":"open","ping_status":"open","sticky":false,"template":"","format":"standard","meta":{"footnotes":""},"categories":[1],"tags":[],"class_list":["post-1024","post","type-post","status-publish","format-standard","has-post-thumbnail","hentry","category-noticias"],"yoast_head":"<!-- This site is optimized with the Yoast SEO plugin v27.1.1 - https:\/\/yoast.com\/product\/yoast-seo-wordpress\/ -->\n<title>Matizes participa da 1\u00aa Feira Liter\u00e1ria de Barra Grande - Grupo Matizes - Teresina - Piau\u00ed<\/title>\n<meta name=\"description\" content=\"O Grupo Matizes \u00e9 uma associa\u00e7\u00e3o civil, sem fins lucrativos, fundada em 18 de maio de 2002, cuja miss\u00e3o principal \u00e9 a defesa dos direitos de l\u00e9sbicas, gays, bissexuais, travestis e transexuais (LGBT+). \u00c9 filiado ao Movimento Nacional de Direitos Humanos e ao F\u00f3rum de ONGs\/AIDS do Piau\u00ed. Reconhecido como entidade de utilidade p\u00fablica pela Lei Estadual n\u00ba 5811, de 27 de novembro de 2008. Atualmente, integra os seguintes \u00f3rg\u00e3os colegiados: Conselho Estadual de Defesa dos Direitos Humanos, Conselho Estadual de Direitos de LGBT, Conselho Municipal de Direitos de LGBT e o F\u00f3rum Municipal de Educa\u00e7\u00e3o.O Matizes \u00e9 signat\u00e1rio de algumas representa\u00e7\u00f5es de repercuss\u00e3o geral,\" \/>\n<meta name=\"robots\" content=\"index, follow, max-snippet:-1, max-image-preview:large, max-video-preview:-1\" \/>\n<link rel=\"canonical\" href=\"https:\/\/matizes.org.br\/site\/matizes-participa-da-1a-feira-literaria-de-barra-grande\/\" \/>\n<meta property=\"og:locale\" content=\"pt_BR\" \/>\n<meta property=\"og:type\" content=\"article\" \/>\n<meta property=\"og:title\" content=\"Matizes participa da 1\u00aa Feira Liter\u00e1ria de Barra Grande - Grupo Matizes - Teresina - Piau\u00ed\" \/>\n<meta property=\"og:description\" content=\"O Grupo Matizes \u00e9 uma associa\u00e7\u00e3o civil, sem fins lucrativos, fundada em 18 de maio de 2002, cuja miss\u00e3o principal \u00e9 a defesa dos direitos de l\u00e9sbicas, gays, bissexuais, travestis e transexuais (LGBT+). \u00c9 filiado ao Movimento Nacional de Direitos Humanos e ao F\u00f3rum de ONGs\/AIDS do Piau\u00ed. Reconhecido como entidade de utilidade p\u00fablica pela Lei Estadual n\u00ba 5811, de 27 de novembro de 2008. Atualmente, integra os seguintes \u00f3rg\u00e3os colegiados: Conselho Estadual de Defesa dos Direitos Humanos, Conselho Estadual de Direitos de LGBT, Conselho Municipal de Direitos de LGBT e o F\u00f3rum Municipal de Educa\u00e7\u00e3o.O Matizes \u00e9 signat\u00e1rio de algumas representa\u00e7\u00f5es de repercuss\u00e3o geral,\" \/>\n<meta property=\"og:url\" content=\"https:\/\/matizes.org.br\/site\/matizes-participa-da-1a-feira-literaria-de-barra-grande\/\" \/>\n<meta property=\"og:site_name\" content=\"Grupo Matizes - Teresina - Piau\u00ed\" \/>\n<meta property=\"article:publisher\" content=\"https:\/\/www.facebook.com\/grupomatizes\/\" \/>\n<meta property=\"article:published_time\" content=\"2022-07-28T20:46:35+00:00\" \/>\n<meta property=\"article:modified_time\" content=\"2022-07-28T20:46:38+00:00\" \/>\n<meta property=\"og:image\" content=\"https:\/\/matizes.org.br\/site\/wp-content\/uploads\/2022\/07\/marinalva-santana.jpg\" \/>\n\t<meta property=\"og:image:width\" content=\"700\" \/>\n\t<meta property=\"og:image:height\" content=\"566\" \/>\n\t<meta property=\"og:image:type\" content=\"image\/jpeg\" \/>\n<meta name=\"author\" content=\"Assessoria Matizes\" \/>\n<meta name=\"twitter:card\" content=\"summary_large_image\" \/>\n<meta name=\"twitter:label1\" content=\"Escrito por\" \/>\n\t<meta name=\"twitter:data1\" content=\"Assessoria Matizes\" \/>\n\t<meta name=\"twitter:label2\" content=\"Est. tempo de leitura\" \/>\n\t<meta name=\"twitter:data2\" content=\"1 minuto\" \/>\n<script type=\"application\/ld+json\" class=\"yoast-schema-graph\">{\"@context\":\"https:\/\/schema.org\",\"@graph\":[{\"@type\":\"Article\",\"@id\":\"https:\/\/matizes.org.br\/site\/matizes-participa-da-1a-feira-literaria-de-barra-grande\/#article\",\"isPartOf\":{\"@id\":\"https:\/\/matizes.org.br\/site\/matizes-participa-da-1a-feira-literaria-de-barra-grande\/\"},\"author\":{\"name\":\"Assessoria Matizes\",\"@id\":\"https:\/\/matizes.org.br\/site\/#\/schema\/person\/b95a3086d870683e99ecb340cd79118e\"},\"headline\":\"Matizes participa da 1\u00aa Feira Liter\u00e1ria de Barra Grande\",\"datePublished\":\"2022-07-28T20:46:35+00:00\",\"dateModified\":\"2022-07-28T20:46:38+00:00\",\"mainEntityOfPage\":{\"@id\":\"https:\/\/matizes.org.br\/site\/matizes-participa-da-1a-feira-literaria-de-barra-grande\/\"},\"wordCount\":171,\"commentCount\":0,\"publisher\":{\"@id\":\"https:\/\/matizes.org.br\/site\/#organization\"},\"image\":{\"@id\":\"https:\/\/matizes.org.br\/site\/matizes-participa-da-1a-feira-literaria-de-barra-grande\/#primaryimage\"},\"thumbnailUrl\":\"https:\/\/matizes.org.br\/site\/wp-content\/uploads\/2022\/07\/marinalva-santana.jpg\",\"articleSection\":[\"Not\u00edcias\"],\"inLanguage\":\"pt-BR\",\"potentialAction\":[{\"@type\":\"CommentAction\",\"name\":\"Comment\",\"target\":[\"https:\/\/matizes.org.br\/site\/matizes-participa-da-1a-feira-literaria-de-barra-grande\/#respond\"]}]},{\"@type\":\"WebPage\",\"@id\":\"https:\/\/matizes.org.br\/site\/matizes-participa-da-1a-feira-literaria-de-barra-grande\/\",\"url\":\"https:\/\/matizes.org.br\/site\/matizes-participa-da-1a-feira-literaria-de-barra-grande\/\",\"name\":\"Matizes participa da 1\u00aa Feira Liter\u00e1ria de Barra Grande - Grupo Matizes - Teresina - Piau\u00ed\",\"isPartOf\":{\"@id\":\"https:\/\/matizes.org.br\/site\/#website\"},\"primaryImageOfPage\":{\"@id\":\"https:\/\/matizes.org.br\/site\/matizes-participa-da-1a-feira-literaria-de-barra-grande\/#primaryimage\"},\"image\":{\"@id\":\"https:\/\/matizes.org.br\/site\/matizes-participa-da-1a-feira-literaria-de-barra-grande\/#primaryimage\"},\"thumbnailUrl\":\"https:\/\/matizes.org.br\/site\/wp-content\/uploads\/2022\/07\/marinalva-santana.jpg\",\"datePublished\":\"2022-07-28T20:46:35+00:00\",\"dateModified\":\"2022-07-28T20:46:38+00:00\",\"description\":\"O Grupo Matizes \u00e9 uma associa\u00e7\u00e3o civil, sem fins lucrativos, fundada em 18 de maio de 2002, cuja miss\u00e3o principal \u00e9 a defesa dos direitos de l\u00e9sbicas, gays, bissexuais, travestis e transexuais (LGBT+). \u00c9 filiado ao Movimento Nacional de Direitos Humanos e ao F\u00f3rum de ONGs\/AIDS do Piau\u00ed. Reconhecido como entidade de utilidade p\u00fablica pela Lei Estadual n\u00ba 5811, de 27 de novembro de 2008. Atualmente, integra os seguintes \u00f3rg\u00e3os colegiados: Conselho Estadual de Defesa dos Direitos Humanos, Conselho Estadual de Direitos de LGBT, Conselho Municipal de Direitos de LGBT e o F\u00f3rum Municipal de Educa\u00e7\u00e3o.O Matizes \u00e9 signat\u00e1rio de algumas representa\u00e7\u00f5es de repercuss\u00e3o geral,\",\"breadcrumb\":{\"@id\":\"https:\/\/matizes.org.br\/site\/matizes-participa-da-1a-feira-literaria-de-barra-grande\/#breadcrumb\"},\"inLanguage\":\"pt-BR\",\"potentialAction\":[{\"@type\":\"ReadAction\",\"target\":[\"https:\/\/matizes.org.br\/site\/matizes-participa-da-1a-feira-literaria-de-barra-grande\/\"]}]},{\"@type\":\"ImageObject\",\"inLanguage\":\"pt-BR\",\"@id\":\"https:\/\/matizes.org.br\/site\/matizes-participa-da-1a-feira-literaria-de-barra-grande\/#primaryimage\",\"url\":\"https:\/\/matizes.org.br\/site\/wp-content\/uploads\/2022\/07\/marinalva-santana.jpg\",\"contentUrl\":\"https:\/\/matizes.org.br\/site\/wp-content\/uploads\/2022\/07\/marinalva-santana.jpg\",\"width\":700,\"height\":566},{\"@type\":\"BreadcrumbList\",\"@id\":\"https:\/\/matizes.org.br\/site\/matizes-participa-da-1a-feira-literaria-de-barra-grande\/#breadcrumb\",\"itemListElement\":[{\"@type\":\"ListItem\",\"position\":1,\"name\":\"In\u00edcio\",\"item\":\"https:\/\/matizes.org.br\/site\/\"},{\"@type\":\"ListItem\",\"position\":2,\"name\":\"Matizes participa da 1\u00aa Feira Liter\u00e1ria de Barra Grande\"}]},{\"@type\":\"WebSite\",\"@id\":\"https:\/\/matizes.org.br\/site\/#website\",\"url\":\"https:\/\/matizes.org.br\/site\/\",\"name\":\"Grupo Matizes - Teresina - Piau\u00ed\",\"description\":\"Pela livre express\u00e3o sexual\",\"publisher\":{\"@id\":\"https:\/\/matizes.org.br\/site\/#organization\"},\"potentialAction\":[{\"@type\":\"SearchAction\",\"target\":{\"@type\":\"EntryPoint\",\"urlTemplate\":\"https:\/\/matizes.org.br\/site\/?s={search_term_string}\"},\"query-input\":{\"@type\":\"PropertyValueSpecification\",\"valueRequired\":true,\"valueName\":\"search_term_string\"}}],\"inLanguage\":\"pt-BR\"},{\"@type\":\"Organization\",\"@id\":\"https:\/\/matizes.org.br\/site\/#organization\",\"name\":\"Grupo Matizes - Pela livre express\u00e3o sexual\",\"url\":\"https:\/\/matizes.org.br\/site\/\",\"logo\":{\"@type\":\"ImageObject\",\"inLanguage\":\"pt-BR\",\"@id\":\"https:\/\/matizes.org.br\/site\/#\/schema\/logo\/image\/\",\"url\":\"https:\/\/matizes.org.br\/site\/wp-content\/uploads\/2021\/10\/matizes-logo-site.png\",\"contentUrl\":\"https:\/\/matizes.org.br\/site\/wp-content\/uploads\/2021\/10\/matizes-logo-site.png\",\"width\":460,\"height\":123,\"caption\":\"Grupo Matizes - Pela livre express\u00e3o sexual\"},\"image\":{\"@id\":\"https:\/\/matizes.org.br\/site\/#\/schema\/logo\/image\/\"},\"sameAs\":[\"https:\/\/www.facebook.com\/grupomatizes\/\",\"https:\/\/www.instagram.com\/matizesteresina\/\",\"https:\/\/www.youtube.com\/user\/matizes1000\/videos\"]},{\"@type\":\"Person\",\"@id\":\"https:\/\/matizes.org.br\/site\/#\/schema\/person\/b95a3086d870683e99ecb340cd79118e\",\"name\":\"Assessoria Matizes\",\"image\":{\"@type\":\"ImageObject\",\"inLanguage\":\"pt-BR\",\"@id\":\"https:\/\/matizes.org.br\/site\/#\/schema\/person\/image\/\",\"url\":\"https:\/\/secure.gravatar.com\/avatar\/787e5ffefea0fc2f39104448d518cc9a2501158acc4fd8746b813eae27f48921?s=96&d=mm&r=g\",\"contentUrl\":\"https:\/\/secure.gravatar.com\/avatar\/787e5ffefea0fc2f39104448d518cc9a2501158acc4fd8746b813eae27f48921?s=96&d=mm&r=g\",\"caption\":\"Assessoria Matizes\"},\"sameAs\":[\"https:\/\/matizes.org.br\"]}]}<\/script>\n<!-- \/ Yoast SEO plugin. -->","yoast_head_json":{"title":"Matizes participa da 1\u00aa Feira Liter\u00e1ria de Barra Grande - Grupo Matizes - Teresina - Piau\u00ed","description":"O Grupo Matizes \u00e9 uma associa\u00e7\u00e3o civil, sem fins lucrativos, fundada em 18 de maio de 2002, cuja miss\u00e3o principal \u00e9 a defesa dos direitos de l\u00e9sbicas, gays, bissexuais, travestis e transexuais (LGBT+). \u00c9 filiado ao Movimento Nacional de Direitos Humanos e ao F\u00f3rum de ONGs\/AIDS do Piau\u00ed. Reconhecido como entidade de utilidade p\u00fablica pela Lei Estadual n\u00ba 5811, de 27 de novembro de 2008. Atualmente, integra os seguintes \u00f3rg\u00e3os colegiados: Conselho Estadual de Defesa dos Direitos Humanos, Conselho Estadual de Direitos de LGBT, Conselho Municipal de Direitos de LGBT e o F\u00f3rum Municipal de Educa\u00e7\u00e3o.O Matizes \u00e9 signat\u00e1rio de algumas representa\u00e7\u00f5es de repercuss\u00e3o geral,","robots":{"index":"index","follow":"follow","max-snippet":"max-snippet:-1","max-image-preview":"max-image-preview:large","max-video-preview":"max-video-preview:-1"},"canonical":"https:\/\/matizes.org.br\/site\/matizes-participa-da-1a-feira-literaria-de-barra-grande\/","og_locale":"pt_BR","og_type":"article","og_title":"Matizes participa da 1\u00aa Feira Liter\u00e1ria de Barra Grande - Grupo Matizes - Teresina - Piau\u00ed","og_description":"O Grupo Matizes \u00e9 uma associa\u00e7\u00e3o civil, sem fins lucrativos, fundada em 18 de maio de 2002, cuja miss\u00e3o principal \u00e9 a defesa dos direitos de l\u00e9sbicas, gays, bissexuais, travestis e transexuais (LGBT+). \u00c9 filiado ao Movimento Nacional de Direitos Humanos e ao F\u00f3rum de ONGs\/AIDS do Piau\u00ed. Reconhecido como entidade de utilidade p\u00fablica pela Lei Estadual n\u00ba 5811, de 27 de novembro de 2008. Atualmente, integra os seguintes \u00f3rg\u00e3os colegiados: Conselho Estadual de Defesa dos Direitos Humanos, Conselho Estadual de Direitos de LGBT, Conselho Municipal de Direitos de LGBT e o F\u00f3rum Municipal de Educa\u00e7\u00e3o.O Matizes \u00e9 signat\u00e1rio de algumas representa\u00e7\u00f5es de repercuss\u00e3o geral,","og_url":"https:\/\/matizes.org.br\/site\/matizes-participa-da-1a-feira-literaria-de-barra-grande\/","og_site_name":"Grupo Matizes - Teresina - Piau\u00ed","article_publisher":"https:\/\/www.facebook.com\/grupomatizes\/","article_published_time":"2022-07-28T20:46:35+00:00","article_modified_time":"2022-07-28T20:46:38+00:00","og_image":[{"width":700,"height":566,"url":"https:\/\/matizes.org.br\/site\/wp-content\/uploads\/2022\/07\/marinalva-santana.jpg","type":"image\/jpeg"}],"author":"Assessoria Matizes","twitter_card":"summary_large_image","twitter_misc":{"Escrito por":"Assessoria Matizes","Est. tempo de leitura":"1 minuto"},"schema":{"@context":"https:\/\/schema.org","@graph":[{"@type":"Article","@id":"https:\/\/matizes.org.br\/site\/matizes-participa-da-1a-feira-literaria-de-barra-grande\/#article","isPartOf":{"@id":"https:\/\/matizes.org.br\/site\/matizes-participa-da-1a-feira-literaria-de-barra-grande\/"},"author":{"name":"Assessoria Matizes","@id":"https:\/\/matizes.org.br\/site\/#\/schema\/person\/b95a3086d870683e99ecb340cd79118e"},"headline":"Matizes participa da 1\u00aa Feira Liter\u00e1ria de Barra Grande","datePublished":"2022-07-28T20:46:35+00:00","dateModified":"2022-07-28T20:46:38+00:00","mainEntityOfPage":{"@id":"https:\/\/matizes.org.br\/site\/matizes-participa-da-1a-feira-literaria-de-barra-grande\/"},"wordCount":171,"commentCount":0,"publisher":{"@id":"https:\/\/matizes.org.br\/site\/#organization"},"image":{"@id":"https:\/\/matizes.org.br\/site\/matizes-participa-da-1a-feira-literaria-de-barra-grande\/#primaryimage"},"thumbnailUrl":"https:\/\/matizes.org.br\/site\/wp-content\/uploads\/2022\/07\/marinalva-santana.jpg","articleSection":["Not\u00edcias"],"inLanguage":"pt-BR","potentialAction":[{"@type":"CommentAction","name":"Comment","target":["https:\/\/matizes.org.br\/site\/matizes-participa-da-1a-feira-literaria-de-barra-grande\/#respond"]}]},{"@type":"WebPage","@id":"https:\/\/matizes.org.br\/site\/matizes-participa-da-1a-feira-literaria-de-barra-grande\/","url":"https:\/\/matizes.org.br\/site\/matizes-participa-da-1a-feira-literaria-de-barra-grande\/","name":"Matizes participa da 1\u00aa Feira Liter\u00e1ria de Barra Grande - Grupo Matizes - Teresina - Piau\u00ed","isPartOf":{"@id":"https:\/\/matizes.org.br\/site\/#website"},"primaryImageOfPage":{"@id":"https:\/\/matizes.org.br\/site\/matizes-participa-da-1a-feira-literaria-de-barra-grande\/#primaryimage"},"image":{"@id":"https:\/\/matizes.org.br\/site\/matizes-participa-da-1a-feira-literaria-de-barra-grande\/#primaryimage"},"thumbnailUrl":"https:\/\/matizes.org.br\/site\/wp-content\/uploads\/2022\/07\/marinalva-santana.jpg","datePublished":"2022-07-28T20:46:35+00:00","dateModified":"2022-07-28T20:46:38+00:00","description":"O Grupo Matizes \u00e9 uma associa\u00e7\u00e3o civil, sem fins lucrativos, fundada em 18 de maio de 2002, cuja miss\u00e3o principal \u00e9 a defesa dos direitos de l\u00e9sbicas, gays, bissexuais, travestis e transexuais (LGBT+). \u00c9 filiado ao Movimento Nacional de Direitos Humanos e ao F\u00f3rum de ONGs\/AIDS do Piau\u00ed. Reconhecido como entidade de utilidade p\u00fablica pela Lei Estadual n\u00ba 5811, de 27 de novembro de 2008. Atualmente, integra os seguintes \u00f3rg\u00e3os colegiados: Conselho Estadual de Defesa dos Direitos Humanos, Conselho Estadual de Direitos de LGBT, Conselho Municipal de Direitos de LGBT e o F\u00f3rum Municipal de Educa\u00e7\u00e3o.O Matizes \u00e9 signat\u00e1rio de algumas representa\u00e7\u00f5es de repercuss\u00e3o geral,","breadcrumb":{"@id":"https:\/\/matizes.org.br\/site\/matizes-participa-da-1a-feira-literaria-de-barra-grande\/#breadcrumb"},"inLanguage":"pt-BR","potentialAction":[{"@type":"ReadAction","target":["https:\/\/matizes.org.br\/site\/matizes-participa-da-1a-feira-literaria-de-barra-grande\/"]}]},{"@type":"ImageObject","inLanguage":"pt-BR","@id":"https:\/\/matizes.org.br\/site\/matizes-participa-da-1a-feira-literaria-de-barra-grande\/#primaryimage","url":"https:\/\/matizes.org.br\/site\/wp-content\/uploads\/2022\/07\/marinalva-santana.jpg","contentUrl":"https:\/\/matizes.org.br\/site\/wp-content\/uploads\/2022\/07\/marinalva-santana.jpg","width":700,"height":566},{"@type":"BreadcrumbList","@id":"https:\/\/matizes.org.br\/site\/matizes-participa-da-1a-feira-literaria-de-barra-grande\/#breadcrumb","itemListElement":[{"@type":"ListItem","position":1,"name":"In\u00edcio","item":"https:\/\/matizes.org.br\/site\/"},{"@type":"ListItem","position":2,"name":"Matizes participa da 1\u00aa Feira Liter\u00e1ria de Barra Grande"}]},{"@type":"WebSite","@id":"https:\/\/matizes.org.br\/site\/#website","url":"https:\/\/matizes.org.br\/site\/","name":"Grupo Matizes - Teresina - Piau\u00ed","description":"Pela livre express\u00e3o sexual","publisher":{"@id":"https:\/\/matizes.org.br\/site\/#organization"},"potentialAction":[{"@type":"SearchAction","target":{"@type":"EntryPoint","urlTemplate":"https:\/\/matizes.org.br\/site\/?s={search_term_string}"},"query-input":{"@type":"PropertyValueSpecification","valueRequired":true,"valueName":"search_term_string"}}],"inLanguage":"pt-BR"},{"@type":"Organization","@id":"https:\/\/matizes.org.br\/site\/#organization","name":"Grupo Matizes - Pela livre express\u00e3o sexual","url":"https:\/\/matizes.org.br\/site\/","logo":{"@type":"ImageObject","inLanguage":"pt-BR","@id":"https:\/\/matizes.org.br\/site\/#\/schema\/logo\/image\/","url":"https:\/\/matizes.org.br\/site\/wp-content\/uploads\/2021\/10\/matizes-logo-site.png","contentUrl":"https:\/\/matizes.org.br\/site\/wp-content\/uploads\/2021\/10\/matizes-logo-site.png","width":460,"height":123,"caption":"Grupo Matizes - Pela livre express\u00e3o sexual"},"image":{"@id":"https:\/\/matizes.org.br\/site\/#\/schema\/logo\/image\/"},"sameAs":["https:\/\/www.facebook.com\/grupomatizes\/","https:\/\/www.instagram.com\/matizesteresina\/","https:\/\/www.youtube.com\/user\/matizes1000\/videos"]},{"@type":"Person","@id":"https:\/\/matizes.org.br\/site\/#\/schema\/person\/b95a3086d870683e99ecb340cd79118e","name":"Assessoria Matizes","image":{"@type":"ImageObject","inLanguage":"pt-BR","@id":"https:\/\/matizes.org.br\/site\/#\/schema\/person\/image\/","url":"https:\/\/secure.gravatar.com\/avatar\/787e5ffefea0fc2f39104448d518cc9a2501158acc4fd8746b813eae27f48921?s=96&d=mm&r=g","contentUrl":"https:\/\/secure.gravatar.com\/avatar\/787e5ffefea0fc2f39104448d518cc9a2501158acc4fd8746b813eae27f48921?s=96&d=mm&r=g","caption":"Assessoria Matizes"},"sameAs":["https:\/\/matizes.org.br"]}]}},"_links":{"self":[{"href":"https:\/\/matizes.org.br\/site\/wp-json\/wp\/v2\/posts\/1024","targetHints":{"allow":["GET"]}}],"collection":[{"href":"https:\/\/matizes.org.br\/site\/wp-json\/wp\/v2\/posts"}],"about":[{"href":"https:\/\/matizes.org.br\/site\/wp-json\/wp\/v2\/types\/post"}],"author":[{"embeddable":true,"href":"https:\/\/matizes.org.br\/site\/wp-json\/wp\/v2\/users\/2"}],"replies":[{"embeddable":true,"href":"https:\/\/matizes.org.br\/site\/wp-json\/wp\/v2\/comments?post=1024"}],"version-history":[{"count":1,"href":"https:\/\/matizes.org.br\/site\/wp-json\/wp\/v2\/posts\/1024\/revisions"}],"predecessor-version":[{"id":1026,"href":"https:\/\/matizes.org.br\/site\/wp-json\/wp\/v2\/posts\/1024\/revisions\/1026"}],"wp:featuredmedia":[{"embeddable":true,"href":"https:\/\/matizes.org.br\/site\/wp-json\/wp\/v2\/media\/1030"}],"wp:attachment":[{"href":"https:\/\/matizes.org.br\/site\/wp-json\/wp\/v2\/media?parent=1024"}],"wp:term":[{"taxonomy":"category","embeddable":true,"href":"https:\/\/matizes.org.br\/site\/wp-json\/wp\/v2\/categories?post=1024"},{"taxonomy":"post_tag","embeddable":true,"href":"https:\/\/matizes.org.br\/site\/wp-json\/wp\/v2\/tags?post=1024"}],"curies":[{"name":"wp","href":"https:\/\/api.w.org\/{rel}","templated":true}]}}