{"id":1031,"date":"2022-08-04T15:56:29","date_gmt":"2022-08-04T18:56:29","guid":{"rendered":"https:\/\/matizes.org.br\/site\/?p=1031"},"modified":"2022-08-04T15:56:32","modified_gmt":"2022-08-04T18:56:32","slug":"matizes-anuncia-programacao-da-parada-da-diversidade-neste-sabado-6","status":"publish","type":"post","link":"https:\/\/matizes.org.br\/site\/matizes-anuncia-programacao-da-parada-da-diversidade-neste-sabado-6\/","title":{"rendered":"Matizes anuncia programa\u00e7\u00e3o da Parada da Diversidade neste s\u00e1bado (6)"},"content":{"rendered":"\n<p class=\"has-medium-font-size\"><em>O an\u00fancio ser\u00e1 feito durante a feijoada de lan\u00e7amento da Semana do Orgulho de Ser<\/em><\/p>\n\n\n\n<p>O Grupo Matizes realizar\u00e1, no pr\u00f3ximo s\u00e1bado (6), a Feijoada de lan\u00e7amento da 16\u00aa Semana do Orgulho de Ser. O evento acontecer\u00e1 no restaurante Recanto do Sabor, localizado no Bairro Marqu\u00eas, Zona Norte de Teresina. Na ocasi\u00e3o, ser\u00e1 divulgada a atra\u00e7\u00e3o principal da 20\u00aa Parada da Diversidade.<\/p>\n\n\n\n<p>&#8220;Convidamos a todos para esse evento que ser\u00e1 a largada para nossa Semana do Orgulho de Ser. L\u00e1, faremos o an\u00fancio da data e da atra\u00e7\u00e3o nacional da t\u00e3o aguardada Parada da Diversidade deste ano&#8221;, frisa a vice-coordenadora do Matizes, Marinalva Santana.<\/p>\n\n\n\n<p>Os interessados em participar do evento devem comprar a entrada no valor de 20 reais atrav\u00e9s da chave Pix do Matizes 05996777000171. Os comprovantes devem ser enviados para o WhatsApp oficial do grupo, (86) 98816-8121.<\/p>\n\n\n\n<p>A Semana do Orgulho de Ser acontecer\u00e1 do dia 29 de agosto a 6 de setembro, e ter\u00e1 como tema &#8220;Vote por um Brasil de cores e a gente faz um pa\u00eds melhor&#8221;. Este ano, o evento tamb\u00e9m ter\u00e1 edi\u00e7\u00f5es em Altos, Amarante e Floriano.<\/p>\n\n\n\n<p>&#8220;Nosso objetivo \u00e9 conscientizar, neste ano de elei\u00e7\u00f5es, para a escolha de representantes pol\u00edticos que defendam a bandeira LGBTQIA+ e as pautas de diversidade&#8221;, explica Marinalva Santana.<\/p>\n\n\n\n<p>A \u00faltima edi\u00e7\u00e3o da Parada da Diversidade foi em 2019. O evento retornar\u00e1 este ano, ap\u00f3s dois anos sem ser realizado por conta da pandemia de Covid-19.<\/p>\n\n\n\n<p>Clique <img decoding=\"async\" class=\"wp-image-1035\" style=\"width: NaNpx;\" src=\"https:\/\/matizes.org.br\/site\/wp-content\/uploads\/2022\/08\/16a-Semana-do-Orgulho-de-Ser-programacao-1.pdf\" alt=\"\"><a href=\"https:\/\/matizes.org.br\/site\/wp-content\/uploads\/2022\/08\/16a-Semana-do-Orgulho-de-Ser-programacao-1.pdf\">aqui <\/a>para ver a programa\u00e7\u00e3o completa da Semana do Orgulho de Ser<\/p>\n","protected":false},"excerpt":{"rendered":"<p>O an\u00fancio ser\u00e1 feito durante a feijoada de lan\u00e7amento da Semana do Orgulho de Ser O Grupo Matizes realizar\u00e1, no pr\u00f3ximo s\u00e1bado (6), a Feijoada de lan\u00e7amento da 16\u00aa Semana do Orgulho de Ser. O evento acontecer\u00e1 no restaurante Recanto do Sabor, localizado no Bairro Marqu\u00eas, Zona Norte de Teresina. Na ocasi\u00e3o, ser\u00e1 divulgada a [&hellip;]<\/p>\n","protected":false},"author":2,"featured_media":1032,"comment_status":"open","ping_status":"open","sticky":false,"template":"","format":"standard","meta":{"footnotes":""},"categories":[1],"tags":[],"class_list":["post-1031","post","type-post","status-publish","format-standard","has-post-thumbnail","hentry","category-noticias"],"yoast_head":"<!-- This site is optimized with the Yoast SEO plugin v27.1.1 - https:\/\/yoast.com\/product\/yoast-seo-wordpress\/ -->\n<title>Matizes anuncia programa\u00e7\u00e3o da Parada da Diversidade neste s\u00e1bado (6) - Grupo Matizes - Teresina - Piau\u00ed<\/title>\n<meta name=\"description\" content=\"O Grupo Matizes \u00e9 uma associa\u00e7\u00e3o civil, sem fins lucrativos, fundada em 18 de maio de 2002, cuja miss\u00e3o principal \u00e9 a defesa dos direitos de l\u00e9sbicas, gays, bissexuais, travestis e transexuais (LGBT+). \u00c9 filiado ao Movimento Nacional de Direitos Humanos e ao F\u00f3rum de ONGs\/AIDS do Piau\u00ed. Reconhecido como entidade de utilidade p\u00fablica pela Lei Estadual n\u00ba 5811, de 27 de novembro de 2008. Atualmente, integra os seguintes \u00f3rg\u00e3os colegiados: Conselho Estadual de Defesa dos Direitos Humanos, Conselho Estadual de Direitos de LGBT, Conselho Municipal de Direitos de LGBT e o F\u00f3rum Municipal de Educa\u00e7\u00e3o.O Matizes \u00e9 signat\u00e1rio de algumas representa\u00e7\u00f5es de repercuss\u00e3o geral,\" \/>\n<meta name=\"robots\" content=\"index, follow, max-snippet:-1, max-image-preview:large, max-video-preview:-1\" \/>\n<link rel=\"canonical\" href=\"https:\/\/matizes.org.br\/site\/matizes-anuncia-programacao-da-parada-da-diversidade-neste-sabado-6\/\" \/>\n<meta property=\"og:locale\" content=\"pt_BR\" \/>\n<meta property=\"og:type\" content=\"article\" \/>\n<meta property=\"og:title\" content=\"Matizes anuncia programa\u00e7\u00e3o da Parada da Diversidade neste s\u00e1bado (6) - Grupo Matizes - Teresina - Piau\u00ed\" \/>\n<meta property=\"og:description\" content=\"O Grupo Matizes \u00e9 uma associa\u00e7\u00e3o civil, sem fins lucrativos, fundada em 18 de maio de 2002, cuja miss\u00e3o principal \u00e9 a defesa dos direitos de l\u00e9sbicas, gays, bissexuais, travestis e transexuais (LGBT+). \u00c9 filiado ao Movimento Nacional de Direitos Humanos e ao F\u00f3rum de ONGs\/AIDS do Piau\u00ed. Reconhecido como entidade de utilidade p\u00fablica pela Lei Estadual n\u00ba 5811, de 27 de novembro de 2008. Atualmente, integra os seguintes \u00f3rg\u00e3os colegiados: Conselho Estadual de Defesa dos Direitos Humanos, Conselho Estadual de Direitos de LGBT, Conselho Municipal de Direitos de LGBT e o F\u00f3rum Municipal de Educa\u00e7\u00e3o.O Matizes \u00e9 signat\u00e1rio de algumas representa\u00e7\u00f5es de repercuss\u00e3o geral,\" \/>\n<meta property=\"og:url\" content=\"https:\/\/matizes.org.br\/site\/matizes-anuncia-programacao-da-parada-da-diversidade-neste-sabado-6\/\" \/>\n<meta property=\"og:site_name\" content=\"Grupo Matizes - Teresina - Piau\u00ed\" \/>\n<meta property=\"article:publisher\" content=\"https:\/\/www.facebook.com\/grupomatizes\/\" \/>\n<meta property=\"article:published_time\" content=\"2022-08-04T18:56:29+00:00\" \/>\n<meta property=\"article:modified_time\" content=\"2022-08-04T18:56:32+00:00\" \/>\n<meta property=\"og:image\" content=\"https:\/\/matizes.org.br\/site\/wp-content\/uploads\/2022\/08\/capa-semana-do-orgulho-de-ser.jpg\" \/>\n\t<meta property=\"og:image:width\" content=\"1045\" \/>\n\t<meta property=\"og:image:height\" content=\"620\" \/>\n\t<meta property=\"og:image:type\" content=\"image\/jpeg\" \/>\n<meta name=\"author\" content=\"Assessoria Matizes\" \/>\n<meta name=\"twitter:card\" content=\"summary_large_image\" \/>\n<meta name=\"twitter:label1\" content=\"Escrito por\" \/>\n\t<meta name=\"twitter:data1\" content=\"Assessoria Matizes\" \/>\n\t<meta name=\"twitter:label2\" content=\"Est. tempo de leitura\" \/>\n\t<meta name=\"twitter:data2\" content=\"2 minutos\" \/>\n<script type=\"application\/ld+json\" class=\"yoast-schema-graph\">{\"@context\":\"https:\/\/schema.org\",\"@graph\":[{\"@type\":\"Article\",\"@id\":\"https:\/\/matizes.org.br\/site\/matizes-anuncia-programacao-da-parada-da-diversidade-neste-sabado-6\/#article\",\"isPartOf\":{\"@id\":\"https:\/\/matizes.org.br\/site\/matizes-anuncia-programacao-da-parada-da-diversidade-neste-sabado-6\/\"},\"author\":{\"name\":\"Assessoria Matizes\",\"@id\":\"https:\/\/matizes.org.br\/site\/#\/schema\/person\/b95a3086d870683e99ecb340cd79118e\"},\"headline\":\"Matizes anuncia programa\u00e7\u00e3o da Parada da Diversidade neste s\u00e1bado (6)\",\"datePublished\":\"2022-08-04T18:56:29+00:00\",\"dateModified\":\"2022-08-04T18:56:32+00:00\",\"mainEntityOfPage\":{\"@id\":\"https:\/\/matizes.org.br\/site\/matizes-anuncia-programacao-da-parada-da-diversidade-neste-sabado-6\/\"},\"wordCount\":272,\"commentCount\":0,\"publisher\":{\"@id\":\"https:\/\/matizes.org.br\/site\/#organization\"},\"image\":{\"@id\":\"https:\/\/matizes.org.br\/site\/matizes-anuncia-programacao-da-parada-da-diversidade-neste-sabado-6\/#primaryimage\"},\"thumbnailUrl\":\"https:\/\/matizes.org.br\/site\/wp-content\/uploads\/2022\/08\/capa-semana-do-orgulho-de-ser.jpg\",\"articleSection\":[\"Not\u00edcias\"],\"inLanguage\":\"pt-BR\",\"potentialAction\":[{\"@type\":\"CommentAction\",\"name\":\"Comment\",\"target\":[\"https:\/\/matizes.org.br\/site\/matizes-anuncia-programacao-da-parada-da-diversidade-neste-sabado-6\/#respond\"]}]},{\"@type\":\"WebPage\",\"@id\":\"https:\/\/matizes.org.br\/site\/matizes-anuncia-programacao-da-parada-da-diversidade-neste-sabado-6\/\",\"url\":\"https:\/\/matizes.org.br\/site\/matizes-anuncia-programacao-da-parada-da-diversidade-neste-sabado-6\/\",\"name\":\"Matizes anuncia programa\u00e7\u00e3o da Parada da Diversidade neste s\u00e1bado (6) - Grupo Matizes - Teresina - Piau\u00ed\",\"isPartOf\":{\"@id\":\"https:\/\/matizes.org.br\/site\/#website\"},\"primaryImageOfPage\":{\"@id\":\"https:\/\/matizes.org.br\/site\/matizes-anuncia-programacao-da-parada-da-diversidade-neste-sabado-6\/#primaryimage\"},\"image\":{\"@id\":\"https:\/\/matizes.org.br\/site\/matizes-anuncia-programacao-da-parada-da-diversidade-neste-sabado-6\/#primaryimage\"},\"thumbnailUrl\":\"https:\/\/matizes.org.br\/site\/wp-content\/uploads\/2022\/08\/capa-semana-do-orgulho-de-ser.jpg\",\"datePublished\":\"2022-08-04T18:56:29+00:00\",\"dateModified\":\"2022-08-04T18:56:32+00:00\",\"description\":\"O Grupo Matizes \u00e9 uma associa\u00e7\u00e3o civil, sem fins lucrativos, fundada em 18 de maio de 2002, cuja miss\u00e3o principal \u00e9 a defesa dos direitos de l\u00e9sbicas, gays, bissexuais, travestis e transexuais (LGBT+). \u00c9 filiado ao Movimento Nacional de Direitos Humanos e ao F\u00f3rum de ONGs\/AIDS do Piau\u00ed. Reconhecido como entidade de utilidade p\u00fablica pela Lei Estadual n\u00ba 5811, de 27 de novembro de 2008. Atualmente, integra os seguintes \u00f3rg\u00e3os colegiados: Conselho Estadual de Defesa dos Direitos Humanos, Conselho Estadual de Direitos de LGBT, Conselho Municipal de Direitos de LGBT e o F\u00f3rum Municipal de Educa\u00e7\u00e3o.O Matizes \u00e9 signat\u00e1rio de algumas representa\u00e7\u00f5es de repercuss\u00e3o geral,\",\"breadcrumb\":{\"@id\":\"https:\/\/matizes.org.br\/site\/matizes-anuncia-programacao-da-parada-da-diversidade-neste-sabado-6\/#breadcrumb\"},\"inLanguage\":\"pt-BR\",\"potentialAction\":[{\"@type\":\"ReadAction\",\"target\":[\"https:\/\/matizes.org.br\/site\/matizes-anuncia-programacao-da-parada-da-diversidade-neste-sabado-6\/\"]}]},{\"@type\":\"ImageObject\",\"inLanguage\":\"pt-BR\",\"@id\":\"https:\/\/matizes.org.br\/site\/matizes-anuncia-programacao-da-parada-da-diversidade-neste-sabado-6\/#primaryimage\",\"url\":\"https:\/\/matizes.org.br\/site\/wp-content\/uploads\/2022\/08\/capa-semana-do-orgulho-de-ser.jpg\",\"contentUrl\":\"https:\/\/matizes.org.br\/site\/wp-content\/uploads\/2022\/08\/capa-semana-do-orgulho-de-ser.jpg\",\"width\":1045,\"height\":620},{\"@type\":\"BreadcrumbList\",\"@id\":\"https:\/\/matizes.org.br\/site\/matizes-anuncia-programacao-da-parada-da-diversidade-neste-sabado-6\/#breadcrumb\",\"itemListElement\":[{\"@type\":\"ListItem\",\"position\":1,\"name\":\"In\u00edcio\",\"item\":\"https:\/\/matizes.org.br\/site\/\"},{\"@type\":\"ListItem\",\"position\":2,\"name\":\"Matizes anuncia programa\u00e7\u00e3o da Parada da Diversidade neste s\u00e1bado (6)\"}]},{\"@type\":\"WebSite\",\"@id\":\"https:\/\/matizes.org.br\/site\/#website\",\"url\":\"https:\/\/matizes.org.br\/site\/\",\"name\":\"Grupo Matizes - Teresina - Piau\u00ed\",\"description\":\"Pela livre express\u00e3o sexual\",\"publisher\":{\"@id\":\"https:\/\/matizes.org.br\/site\/#organization\"},\"potentialAction\":[{\"@type\":\"SearchAction\",\"target\":{\"@type\":\"EntryPoint\",\"urlTemplate\":\"https:\/\/matizes.org.br\/site\/?s={search_term_string}\"},\"query-input\":{\"@type\":\"PropertyValueSpecification\",\"valueRequired\":true,\"valueName\":\"search_term_string\"}}],\"inLanguage\":\"pt-BR\"},{\"@type\":\"Organization\",\"@id\":\"https:\/\/matizes.org.br\/site\/#organization\",\"name\":\"Grupo Matizes - Pela livre express\u00e3o sexual\",\"url\":\"https:\/\/matizes.org.br\/site\/\",\"logo\":{\"@type\":\"ImageObject\",\"inLanguage\":\"pt-BR\",\"@id\":\"https:\/\/matizes.org.br\/site\/#\/schema\/logo\/image\/\",\"url\":\"https:\/\/matizes.org.br\/site\/wp-content\/uploads\/2021\/10\/matizes-logo-site.png\",\"contentUrl\":\"https:\/\/matizes.org.br\/site\/wp-content\/uploads\/2021\/10\/matizes-logo-site.png\",\"width\":460,\"height\":123,\"caption\":\"Grupo Matizes - Pela livre express\u00e3o sexual\"},\"image\":{\"@id\":\"https:\/\/matizes.org.br\/site\/#\/schema\/logo\/image\/\"},\"sameAs\":[\"https:\/\/www.facebook.com\/grupomatizes\/\",\"https:\/\/www.instagram.com\/matizesteresina\/\",\"https:\/\/www.youtube.com\/user\/matizes1000\/videos\"]},{\"@type\":\"Person\",\"@id\":\"https:\/\/matizes.org.br\/site\/#\/schema\/person\/b95a3086d870683e99ecb340cd79118e\",\"name\":\"Assessoria Matizes\",\"image\":{\"@type\":\"ImageObject\",\"inLanguage\":\"pt-BR\",\"@id\":\"https:\/\/matizes.org.br\/site\/#\/schema\/person\/image\/\",\"url\":\"https:\/\/secure.gravatar.com\/avatar\/787e5ffefea0fc2f39104448d518cc9a2501158acc4fd8746b813eae27f48921?s=96&d=mm&r=g\",\"contentUrl\":\"https:\/\/secure.gravatar.com\/avatar\/787e5ffefea0fc2f39104448d518cc9a2501158acc4fd8746b813eae27f48921?s=96&d=mm&r=g\",\"caption\":\"Assessoria Matizes\"},\"sameAs\":[\"https:\/\/matizes.org.br\"]}]}<\/script>\n<!-- \/ Yoast SEO plugin. -->","yoast_head_json":{"title":"Matizes anuncia programa\u00e7\u00e3o da Parada da Diversidade neste s\u00e1bado (6) - Grupo Matizes - Teresina - Piau\u00ed","description":"O Grupo Matizes \u00e9 uma associa\u00e7\u00e3o civil, sem fins lucrativos, fundada em 18 de maio de 2002, cuja miss\u00e3o principal \u00e9 a defesa dos direitos de l\u00e9sbicas, gays, bissexuais, travestis e transexuais (LGBT+). \u00c9 filiado ao Movimento Nacional de Direitos Humanos e ao F\u00f3rum de ONGs\/AIDS do Piau\u00ed. Reconhecido como entidade de utilidade p\u00fablica pela Lei Estadual n\u00ba 5811, de 27 de novembro de 2008. Atualmente, integra os seguintes \u00f3rg\u00e3os colegiados: Conselho Estadual de Defesa dos Direitos Humanos, Conselho Estadual de Direitos de LGBT, Conselho Municipal de Direitos de LGBT e o F\u00f3rum Municipal de Educa\u00e7\u00e3o.O Matizes \u00e9 signat\u00e1rio de algumas representa\u00e7\u00f5es de repercuss\u00e3o geral,","robots":{"index":"index","follow":"follow","max-snippet":"max-snippet:-1","max-image-preview":"max-image-preview:large","max-video-preview":"max-video-preview:-1"},"canonical":"https:\/\/matizes.org.br\/site\/matizes-anuncia-programacao-da-parada-da-diversidade-neste-sabado-6\/","og_locale":"pt_BR","og_type":"article","og_title":"Matizes anuncia programa\u00e7\u00e3o da Parada da Diversidade neste s\u00e1bado (6) - Grupo Matizes - Teresina - Piau\u00ed","og_description":"O Grupo Matizes \u00e9 uma associa\u00e7\u00e3o civil, sem fins lucrativos, fundada em 18 de maio de 2002, cuja miss\u00e3o principal \u00e9 a defesa dos direitos de l\u00e9sbicas, gays, bissexuais, travestis e transexuais (LGBT+). \u00c9 filiado ao Movimento Nacional de Direitos Humanos e ao F\u00f3rum de ONGs\/AIDS do Piau\u00ed. Reconhecido como entidade de utilidade p\u00fablica pela Lei Estadual n\u00ba 5811, de 27 de novembro de 2008. Atualmente, integra os seguintes \u00f3rg\u00e3os colegiados: Conselho Estadual de Defesa dos Direitos Humanos, Conselho Estadual de Direitos de LGBT, Conselho Municipal de Direitos de LGBT e o F\u00f3rum Municipal de Educa\u00e7\u00e3o.O Matizes \u00e9 signat\u00e1rio de algumas representa\u00e7\u00f5es de repercuss\u00e3o geral,","og_url":"https:\/\/matizes.org.br\/site\/matizes-anuncia-programacao-da-parada-da-diversidade-neste-sabado-6\/","og_site_name":"Grupo Matizes - Teresina - Piau\u00ed","article_publisher":"https:\/\/www.facebook.com\/grupomatizes\/","article_published_time":"2022-08-04T18:56:29+00:00","article_modified_time":"2022-08-04T18:56:32+00:00","og_image":[{"width":1045,"height":620,"url":"https:\/\/matizes.org.br\/site\/wp-content\/uploads\/2022\/08\/capa-semana-do-orgulho-de-ser.jpg","type":"image\/jpeg"}],"author":"Assessoria Matizes","twitter_card":"summary_large_image","twitter_misc":{"Escrito por":"Assessoria Matizes","Est. tempo de leitura":"2 minutos"},"schema":{"@context":"https:\/\/schema.org","@graph":[{"@type":"Article","@id":"https:\/\/matizes.org.br\/site\/matizes-anuncia-programacao-da-parada-da-diversidade-neste-sabado-6\/#article","isPartOf":{"@id":"https:\/\/matizes.org.br\/site\/matizes-anuncia-programacao-da-parada-da-diversidade-neste-sabado-6\/"},"author":{"name":"Assessoria Matizes","@id":"https:\/\/matizes.org.br\/site\/#\/schema\/person\/b95a3086d870683e99ecb340cd79118e"},"headline":"Matizes anuncia programa\u00e7\u00e3o da Parada da Diversidade neste s\u00e1bado (6)","datePublished":"2022-08-04T18:56:29+00:00","dateModified":"2022-08-04T18:56:32+00:00","mainEntityOfPage":{"@id":"https:\/\/matizes.org.br\/site\/matizes-anuncia-programacao-da-parada-da-diversidade-neste-sabado-6\/"},"wordCount":272,"commentCount":0,"publisher":{"@id":"https:\/\/matizes.org.br\/site\/#organization"},"image":{"@id":"https:\/\/matizes.org.br\/site\/matizes-anuncia-programacao-da-parada-da-diversidade-neste-sabado-6\/#primaryimage"},"thumbnailUrl":"https:\/\/matizes.org.br\/site\/wp-content\/uploads\/2022\/08\/capa-semana-do-orgulho-de-ser.jpg","articleSection":["Not\u00edcias"],"inLanguage":"pt-BR","potentialAction":[{"@type":"CommentAction","name":"Comment","target":["https:\/\/matizes.org.br\/site\/matizes-anuncia-programacao-da-parada-da-diversidade-neste-sabado-6\/#respond"]}]},{"@type":"WebPage","@id":"https:\/\/matizes.org.br\/site\/matizes-anuncia-programacao-da-parada-da-diversidade-neste-sabado-6\/","url":"https:\/\/matizes.org.br\/site\/matizes-anuncia-programacao-da-parada-da-diversidade-neste-sabado-6\/","name":"Matizes anuncia programa\u00e7\u00e3o da Parada da Diversidade neste s\u00e1bado (6) - Grupo Matizes - Teresina - Piau\u00ed","isPartOf":{"@id":"https:\/\/matizes.org.br\/site\/#website"},"primaryImageOfPage":{"@id":"https:\/\/matizes.org.br\/site\/matizes-anuncia-programacao-da-parada-da-diversidade-neste-sabado-6\/#primaryimage"},"image":{"@id":"https:\/\/matizes.org.br\/site\/matizes-anuncia-programacao-da-parada-da-diversidade-neste-sabado-6\/#primaryimage"},"thumbnailUrl":"https:\/\/matizes.org.br\/site\/wp-content\/uploads\/2022\/08\/capa-semana-do-orgulho-de-ser.jpg","datePublished":"2022-08-04T18:56:29+00:00","dateModified":"2022-08-04T18:56:32+00:00","description":"O Grupo Matizes \u00e9 uma associa\u00e7\u00e3o civil, sem fins lucrativos, fundada em 18 de maio de 2002, cuja miss\u00e3o principal \u00e9 a defesa dos direitos de l\u00e9sbicas, gays, bissexuais, travestis e transexuais (LGBT+). \u00c9 filiado ao Movimento Nacional de Direitos Humanos e ao F\u00f3rum de ONGs\/AIDS do Piau\u00ed. Reconhecido como entidade de utilidade p\u00fablica pela Lei Estadual n\u00ba 5811, de 27 de novembro de 2008. Atualmente, integra os seguintes \u00f3rg\u00e3os colegiados: Conselho Estadual de Defesa dos Direitos Humanos, Conselho Estadual de Direitos de LGBT, Conselho Municipal de Direitos de LGBT e o F\u00f3rum Municipal de Educa\u00e7\u00e3o.O Matizes \u00e9 signat\u00e1rio de algumas representa\u00e7\u00f5es de repercuss\u00e3o geral,","breadcrumb":{"@id":"https:\/\/matizes.org.br\/site\/matizes-anuncia-programacao-da-parada-da-diversidade-neste-sabado-6\/#breadcrumb"},"inLanguage":"pt-BR","potentialAction":[{"@type":"ReadAction","target":["https:\/\/matizes.org.br\/site\/matizes-anuncia-programacao-da-parada-da-diversidade-neste-sabado-6\/"]}]},{"@type":"ImageObject","inLanguage":"pt-BR","@id":"https:\/\/matizes.org.br\/site\/matizes-anuncia-programacao-da-parada-da-diversidade-neste-sabado-6\/#primaryimage","url":"https:\/\/matizes.org.br\/site\/wp-content\/uploads\/2022\/08\/capa-semana-do-orgulho-de-ser.jpg","contentUrl":"https:\/\/matizes.org.br\/site\/wp-content\/uploads\/2022\/08\/capa-semana-do-orgulho-de-ser.jpg","width":1045,"height":620},{"@type":"BreadcrumbList","@id":"https:\/\/matizes.org.br\/site\/matizes-anuncia-programacao-da-parada-da-diversidade-neste-sabado-6\/#breadcrumb","itemListElement":[{"@type":"ListItem","position":1,"name":"In\u00edcio","item":"https:\/\/matizes.org.br\/site\/"},{"@type":"ListItem","position":2,"name":"Matizes anuncia programa\u00e7\u00e3o da Parada da Diversidade neste s\u00e1bado (6)"}]},{"@type":"WebSite","@id":"https:\/\/matizes.org.br\/site\/#website","url":"https:\/\/matizes.org.br\/site\/","name":"Grupo Matizes - Teresina - Piau\u00ed","description":"Pela livre express\u00e3o sexual","publisher":{"@id":"https:\/\/matizes.org.br\/site\/#organization"},"potentialAction":[{"@type":"SearchAction","target":{"@type":"EntryPoint","urlTemplate":"https:\/\/matizes.org.br\/site\/?s={search_term_string}"},"query-input":{"@type":"PropertyValueSpecification","valueRequired":true,"valueName":"search_term_string"}}],"inLanguage":"pt-BR"},{"@type":"Organization","@id":"https:\/\/matizes.org.br\/site\/#organization","name":"Grupo Matizes - Pela livre express\u00e3o sexual","url":"https:\/\/matizes.org.br\/site\/","logo":{"@type":"ImageObject","inLanguage":"pt-BR","@id":"https:\/\/matizes.org.br\/site\/#\/schema\/logo\/image\/","url":"https:\/\/matizes.org.br\/site\/wp-content\/uploads\/2021\/10\/matizes-logo-site.png","contentUrl":"https:\/\/matizes.org.br\/site\/wp-content\/uploads\/2021\/10\/matizes-logo-site.png","width":460,"height":123,"caption":"Grupo Matizes - Pela livre express\u00e3o sexual"},"image":{"@id":"https:\/\/matizes.org.br\/site\/#\/schema\/logo\/image\/"},"sameAs":["https:\/\/www.facebook.com\/grupomatizes\/","https:\/\/www.instagram.com\/matizesteresina\/","https:\/\/www.youtube.com\/user\/matizes1000\/videos"]},{"@type":"Person","@id":"https:\/\/matizes.org.br\/site\/#\/schema\/person\/b95a3086d870683e99ecb340cd79118e","name":"Assessoria Matizes","image":{"@type":"ImageObject","inLanguage":"pt-BR","@id":"https:\/\/matizes.org.br\/site\/#\/schema\/person\/image\/","url":"https:\/\/secure.gravatar.com\/avatar\/787e5ffefea0fc2f39104448d518cc9a2501158acc4fd8746b813eae27f48921?s=96&d=mm&r=g","contentUrl":"https:\/\/secure.gravatar.com\/avatar\/787e5ffefea0fc2f39104448d518cc9a2501158acc4fd8746b813eae27f48921?s=96&d=mm&r=g","caption":"Assessoria Matizes"},"sameAs":["https:\/\/matizes.org.br"]}]}},"_links":{"self":[{"href":"https:\/\/matizes.org.br\/site\/wp-json\/wp\/v2\/posts\/1031","targetHints":{"allow":["GET"]}}],"collection":[{"href":"https:\/\/matizes.org.br\/site\/wp-json\/wp\/v2\/posts"}],"about":[{"href":"https:\/\/matizes.org.br\/site\/wp-json\/wp\/v2\/types\/post"}],"author":[{"embeddable":true,"href":"https:\/\/matizes.org.br\/site\/wp-json\/wp\/v2\/users\/2"}],"replies":[{"embeddable":true,"href":"https:\/\/matizes.org.br\/site\/wp-json\/wp\/v2\/comments?post=1031"}],"version-history":[{"count":2,"href":"https:\/\/matizes.org.br\/site\/wp-json\/wp\/v2\/posts\/1031\/revisions"}],"predecessor-version":[{"id":1036,"href":"https:\/\/matizes.org.br\/site\/wp-json\/wp\/v2\/posts\/1031\/revisions\/1036"}],"wp:featuredmedia":[{"embeddable":true,"href":"https:\/\/matizes.org.br\/site\/wp-json\/wp\/v2\/media\/1032"}],"wp:attachment":[{"href":"https:\/\/matizes.org.br\/site\/wp-json\/wp\/v2\/media?parent=1031"}],"wp:term":[{"taxonomy":"category","embeddable":true,"href":"https:\/\/matizes.org.br\/site\/wp-json\/wp\/v2\/categories?post=1031"},{"taxonomy":"post_tag","embeddable":true,"href":"https:\/\/matizes.org.br\/site\/wp-json\/wp\/v2\/tags?post=1031"}],"curies":[{"name":"wp","href":"https:\/\/api.w.org\/{rel}","templated":true}]}}