{"id":1081,"date":"2022-08-29T08:24:00","date_gmt":"2022-08-29T11:24:00","guid":{"rendered":"https:\/\/matizes.org.br\/site\/?p=1081"},"modified":"2022-10-25T12:27:57","modified_gmt":"2022-10-25T15:27:57","slug":"16a-semana-do-orgulho-de-ser-inicia-hoje-29-com-evento-na-ufpi","status":"publish","type":"post","link":"https:\/\/matizes.org.br\/site\/16a-semana-do-orgulho-de-ser-inicia-hoje-29-com-evento-na-ufpi\/","title":{"rendered":"16\u00aa Semana do Orgulho de Ser inicia hoje (29) com evento na UFPI"},"content":{"rendered":"\n<p><\/p>\n\n\n\n<p>O Grupo Matizes dar\u00e1 in\u00edcio, nesta segunda-feira (29), \u00e0 programa\u00e7\u00e3o da 16\u00aa Semana do Orgulho de Ser, evento que contar\u00e1 com uma s\u00e9rie de encontros que visam conscientizar e dar voz \u00e0 luta por direitos da popula\u00e7\u00e3o LGBTQIA+.<\/p>\n\n\n\n<p>O primeiro encontro ser\u00e1 o debate &#8220;Ciranda das cores na interseccionalidade entre LGBTQIA+ e ra\u00e7a: o que dizem os conceitos e as pol\u00edticas nacionais de sa\u00fade?&#8221;, nesta segunda-feira (29). O evento iniciar\u00e1 \u00e0s 14h, na sala 01 do Programa de P\u00f3s-gradua\u00e7\u00e3o em Educa\u00e7\u00e3o &#8211; PPGED, no Centro de Ci\u00eancias da Educa\u00e7\u00e3o (CCE), na UFPI. A programa\u00e7\u00e3o seguir\u00e1 pela semana com palestras, debates e rodas de conversa em diversos locais da cidade.<\/p>\n\n\n\n<p>Na quarta-feira (31), \u00e0s 10h, acontecer\u00e1 a solenidade de entrega do t\u00edtulo de cidad\u00e3o piauiense para o professor Francisco Jr, a poetisa Luiza Catanh\u00eade e os atores J\u00fanior Marks e Wilson Gomes de Sousa, no Plen\u00e1rio da Assembleia Legislativa do Piau\u00ed.<\/p>\n\n\n\n<p>&#8220;Preparamos uma programa\u00e7\u00e3o extensa e muito rica para esta edi\u00e7\u00e3o da Semana do Orgulho de Ser. Nosso objetivo \u00e9 engajar o p\u00fablico jovem na luta por direitos LGBTQIA+, al\u00e9m de levar o debate tamb\u00e9m para outras cidades do Piau\u00ed, com eventos no interior do estado&#8221;, explica o coordenador de comunica\u00e7\u00e3o do Matizes, Herbert Medeiros.<\/p>\n\n\n\n<p>A Semana do Orgulho de Ser encerra no dia 6 de setembro, com a assinatura da Carta do Piau\u00ed para o Enfrentamento \u00e0 LGBTfobia e uma roda de conversa para a apresenta\u00e7\u00e3o do formul\u00e1rio Rog\u00e9ria &#8211; Registro de Ocorr\u00eancia Geral de Emerg\u00eancia e Risco Iminente \u00e0 Comunidade LGBTQIA+. Ser\u00e1 \u00e0s 11h, no Audit\u00f3rio do Tribunal de Justi\u00e7a.<\/p>\n\n\n\n<p>O evento final ser\u00e1 a Parada da Diversidade, no dia 6 de setembro, com concentra\u00e7\u00e3o a partir das 16h, em frente \u00e0 Potycabana e percurso pela Avenida Raul Lopes \u00e0s 18h, encerrando com show de Daniela Mercury.<\/p>\n\n\n\n<p>Al\u00e9m de Teresina, este ano, a Semana do Orgulho de Ser ter\u00e1 eventos em Altos, Amarante e Floriano. Confira a programa\u00e7\u00e3o completa no link: <a href=\"https:\/\/bit.ly\/ProgramacaoSemanadoOrgulhodeSer\">https:\/\/bit.ly\/ProgramacaoSemanadoOrgulhodeSer<\/a><\/p>\n","protected":false},"excerpt":{"rendered":"<p>O Grupo Matizes dar\u00e1 in\u00edcio, nesta segunda-feira (29), \u00e0 programa\u00e7\u00e3o da 16\u00aa Semana do Orgulho de Ser, evento que contar\u00e1 com uma s\u00e9rie de encontros que visam conscientizar e dar voz \u00e0 luta por direitos da popula\u00e7\u00e3o LGBTQIA+. O primeiro encontro ser\u00e1 o debate &#8220;Ciranda das cores na interseccionalidade entre LGBTQIA+ e ra\u00e7a: o que [&hellip;]<\/p>\n","protected":false},"author":2,"featured_media":1085,"comment_status":"open","ping_status":"open","sticky":false,"template":"","format":"standard","meta":{"footnotes":""},"categories":[1],"tags":[],"class_list":["post-1081","post","type-post","status-publish","format-standard","has-post-thumbnail","hentry","category-noticias"],"yoast_head":"<!-- This site is optimized with the Yoast SEO plugin v27.1.1 - https:\/\/yoast.com\/product\/yoast-seo-wordpress\/ -->\n<title>16\u00aa Semana do Orgulho de Ser inicia hoje (29) com evento na UFPI - Grupo Matizes - Teresina - Piau\u00ed<\/title>\n<meta name=\"description\" content=\"O Grupo Matizes \u00e9 uma associa\u00e7\u00e3o civil, sem fins lucrativos, fundada em 18 de maio de 2002, cuja miss\u00e3o principal \u00e9 a defesa dos direitos de l\u00e9sbicas, gays, bissexuais, travestis e transexuais (LGBT+). \u00c9 filiado ao Movimento Nacional de Direitos Humanos e ao F\u00f3rum de ONGs\/AIDS do Piau\u00ed. Reconhecido como entidade de utilidade p\u00fablica pela Lei Estadual n\u00ba 5811, de 27 de novembro de 2008. Atualmente, integra os seguintes \u00f3rg\u00e3os colegiados: Conselho Estadual de Defesa dos Direitos Humanos, Conselho Estadual de Direitos de LGBT, Conselho Municipal de Direitos de LGBT e o F\u00f3rum Municipal de Educa\u00e7\u00e3o.O Matizes \u00e9 signat\u00e1rio de algumas representa\u00e7\u00f5es de repercuss\u00e3o geral,\" \/>\n<meta name=\"robots\" content=\"index, follow, max-snippet:-1, max-image-preview:large, max-video-preview:-1\" \/>\n<link rel=\"canonical\" href=\"https:\/\/matizes.org.br\/site\/16a-semana-do-orgulho-de-ser-inicia-hoje-29-com-evento-na-ufpi\/\" \/>\n<meta property=\"og:locale\" content=\"pt_BR\" \/>\n<meta property=\"og:type\" content=\"article\" \/>\n<meta property=\"og:title\" content=\"16\u00aa Semana do Orgulho de Ser inicia hoje (29) com evento na UFPI - Grupo Matizes - Teresina - Piau\u00ed\" \/>\n<meta property=\"og:description\" content=\"O Grupo Matizes \u00e9 uma associa\u00e7\u00e3o civil, sem fins lucrativos, fundada em 18 de maio de 2002, cuja miss\u00e3o principal \u00e9 a defesa dos direitos de l\u00e9sbicas, gays, bissexuais, travestis e transexuais (LGBT+). \u00c9 filiado ao Movimento Nacional de Direitos Humanos e ao F\u00f3rum de ONGs\/AIDS do Piau\u00ed. Reconhecido como entidade de utilidade p\u00fablica pela Lei Estadual n\u00ba 5811, de 27 de novembro de 2008. Atualmente, integra os seguintes \u00f3rg\u00e3os colegiados: Conselho Estadual de Defesa dos Direitos Humanos, Conselho Estadual de Direitos de LGBT, Conselho Municipal de Direitos de LGBT e o F\u00f3rum Municipal de Educa\u00e7\u00e3o.O Matizes \u00e9 signat\u00e1rio de algumas representa\u00e7\u00f5es de repercuss\u00e3o geral,\" \/>\n<meta property=\"og:url\" content=\"https:\/\/matizes.org.br\/site\/16a-semana-do-orgulho-de-ser-inicia-hoje-29-com-evento-na-ufpi\/\" \/>\n<meta property=\"og:site_name\" content=\"Grupo Matizes - Teresina - Piau\u00ed\" \/>\n<meta property=\"article:publisher\" content=\"https:\/\/www.facebook.com\/grupomatizes\/\" \/>\n<meta property=\"article:published_time\" content=\"2022-08-29T11:24:00+00:00\" \/>\n<meta property=\"article:modified_time\" content=\"2022-10-25T15:27:57+00:00\" \/>\n<meta property=\"og:image\" content=\"https:\/\/matizes.org.br\/site\/wp-content\/uploads\/2022\/08\/16-semana.jpg\" \/>\n\t<meta property=\"og:image:width\" content=\"1080\" \/>\n\t<meta property=\"og:image:height\" content=\"1080\" \/>\n\t<meta property=\"og:image:type\" content=\"image\/jpeg\" \/>\n<meta name=\"author\" content=\"Assessoria Matizes\" \/>\n<meta name=\"twitter:card\" content=\"summary_large_image\" \/>\n<meta name=\"twitter:label1\" content=\"Escrito por\" \/>\n\t<meta name=\"twitter:data1\" content=\"Assessoria Matizes\" \/>\n\t<meta name=\"twitter:label2\" content=\"Est. tempo de leitura\" \/>\n\t<meta name=\"twitter:data2\" content=\"2 minutos\" \/>\n<script type=\"application\/ld+json\" class=\"yoast-schema-graph\">{\"@context\":\"https:\/\/schema.org\",\"@graph\":[{\"@type\":\"Article\",\"@id\":\"https:\/\/matizes.org.br\/site\/16a-semana-do-orgulho-de-ser-inicia-hoje-29-com-evento-na-ufpi\/#article\",\"isPartOf\":{\"@id\":\"https:\/\/matizes.org.br\/site\/16a-semana-do-orgulho-de-ser-inicia-hoje-29-com-evento-na-ufpi\/\"},\"author\":{\"name\":\"Assessoria Matizes\",\"@id\":\"https:\/\/matizes.org.br\/site\/#\/schema\/person\/b95a3086d870683e99ecb340cd79118e\"},\"headline\":\"16\u00aa Semana do Orgulho de Ser inicia hoje (29) com evento na UFPI\",\"datePublished\":\"2022-08-29T11:24:00+00:00\",\"dateModified\":\"2022-10-25T15:27:57+00:00\",\"mainEntityOfPage\":{\"@id\":\"https:\/\/matizes.org.br\/site\/16a-semana-do-orgulho-de-ser-inicia-hoje-29-com-evento-na-ufpi\/\"},\"wordCount\":358,\"commentCount\":0,\"publisher\":{\"@id\":\"https:\/\/matizes.org.br\/site\/#organization\"},\"image\":{\"@id\":\"https:\/\/matizes.org.br\/site\/16a-semana-do-orgulho-de-ser-inicia-hoje-29-com-evento-na-ufpi\/#primaryimage\"},\"thumbnailUrl\":\"https:\/\/matizes.org.br\/site\/wp-content\/uploads\/2022\/08\/16-semana.jpg\",\"articleSection\":[\"Not\u00edcias\"],\"inLanguage\":\"pt-BR\",\"potentialAction\":[{\"@type\":\"CommentAction\",\"name\":\"Comment\",\"target\":[\"https:\/\/matizes.org.br\/site\/16a-semana-do-orgulho-de-ser-inicia-hoje-29-com-evento-na-ufpi\/#respond\"]}]},{\"@type\":\"WebPage\",\"@id\":\"https:\/\/matizes.org.br\/site\/16a-semana-do-orgulho-de-ser-inicia-hoje-29-com-evento-na-ufpi\/\",\"url\":\"https:\/\/matizes.org.br\/site\/16a-semana-do-orgulho-de-ser-inicia-hoje-29-com-evento-na-ufpi\/\",\"name\":\"16\u00aa Semana do Orgulho de Ser inicia hoje (29) com evento na UFPI - Grupo Matizes - Teresina - Piau\u00ed\",\"isPartOf\":{\"@id\":\"https:\/\/matizes.org.br\/site\/#website\"},\"primaryImageOfPage\":{\"@id\":\"https:\/\/matizes.org.br\/site\/16a-semana-do-orgulho-de-ser-inicia-hoje-29-com-evento-na-ufpi\/#primaryimage\"},\"image\":{\"@id\":\"https:\/\/matizes.org.br\/site\/16a-semana-do-orgulho-de-ser-inicia-hoje-29-com-evento-na-ufpi\/#primaryimage\"},\"thumbnailUrl\":\"https:\/\/matizes.org.br\/site\/wp-content\/uploads\/2022\/08\/16-semana.jpg\",\"datePublished\":\"2022-08-29T11:24:00+00:00\",\"dateModified\":\"2022-10-25T15:27:57+00:00\",\"description\":\"O Grupo Matizes \u00e9 uma associa\u00e7\u00e3o civil, sem fins lucrativos, fundada em 18 de maio de 2002, cuja miss\u00e3o principal \u00e9 a defesa dos direitos de l\u00e9sbicas, gays, bissexuais, travestis e transexuais (LGBT+). \u00c9 filiado ao Movimento Nacional de Direitos Humanos e ao F\u00f3rum de ONGs\/AIDS do Piau\u00ed. Reconhecido como entidade de utilidade p\u00fablica pela Lei Estadual n\u00ba 5811, de 27 de novembro de 2008. Atualmente, integra os seguintes \u00f3rg\u00e3os colegiados: Conselho Estadual de Defesa dos Direitos Humanos, Conselho Estadual de Direitos de LGBT, Conselho Municipal de Direitos de LGBT e o F\u00f3rum Municipal de Educa\u00e7\u00e3o.O Matizes \u00e9 signat\u00e1rio de algumas representa\u00e7\u00f5es de repercuss\u00e3o geral,\",\"breadcrumb\":{\"@id\":\"https:\/\/matizes.org.br\/site\/16a-semana-do-orgulho-de-ser-inicia-hoje-29-com-evento-na-ufpi\/#breadcrumb\"},\"inLanguage\":\"pt-BR\",\"potentialAction\":[{\"@type\":\"ReadAction\",\"target\":[\"https:\/\/matizes.org.br\/site\/16a-semana-do-orgulho-de-ser-inicia-hoje-29-com-evento-na-ufpi\/\"]}]},{\"@type\":\"ImageObject\",\"inLanguage\":\"pt-BR\",\"@id\":\"https:\/\/matizes.org.br\/site\/16a-semana-do-orgulho-de-ser-inicia-hoje-29-com-evento-na-ufpi\/#primaryimage\",\"url\":\"https:\/\/matizes.org.br\/site\/wp-content\/uploads\/2022\/08\/16-semana.jpg\",\"contentUrl\":\"https:\/\/matizes.org.br\/site\/wp-content\/uploads\/2022\/08\/16-semana.jpg\",\"width\":1080,\"height\":1080},{\"@type\":\"BreadcrumbList\",\"@id\":\"https:\/\/matizes.org.br\/site\/16a-semana-do-orgulho-de-ser-inicia-hoje-29-com-evento-na-ufpi\/#breadcrumb\",\"itemListElement\":[{\"@type\":\"ListItem\",\"position\":1,\"name\":\"In\u00edcio\",\"item\":\"https:\/\/matizes.org.br\/site\/\"},{\"@type\":\"ListItem\",\"position\":2,\"name\":\"16\u00aa Semana do Orgulho de Ser inicia hoje (29) com evento na UFPI\"}]},{\"@type\":\"WebSite\",\"@id\":\"https:\/\/matizes.org.br\/site\/#website\",\"url\":\"https:\/\/matizes.org.br\/site\/\",\"name\":\"Grupo Matizes - Teresina - Piau\u00ed\",\"description\":\"Pela livre express\u00e3o sexual\",\"publisher\":{\"@id\":\"https:\/\/matizes.org.br\/site\/#organization\"},\"potentialAction\":[{\"@type\":\"SearchAction\",\"target\":{\"@type\":\"EntryPoint\",\"urlTemplate\":\"https:\/\/matizes.org.br\/site\/?s={search_term_string}\"},\"query-input\":{\"@type\":\"PropertyValueSpecification\",\"valueRequired\":true,\"valueName\":\"search_term_string\"}}],\"inLanguage\":\"pt-BR\"},{\"@type\":\"Organization\",\"@id\":\"https:\/\/matizes.org.br\/site\/#organization\",\"name\":\"Grupo Matizes - Pela livre express\u00e3o sexual\",\"url\":\"https:\/\/matizes.org.br\/site\/\",\"logo\":{\"@type\":\"ImageObject\",\"inLanguage\":\"pt-BR\",\"@id\":\"https:\/\/matizes.org.br\/site\/#\/schema\/logo\/image\/\",\"url\":\"https:\/\/matizes.org.br\/site\/wp-content\/uploads\/2021\/10\/matizes-logo-site.png\",\"contentUrl\":\"https:\/\/matizes.org.br\/site\/wp-content\/uploads\/2021\/10\/matizes-logo-site.png\",\"width\":460,\"height\":123,\"caption\":\"Grupo Matizes - Pela livre express\u00e3o sexual\"},\"image\":{\"@id\":\"https:\/\/matizes.org.br\/site\/#\/schema\/logo\/image\/\"},\"sameAs\":[\"https:\/\/www.facebook.com\/grupomatizes\/\",\"https:\/\/www.instagram.com\/matizesteresina\/\",\"https:\/\/www.youtube.com\/user\/matizes1000\/videos\"]},{\"@type\":\"Person\",\"@id\":\"https:\/\/matizes.org.br\/site\/#\/schema\/person\/b95a3086d870683e99ecb340cd79118e\",\"name\":\"Assessoria Matizes\",\"image\":{\"@type\":\"ImageObject\",\"inLanguage\":\"pt-BR\",\"@id\":\"https:\/\/matizes.org.br\/site\/#\/schema\/person\/image\/\",\"url\":\"https:\/\/secure.gravatar.com\/avatar\/787e5ffefea0fc2f39104448d518cc9a2501158acc4fd8746b813eae27f48921?s=96&d=mm&r=g\",\"contentUrl\":\"https:\/\/secure.gravatar.com\/avatar\/787e5ffefea0fc2f39104448d518cc9a2501158acc4fd8746b813eae27f48921?s=96&d=mm&r=g\",\"caption\":\"Assessoria Matizes\"},\"sameAs\":[\"https:\/\/matizes.org.br\"]}]}<\/script>\n<!-- \/ Yoast SEO plugin. -->","yoast_head_json":{"title":"16\u00aa Semana do Orgulho de Ser inicia hoje (29) com evento na UFPI - Grupo Matizes - Teresina - Piau\u00ed","description":"O Grupo Matizes \u00e9 uma associa\u00e7\u00e3o civil, sem fins lucrativos, fundada em 18 de maio de 2002, cuja miss\u00e3o principal \u00e9 a defesa dos direitos de l\u00e9sbicas, gays, bissexuais, travestis e transexuais (LGBT+). \u00c9 filiado ao Movimento Nacional de Direitos Humanos e ao F\u00f3rum de ONGs\/AIDS do Piau\u00ed. Reconhecido como entidade de utilidade p\u00fablica pela Lei Estadual n\u00ba 5811, de 27 de novembro de 2008. Atualmente, integra os seguintes \u00f3rg\u00e3os colegiados: Conselho Estadual de Defesa dos Direitos Humanos, Conselho Estadual de Direitos de LGBT, Conselho Municipal de Direitos de LGBT e o F\u00f3rum Municipal de Educa\u00e7\u00e3o.O Matizes \u00e9 signat\u00e1rio de algumas representa\u00e7\u00f5es de repercuss\u00e3o geral,","robots":{"index":"index","follow":"follow","max-snippet":"max-snippet:-1","max-image-preview":"max-image-preview:large","max-video-preview":"max-video-preview:-1"},"canonical":"https:\/\/matizes.org.br\/site\/16a-semana-do-orgulho-de-ser-inicia-hoje-29-com-evento-na-ufpi\/","og_locale":"pt_BR","og_type":"article","og_title":"16\u00aa Semana do Orgulho de Ser inicia hoje (29) com evento na UFPI - Grupo Matizes - Teresina - Piau\u00ed","og_description":"O Grupo Matizes \u00e9 uma associa\u00e7\u00e3o civil, sem fins lucrativos, fundada em 18 de maio de 2002, cuja miss\u00e3o principal \u00e9 a defesa dos direitos de l\u00e9sbicas, gays, bissexuais, travestis e transexuais (LGBT+). \u00c9 filiado ao Movimento Nacional de Direitos Humanos e ao F\u00f3rum de ONGs\/AIDS do Piau\u00ed. Reconhecido como entidade de utilidade p\u00fablica pela Lei Estadual n\u00ba 5811, de 27 de novembro de 2008. Atualmente, integra os seguintes \u00f3rg\u00e3os colegiados: Conselho Estadual de Defesa dos Direitos Humanos, Conselho Estadual de Direitos de LGBT, Conselho Municipal de Direitos de LGBT e o F\u00f3rum Municipal de Educa\u00e7\u00e3o.O Matizes \u00e9 signat\u00e1rio de algumas representa\u00e7\u00f5es de repercuss\u00e3o geral,","og_url":"https:\/\/matizes.org.br\/site\/16a-semana-do-orgulho-de-ser-inicia-hoje-29-com-evento-na-ufpi\/","og_site_name":"Grupo Matizes - Teresina - Piau\u00ed","article_publisher":"https:\/\/www.facebook.com\/grupomatizes\/","article_published_time":"2022-08-29T11:24:00+00:00","article_modified_time":"2022-10-25T15:27:57+00:00","og_image":[{"width":1080,"height":1080,"url":"https:\/\/matizes.org.br\/site\/wp-content\/uploads\/2022\/08\/16-semana.jpg","type":"image\/jpeg"}],"author":"Assessoria Matizes","twitter_card":"summary_large_image","twitter_misc":{"Escrito por":"Assessoria Matizes","Est. tempo de leitura":"2 minutos"},"schema":{"@context":"https:\/\/schema.org","@graph":[{"@type":"Article","@id":"https:\/\/matizes.org.br\/site\/16a-semana-do-orgulho-de-ser-inicia-hoje-29-com-evento-na-ufpi\/#article","isPartOf":{"@id":"https:\/\/matizes.org.br\/site\/16a-semana-do-orgulho-de-ser-inicia-hoje-29-com-evento-na-ufpi\/"},"author":{"name":"Assessoria Matizes","@id":"https:\/\/matizes.org.br\/site\/#\/schema\/person\/b95a3086d870683e99ecb340cd79118e"},"headline":"16\u00aa Semana do Orgulho de Ser inicia hoje (29) com evento na UFPI","datePublished":"2022-08-29T11:24:00+00:00","dateModified":"2022-10-25T15:27:57+00:00","mainEntityOfPage":{"@id":"https:\/\/matizes.org.br\/site\/16a-semana-do-orgulho-de-ser-inicia-hoje-29-com-evento-na-ufpi\/"},"wordCount":358,"commentCount":0,"publisher":{"@id":"https:\/\/matizes.org.br\/site\/#organization"},"image":{"@id":"https:\/\/matizes.org.br\/site\/16a-semana-do-orgulho-de-ser-inicia-hoje-29-com-evento-na-ufpi\/#primaryimage"},"thumbnailUrl":"https:\/\/matizes.org.br\/site\/wp-content\/uploads\/2022\/08\/16-semana.jpg","articleSection":["Not\u00edcias"],"inLanguage":"pt-BR","potentialAction":[{"@type":"CommentAction","name":"Comment","target":["https:\/\/matizes.org.br\/site\/16a-semana-do-orgulho-de-ser-inicia-hoje-29-com-evento-na-ufpi\/#respond"]}]},{"@type":"WebPage","@id":"https:\/\/matizes.org.br\/site\/16a-semana-do-orgulho-de-ser-inicia-hoje-29-com-evento-na-ufpi\/","url":"https:\/\/matizes.org.br\/site\/16a-semana-do-orgulho-de-ser-inicia-hoje-29-com-evento-na-ufpi\/","name":"16\u00aa Semana do Orgulho de Ser inicia hoje (29) com evento na UFPI - Grupo Matizes - Teresina - Piau\u00ed","isPartOf":{"@id":"https:\/\/matizes.org.br\/site\/#website"},"primaryImageOfPage":{"@id":"https:\/\/matizes.org.br\/site\/16a-semana-do-orgulho-de-ser-inicia-hoje-29-com-evento-na-ufpi\/#primaryimage"},"image":{"@id":"https:\/\/matizes.org.br\/site\/16a-semana-do-orgulho-de-ser-inicia-hoje-29-com-evento-na-ufpi\/#primaryimage"},"thumbnailUrl":"https:\/\/matizes.org.br\/site\/wp-content\/uploads\/2022\/08\/16-semana.jpg","datePublished":"2022-08-29T11:24:00+00:00","dateModified":"2022-10-25T15:27:57+00:00","description":"O Grupo Matizes \u00e9 uma associa\u00e7\u00e3o civil, sem fins lucrativos, fundada em 18 de maio de 2002, cuja miss\u00e3o principal \u00e9 a defesa dos direitos de l\u00e9sbicas, gays, bissexuais, travestis e transexuais (LGBT+). \u00c9 filiado ao Movimento Nacional de Direitos Humanos e ao F\u00f3rum de ONGs\/AIDS do Piau\u00ed. Reconhecido como entidade de utilidade p\u00fablica pela Lei Estadual n\u00ba 5811, de 27 de novembro de 2008. Atualmente, integra os seguintes \u00f3rg\u00e3os colegiados: Conselho Estadual de Defesa dos Direitos Humanos, Conselho Estadual de Direitos de LGBT, Conselho Municipal de Direitos de LGBT e o F\u00f3rum Municipal de Educa\u00e7\u00e3o.O Matizes \u00e9 signat\u00e1rio de algumas representa\u00e7\u00f5es de repercuss\u00e3o geral,","breadcrumb":{"@id":"https:\/\/matizes.org.br\/site\/16a-semana-do-orgulho-de-ser-inicia-hoje-29-com-evento-na-ufpi\/#breadcrumb"},"inLanguage":"pt-BR","potentialAction":[{"@type":"ReadAction","target":["https:\/\/matizes.org.br\/site\/16a-semana-do-orgulho-de-ser-inicia-hoje-29-com-evento-na-ufpi\/"]}]},{"@type":"ImageObject","inLanguage":"pt-BR","@id":"https:\/\/matizes.org.br\/site\/16a-semana-do-orgulho-de-ser-inicia-hoje-29-com-evento-na-ufpi\/#primaryimage","url":"https:\/\/matizes.org.br\/site\/wp-content\/uploads\/2022\/08\/16-semana.jpg","contentUrl":"https:\/\/matizes.org.br\/site\/wp-content\/uploads\/2022\/08\/16-semana.jpg","width":1080,"height":1080},{"@type":"BreadcrumbList","@id":"https:\/\/matizes.org.br\/site\/16a-semana-do-orgulho-de-ser-inicia-hoje-29-com-evento-na-ufpi\/#breadcrumb","itemListElement":[{"@type":"ListItem","position":1,"name":"In\u00edcio","item":"https:\/\/matizes.org.br\/site\/"},{"@type":"ListItem","position":2,"name":"16\u00aa Semana do Orgulho de Ser inicia hoje (29) com evento na UFPI"}]},{"@type":"WebSite","@id":"https:\/\/matizes.org.br\/site\/#website","url":"https:\/\/matizes.org.br\/site\/","name":"Grupo Matizes - Teresina - Piau\u00ed","description":"Pela livre express\u00e3o sexual","publisher":{"@id":"https:\/\/matizes.org.br\/site\/#organization"},"potentialAction":[{"@type":"SearchAction","target":{"@type":"EntryPoint","urlTemplate":"https:\/\/matizes.org.br\/site\/?s={search_term_string}"},"query-input":{"@type":"PropertyValueSpecification","valueRequired":true,"valueName":"search_term_string"}}],"inLanguage":"pt-BR"},{"@type":"Organization","@id":"https:\/\/matizes.org.br\/site\/#organization","name":"Grupo Matizes - Pela livre express\u00e3o sexual","url":"https:\/\/matizes.org.br\/site\/","logo":{"@type":"ImageObject","inLanguage":"pt-BR","@id":"https:\/\/matizes.org.br\/site\/#\/schema\/logo\/image\/","url":"https:\/\/matizes.org.br\/site\/wp-content\/uploads\/2021\/10\/matizes-logo-site.png","contentUrl":"https:\/\/matizes.org.br\/site\/wp-content\/uploads\/2021\/10\/matizes-logo-site.png","width":460,"height":123,"caption":"Grupo Matizes - Pela livre express\u00e3o sexual"},"image":{"@id":"https:\/\/matizes.org.br\/site\/#\/schema\/logo\/image\/"},"sameAs":["https:\/\/www.facebook.com\/grupomatizes\/","https:\/\/www.instagram.com\/matizesteresina\/","https:\/\/www.youtube.com\/user\/matizes1000\/videos"]},{"@type":"Person","@id":"https:\/\/matizes.org.br\/site\/#\/schema\/person\/b95a3086d870683e99ecb340cd79118e","name":"Assessoria Matizes","image":{"@type":"ImageObject","inLanguage":"pt-BR","@id":"https:\/\/matizes.org.br\/site\/#\/schema\/person\/image\/","url":"https:\/\/secure.gravatar.com\/avatar\/787e5ffefea0fc2f39104448d518cc9a2501158acc4fd8746b813eae27f48921?s=96&d=mm&r=g","contentUrl":"https:\/\/secure.gravatar.com\/avatar\/787e5ffefea0fc2f39104448d518cc9a2501158acc4fd8746b813eae27f48921?s=96&d=mm&r=g","caption":"Assessoria Matizes"},"sameAs":["https:\/\/matizes.org.br"]}]}},"_links":{"self":[{"href":"https:\/\/matizes.org.br\/site\/wp-json\/wp\/v2\/posts\/1081","targetHints":{"allow":["GET"]}}],"collection":[{"href":"https:\/\/matizes.org.br\/site\/wp-json\/wp\/v2\/posts"}],"about":[{"href":"https:\/\/matizes.org.br\/site\/wp-json\/wp\/v2\/types\/post"}],"author":[{"embeddable":true,"href":"https:\/\/matizes.org.br\/site\/wp-json\/wp\/v2\/users\/2"}],"replies":[{"embeddable":true,"href":"https:\/\/matizes.org.br\/site\/wp-json\/wp\/v2\/comments?post=1081"}],"version-history":[{"count":1,"href":"https:\/\/matizes.org.br\/site\/wp-json\/wp\/v2\/posts\/1081\/revisions"}],"predecessor-version":[{"id":1082,"href":"https:\/\/matizes.org.br\/site\/wp-json\/wp\/v2\/posts\/1081\/revisions\/1082"}],"wp:featuredmedia":[{"embeddable":true,"href":"https:\/\/matizes.org.br\/site\/wp-json\/wp\/v2\/media\/1085"}],"wp:attachment":[{"href":"https:\/\/matizes.org.br\/site\/wp-json\/wp\/v2\/media?parent=1081"}],"wp:term":[{"taxonomy":"category","embeddable":true,"href":"https:\/\/matizes.org.br\/site\/wp-json\/wp\/v2\/categories?post=1081"},{"taxonomy":"post_tag","embeddable":true,"href":"https:\/\/matizes.org.br\/site\/wp-json\/wp\/v2\/tags?post=1081"}],"curies":[{"name":"wp","href":"https:\/\/api.w.org\/{rel}","templated":true}]}}