{"id":1131,"date":"2023-03-07T19:06:38","date_gmt":"2023-03-07T22:06:38","guid":{"rendered":"https:\/\/matizes.org.br\/site\/?p=1131"},"modified":"2023-03-07T19:08:46","modified_gmt":"2023-03-07T22:08:46","slug":"coordenadora-do-matizes-e-homenageada-em-exposicao-de-mulheres-pioneiras-do-piaui","status":"publish","type":"post","link":"https:\/\/matizes.org.br\/site\/coordenadora-do-matizes-e-homenageada-em-exposicao-de-mulheres-pioneiras-do-piaui\/","title":{"rendered":"Coordenadora do Matizes \u00e9 homenageada em exposi\u00e7\u00e3o de mulheres pioneiras do Piau\u00ed"},"content":{"rendered":"\t\t<div data-elementor-type=\"wp-post\" data-elementor-id=\"1131\" class=\"elementor elementor-1131\" data-elementor-post-type=\"post\">\n\t\t\t\t\t\t<section class=\"elementor-section elementor-top-section elementor-element elementor-element-2db29e91 elementor-section-boxed elementor-section-height-default elementor-section-height-default\" data-id=\"2db29e91\" data-element_type=\"section\" data-e-type=\"section\">\n\t\t\t\t\t\t<div class=\"elementor-container elementor-column-gap-default\">\n\t\t\t\t\t<div class=\"elementor-column elementor-col-100 elementor-top-column elementor-element elementor-element-2e79e22\" data-id=\"2e79e22\" data-element_type=\"column\" data-e-type=\"column\">\n\t\t\t<div class=\"elementor-widget-wrap elementor-element-populated\">\n\t\t\t\t\t\t<div class=\"elementor-element elementor-element-9b85df3 elementor-widget elementor-widget-text-editor\" data-id=\"9b85df3\" data-element_type=\"widget\" data-e-type=\"widget\" data-widget_type=\"text-editor.default\">\n\t\t\t\t<div class=\"elementor-widget-container\">\n\t\t\t\t\t\t\t\t\t<p><\/p>\n<p>A vice-coordenadora do Grupo Matizes, Marinalva Santana, \u00e9 uma das 29 mulheres piauienses homenageadas na exposi\u00e7\u00e3o &#8220;As Pioneiras&#8221;, promovida pelo Conselho Estadual de Cultura.<\/p>\n<p>A exposi\u00e7\u00e3o tem o objetivo de reconhecer o trabalho das precursoras em diversas \u00e1reas de atua\u00e7\u00e3o no Piau\u00ed, como a pol\u00edtica, magistratura, ativismo social, pintura, dentre outras.<\/p>\n<p><span style=\"color: var( --e-global-color-text ); font-family: var( --e-global-typography-text-font-family ), Sans-serif; font-weight: var( --e-global-typography-text-font-weight );\"><img fetchpriority=\"high\" decoding=\"async\" class=\"aligncenter\" src=\"https:\/\/matizes.org.br\/site\/wp-content\/uploads\/2023\/03\/WhatsApp-Image-2023-03-06-at-08.40.38-1-225x300.jpeg\" alt=\"\" width=\"225\" height=\"300\"><\/span><\/p>\n<p><span style=\"color: var( --e-global-color-text ); font-family: var( --e-global-typography-text-font-family ), Sans-serif; font-weight: var( --e-global-typography-text-font-weight );\"><br><\/span><\/p><p><span style=\"color: var( --e-global-color-text ); font-family: var( --e-global-typography-text-font-family ), Sans-serif; font-weight: var( --e-global-typography-text-font-weight );\">Marinalva Santana representa a luta pelos direitos das l\u00e9sbicas, sendo uma das criadoras do Grupo Matizes em 2002 no estado. &#8220;A gente fica muito grata, alegre, com a homenagem. Isso nos d\u00e1 mais for\u00e7a e coragem para continuar na luta. J\u00e1 s\u00e3o 20 anos de hist\u00f3ria do Grupo Matizes. Reconhecimentos como esse s\u00e3o importantes, inclusive, para a gente repensar nossas estrat\u00e9gias de luta e seguir em frente, pois ainda \u00e9 necess\u00e1rio ter grupos defendendo a bandeira LGBTQIA+&#8221;, afirma a vice-coordenadora do Grupo.<\/span><\/p>\n<div>\n<p><\/p>\n<p><\/p>\n<p>A exposi\u00e7\u00e3o acontece at\u00e9 a pr\u00f3xima sexta-feira (10), no t\u00e9rreo do pr\u00e9dio do F\u00f3rum C\u00edvel e Criminal, localizado no Centro C\u00edvico, no bairro Cabral em Teresina. A visita\u00e7\u00e3o \u00e9 gratuita e acontece das 8h \u00e0s 17h.<\/p>\n<p><\/p>\n<\/div>\t\t\t\t\t\t\t\t<\/div>\n\t\t\t\t<\/div>\n\t\t\t\t\t<\/div>\n\t\t<\/div>\n\t\t\t\t\t<\/div>\n\t\t<\/section>\n\t\t\t\t<\/div>\n\t\t","protected":false},"excerpt":{"rendered":"<p>A vice-coordenadora do Grupo Matizes, Marinalva Santana, \u00e9 uma das 29 mulheres piauienses homenageadas na exposi\u00e7\u00e3o &#8220;As Pioneiras&#8221;, promovida pelo Conselho Estadual de Cultura. A exposi\u00e7\u00e3o tem o objetivo de reconhecer o trabalho das precursoras em diversas \u00e1reas de atua\u00e7\u00e3o no Piau\u00ed, como a pol\u00edtica, magistratura, ativismo social, pintura, dentre outras. Marinalva Santana representa a [&hellip;]<\/p>\n","protected":false},"author":2,"featured_media":1133,"comment_status":"open","ping_status":"open","sticky":false,"template":"","format":"standard","meta":{"footnotes":""},"categories":[1],"tags":[],"class_list":["post-1131","post","type-post","status-publish","format-standard","has-post-thumbnail","hentry","category-noticias"],"yoast_head":"<!-- This site is optimized with the Yoast SEO plugin v27.1.1 - https:\/\/yoast.com\/product\/yoast-seo-wordpress\/ -->\n<title>Coordenadora do Matizes \u00e9 homenageada em exposi\u00e7\u00e3o de mulheres pioneiras do Piau\u00ed - Grupo Matizes - Teresina - Piau\u00ed<\/title>\n<meta name=\"description\" content=\"O Grupo Matizes \u00e9 uma associa\u00e7\u00e3o civil, sem fins lucrativos, fundada em 18 de maio de 2002, cuja miss\u00e3o principal \u00e9 a defesa dos direitos de l\u00e9sbicas, gays, bissexuais, travestis e transexuais (LGBT+). \u00c9 filiado ao Movimento Nacional de Direitos Humanos e ao F\u00f3rum de ONGs\/AIDS do Piau\u00ed. Reconhecido como entidade de utilidade p\u00fablica pela Lei Estadual n\u00ba 5811, de 27 de novembro de 2008. Atualmente, integra os seguintes \u00f3rg\u00e3os colegiados: Conselho Estadual de Defesa dos Direitos Humanos, Conselho Estadual de Direitos de LGBT, Conselho Municipal de Direitos de LGBT e o F\u00f3rum Municipal de Educa\u00e7\u00e3o.O Matizes \u00e9 signat\u00e1rio de algumas representa\u00e7\u00f5es de repercuss\u00e3o geral,\" \/>\n<meta name=\"robots\" content=\"index, follow, max-snippet:-1, max-image-preview:large, max-video-preview:-1\" \/>\n<link rel=\"canonical\" href=\"https:\/\/matizes.org.br\/site\/coordenadora-do-matizes-e-homenageada-em-exposicao-de-mulheres-pioneiras-do-piaui\/\" \/>\n<meta property=\"og:locale\" content=\"pt_BR\" \/>\n<meta property=\"og:type\" content=\"article\" \/>\n<meta property=\"og:title\" content=\"Coordenadora do Matizes \u00e9 homenageada em exposi\u00e7\u00e3o de mulheres pioneiras do Piau\u00ed - Grupo Matizes - Teresina - Piau\u00ed\" \/>\n<meta property=\"og:description\" content=\"O Grupo Matizes \u00e9 uma associa\u00e7\u00e3o civil, sem fins lucrativos, fundada em 18 de maio de 2002, cuja miss\u00e3o principal \u00e9 a defesa dos direitos de l\u00e9sbicas, gays, bissexuais, travestis e transexuais (LGBT+). \u00c9 filiado ao Movimento Nacional de Direitos Humanos e ao F\u00f3rum de ONGs\/AIDS do Piau\u00ed. Reconhecido como entidade de utilidade p\u00fablica pela Lei Estadual n\u00ba 5811, de 27 de novembro de 2008. Atualmente, integra os seguintes \u00f3rg\u00e3os colegiados: Conselho Estadual de Defesa dos Direitos Humanos, Conselho Estadual de Direitos de LGBT, Conselho Municipal de Direitos de LGBT e o F\u00f3rum Municipal de Educa\u00e7\u00e3o.O Matizes \u00e9 signat\u00e1rio de algumas representa\u00e7\u00f5es de repercuss\u00e3o geral,\" \/>\n<meta property=\"og:url\" content=\"https:\/\/matizes.org.br\/site\/coordenadora-do-matizes-e-homenageada-em-exposicao-de-mulheres-pioneiras-do-piaui\/\" \/>\n<meta property=\"og:site_name\" content=\"Grupo Matizes - Teresina - Piau\u00ed\" \/>\n<meta property=\"article:publisher\" content=\"https:\/\/www.facebook.com\/grupomatizes\/\" \/>\n<meta property=\"article:published_time\" content=\"2023-03-07T22:06:38+00:00\" \/>\n<meta property=\"article:modified_time\" content=\"2023-03-07T22:08:46+00:00\" \/>\n<meta property=\"og:image\" content=\"https:\/\/matizes.org.br\/site\/wp-content\/uploads\/2023\/03\/WhatsApp-Image-2023-03-06-at-08.40.38.jpeg\" \/>\n\t<meta property=\"og:image:width\" content=\"823\" \/>\n\t<meta property=\"og:image:height\" content=\"1065\" \/>\n\t<meta property=\"og:image:type\" content=\"image\/jpeg\" \/>\n<meta name=\"author\" content=\"Assessoria Matizes\" \/>\n<meta name=\"twitter:card\" content=\"summary_large_image\" \/>\n<meta name=\"twitter:label1\" content=\"Escrito por\" \/>\n\t<meta name=\"twitter:data1\" content=\"Assessoria Matizes\" \/>\n\t<meta name=\"twitter:label2\" content=\"Est. tempo de leitura\" \/>\n\t<meta name=\"twitter:data2\" content=\"2 minutos\" \/>\n<script type=\"application\/ld+json\" class=\"yoast-schema-graph\">{\"@context\":\"https:\/\/schema.org\",\"@graph\":[{\"@type\":\"Article\",\"@id\":\"https:\/\/matizes.org.br\/site\/coordenadora-do-matizes-e-homenageada-em-exposicao-de-mulheres-pioneiras-do-piaui\/#article\",\"isPartOf\":{\"@id\":\"https:\/\/matizes.org.br\/site\/coordenadora-do-matizes-e-homenageada-em-exposicao-de-mulheres-pioneiras-do-piaui\/\"},\"author\":{\"name\":\"Assessoria Matizes\",\"@id\":\"https:\/\/matizes.org.br\/site\/#\/schema\/person\/b95a3086d870683e99ecb340cd79118e\"},\"headline\":\"Coordenadora do Matizes \u00e9 homenageada em exposi\u00e7\u00e3o de mulheres pioneiras do Piau\u00ed\",\"datePublished\":\"2023-03-07T22:06:38+00:00\",\"dateModified\":\"2023-03-07T22:08:46+00:00\",\"mainEntityOfPage\":{\"@id\":\"https:\/\/matizes.org.br\/site\/coordenadora-do-matizes-e-homenageada-em-exposicao-de-mulheres-pioneiras-do-piaui\/\"},\"wordCount\":193,\"commentCount\":0,\"publisher\":{\"@id\":\"https:\/\/matizes.org.br\/site\/#organization\"},\"image\":{\"@id\":\"https:\/\/matizes.org.br\/site\/coordenadora-do-matizes-e-homenageada-em-exposicao-de-mulheres-pioneiras-do-piaui\/#primaryimage\"},\"thumbnailUrl\":\"https:\/\/matizes.org.br\/site\/wp-content\/uploads\/2023\/03\/WhatsApp-Image-2023-03-06-at-08.40.38.jpeg\",\"articleSection\":[\"Not\u00edcias\"],\"inLanguage\":\"pt-BR\",\"potentialAction\":[{\"@type\":\"CommentAction\",\"name\":\"Comment\",\"target\":[\"https:\/\/matizes.org.br\/site\/coordenadora-do-matizes-e-homenageada-em-exposicao-de-mulheres-pioneiras-do-piaui\/#respond\"]}]},{\"@type\":\"WebPage\",\"@id\":\"https:\/\/matizes.org.br\/site\/coordenadora-do-matizes-e-homenageada-em-exposicao-de-mulheres-pioneiras-do-piaui\/\",\"url\":\"https:\/\/matizes.org.br\/site\/coordenadora-do-matizes-e-homenageada-em-exposicao-de-mulheres-pioneiras-do-piaui\/\",\"name\":\"Coordenadora do Matizes \u00e9 homenageada em exposi\u00e7\u00e3o de mulheres pioneiras do Piau\u00ed - Grupo Matizes - Teresina - Piau\u00ed\",\"isPartOf\":{\"@id\":\"https:\/\/matizes.org.br\/site\/#website\"},\"primaryImageOfPage\":{\"@id\":\"https:\/\/matizes.org.br\/site\/coordenadora-do-matizes-e-homenageada-em-exposicao-de-mulheres-pioneiras-do-piaui\/#primaryimage\"},\"image\":{\"@id\":\"https:\/\/matizes.org.br\/site\/coordenadora-do-matizes-e-homenageada-em-exposicao-de-mulheres-pioneiras-do-piaui\/#primaryimage\"},\"thumbnailUrl\":\"https:\/\/matizes.org.br\/site\/wp-content\/uploads\/2023\/03\/WhatsApp-Image-2023-03-06-at-08.40.38.jpeg\",\"datePublished\":\"2023-03-07T22:06:38+00:00\",\"dateModified\":\"2023-03-07T22:08:46+00:00\",\"description\":\"O Grupo Matizes \u00e9 uma associa\u00e7\u00e3o civil, sem fins lucrativos, fundada em 18 de maio de 2002, cuja miss\u00e3o principal \u00e9 a defesa dos direitos de l\u00e9sbicas, gays, bissexuais, travestis e transexuais (LGBT+). \u00c9 filiado ao Movimento Nacional de Direitos Humanos e ao F\u00f3rum de ONGs\/AIDS do Piau\u00ed. Reconhecido como entidade de utilidade p\u00fablica pela Lei Estadual n\u00ba 5811, de 27 de novembro de 2008. Atualmente, integra os seguintes \u00f3rg\u00e3os colegiados: Conselho Estadual de Defesa dos Direitos Humanos, Conselho Estadual de Direitos de LGBT, Conselho Municipal de Direitos de LGBT e o F\u00f3rum Municipal de Educa\u00e7\u00e3o.O Matizes \u00e9 signat\u00e1rio de algumas representa\u00e7\u00f5es de repercuss\u00e3o geral,\",\"breadcrumb\":{\"@id\":\"https:\/\/matizes.org.br\/site\/coordenadora-do-matizes-e-homenageada-em-exposicao-de-mulheres-pioneiras-do-piaui\/#breadcrumb\"},\"inLanguage\":\"pt-BR\",\"potentialAction\":[{\"@type\":\"ReadAction\",\"target\":[\"https:\/\/matizes.org.br\/site\/coordenadora-do-matizes-e-homenageada-em-exposicao-de-mulheres-pioneiras-do-piaui\/\"]}]},{\"@type\":\"ImageObject\",\"inLanguage\":\"pt-BR\",\"@id\":\"https:\/\/matizes.org.br\/site\/coordenadora-do-matizes-e-homenageada-em-exposicao-de-mulheres-pioneiras-do-piaui\/#primaryimage\",\"url\":\"https:\/\/matizes.org.br\/site\/wp-content\/uploads\/2023\/03\/WhatsApp-Image-2023-03-06-at-08.40.38.jpeg\",\"contentUrl\":\"https:\/\/matizes.org.br\/site\/wp-content\/uploads\/2023\/03\/WhatsApp-Image-2023-03-06-at-08.40.38.jpeg\",\"width\":823,\"height\":1065,\"caption\":\"Marinalva Santana, vice-coordenadora do Grupo Matizes, \u00e9 umas das homenageadas da exposi\u00e7\u00e3o \\\"As Pioneiras\\\"\"},{\"@type\":\"BreadcrumbList\",\"@id\":\"https:\/\/matizes.org.br\/site\/coordenadora-do-matizes-e-homenageada-em-exposicao-de-mulheres-pioneiras-do-piaui\/#breadcrumb\",\"itemListElement\":[{\"@type\":\"ListItem\",\"position\":1,\"name\":\"In\u00edcio\",\"item\":\"https:\/\/matizes.org.br\/site\/\"},{\"@type\":\"ListItem\",\"position\":2,\"name\":\"Coordenadora do Matizes \u00e9 homenageada em exposi\u00e7\u00e3o de mulheres pioneiras do Piau\u00ed\"}]},{\"@type\":\"WebSite\",\"@id\":\"https:\/\/matizes.org.br\/site\/#website\",\"url\":\"https:\/\/matizes.org.br\/site\/\",\"name\":\"Grupo Matizes - Teresina - Piau\u00ed\",\"description\":\"Pela livre express\u00e3o sexual\",\"publisher\":{\"@id\":\"https:\/\/matizes.org.br\/site\/#organization\"},\"potentialAction\":[{\"@type\":\"SearchAction\",\"target\":{\"@type\":\"EntryPoint\",\"urlTemplate\":\"https:\/\/matizes.org.br\/site\/?s={search_term_string}\"},\"query-input\":{\"@type\":\"PropertyValueSpecification\",\"valueRequired\":true,\"valueName\":\"search_term_string\"}}],\"inLanguage\":\"pt-BR\"},{\"@type\":\"Organization\",\"@id\":\"https:\/\/matizes.org.br\/site\/#organization\",\"name\":\"Grupo Matizes - Pela livre express\u00e3o sexual\",\"url\":\"https:\/\/matizes.org.br\/site\/\",\"logo\":{\"@type\":\"ImageObject\",\"inLanguage\":\"pt-BR\",\"@id\":\"https:\/\/matizes.org.br\/site\/#\/schema\/logo\/image\/\",\"url\":\"https:\/\/matizes.org.br\/site\/wp-content\/uploads\/2021\/10\/matizes-logo-site.png\",\"contentUrl\":\"https:\/\/matizes.org.br\/site\/wp-content\/uploads\/2021\/10\/matizes-logo-site.png\",\"width\":460,\"height\":123,\"caption\":\"Grupo Matizes - Pela livre express\u00e3o sexual\"},\"image\":{\"@id\":\"https:\/\/matizes.org.br\/site\/#\/schema\/logo\/image\/\"},\"sameAs\":[\"https:\/\/www.facebook.com\/grupomatizes\/\",\"https:\/\/www.instagram.com\/matizesteresina\/\",\"https:\/\/www.youtube.com\/user\/matizes1000\/videos\"]},{\"@type\":\"Person\",\"@id\":\"https:\/\/matizes.org.br\/site\/#\/schema\/person\/b95a3086d870683e99ecb340cd79118e\",\"name\":\"Assessoria Matizes\",\"image\":{\"@type\":\"ImageObject\",\"inLanguage\":\"pt-BR\",\"@id\":\"https:\/\/matizes.org.br\/site\/#\/schema\/person\/image\/\",\"url\":\"https:\/\/secure.gravatar.com\/avatar\/787e5ffefea0fc2f39104448d518cc9a2501158acc4fd8746b813eae27f48921?s=96&d=mm&r=g\",\"contentUrl\":\"https:\/\/secure.gravatar.com\/avatar\/787e5ffefea0fc2f39104448d518cc9a2501158acc4fd8746b813eae27f48921?s=96&d=mm&r=g\",\"caption\":\"Assessoria Matizes\"},\"sameAs\":[\"https:\/\/matizes.org.br\"]}]}<\/script>\n<!-- \/ Yoast SEO plugin. -->","yoast_head_json":{"title":"Coordenadora do Matizes \u00e9 homenageada em exposi\u00e7\u00e3o de mulheres pioneiras do Piau\u00ed - Grupo Matizes - Teresina - Piau\u00ed","description":"O Grupo Matizes \u00e9 uma associa\u00e7\u00e3o civil, sem fins lucrativos, fundada em 18 de maio de 2002, cuja miss\u00e3o principal \u00e9 a defesa dos direitos de l\u00e9sbicas, gays, bissexuais, travestis e transexuais (LGBT+). \u00c9 filiado ao Movimento Nacional de Direitos Humanos e ao F\u00f3rum de ONGs\/AIDS do Piau\u00ed. Reconhecido como entidade de utilidade p\u00fablica pela Lei Estadual n\u00ba 5811, de 27 de novembro de 2008. Atualmente, integra os seguintes \u00f3rg\u00e3os colegiados: Conselho Estadual de Defesa dos Direitos Humanos, Conselho Estadual de Direitos de LGBT, Conselho Municipal de Direitos de LGBT e o F\u00f3rum Municipal de Educa\u00e7\u00e3o.O Matizes \u00e9 signat\u00e1rio de algumas representa\u00e7\u00f5es de repercuss\u00e3o geral,","robots":{"index":"index","follow":"follow","max-snippet":"max-snippet:-1","max-image-preview":"max-image-preview:large","max-video-preview":"max-video-preview:-1"},"canonical":"https:\/\/matizes.org.br\/site\/coordenadora-do-matizes-e-homenageada-em-exposicao-de-mulheres-pioneiras-do-piaui\/","og_locale":"pt_BR","og_type":"article","og_title":"Coordenadora do Matizes \u00e9 homenageada em exposi\u00e7\u00e3o de mulheres pioneiras do Piau\u00ed - Grupo Matizes - Teresina - Piau\u00ed","og_description":"O Grupo Matizes \u00e9 uma associa\u00e7\u00e3o civil, sem fins lucrativos, fundada em 18 de maio de 2002, cuja miss\u00e3o principal \u00e9 a defesa dos direitos de l\u00e9sbicas, gays, bissexuais, travestis e transexuais (LGBT+). \u00c9 filiado ao Movimento Nacional de Direitos Humanos e ao F\u00f3rum de ONGs\/AIDS do Piau\u00ed. Reconhecido como entidade de utilidade p\u00fablica pela Lei Estadual n\u00ba 5811, de 27 de novembro de 2008. Atualmente, integra os seguintes \u00f3rg\u00e3os colegiados: Conselho Estadual de Defesa dos Direitos Humanos, Conselho Estadual de Direitos de LGBT, Conselho Municipal de Direitos de LGBT e o F\u00f3rum Municipal de Educa\u00e7\u00e3o.O Matizes \u00e9 signat\u00e1rio de algumas representa\u00e7\u00f5es de repercuss\u00e3o geral,","og_url":"https:\/\/matizes.org.br\/site\/coordenadora-do-matizes-e-homenageada-em-exposicao-de-mulheres-pioneiras-do-piaui\/","og_site_name":"Grupo Matizes - Teresina - Piau\u00ed","article_publisher":"https:\/\/www.facebook.com\/grupomatizes\/","article_published_time":"2023-03-07T22:06:38+00:00","article_modified_time":"2023-03-07T22:08:46+00:00","og_image":[{"width":823,"height":1065,"url":"https:\/\/matizes.org.br\/site\/wp-content\/uploads\/2023\/03\/WhatsApp-Image-2023-03-06-at-08.40.38.jpeg","type":"image\/jpeg"}],"author":"Assessoria Matizes","twitter_card":"summary_large_image","twitter_misc":{"Escrito por":"Assessoria Matizes","Est. tempo de leitura":"2 minutos"},"schema":{"@context":"https:\/\/schema.org","@graph":[{"@type":"Article","@id":"https:\/\/matizes.org.br\/site\/coordenadora-do-matizes-e-homenageada-em-exposicao-de-mulheres-pioneiras-do-piaui\/#article","isPartOf":{"@id":"https:\/\/matizes.org.br\/site\/coordenadora-do-matizes-e-homenageada-em-exposicao-de-mulheres-pioneiras-do-piaui\/"},"author":{"name":"Assessoria Matizes","@id":"https:\/\/matizes.org.br\/site\/#\/schema\/person\/b95a3086d870683e99ecb340cd79118e"},"headline":"Coordenadora do Matizes \u00e9 homenageada em exposi\u00e7\u00e3o de mulheres pioneiras do Piau\u00ed","datePublished":"2023-03-07T22:06:38+00:00","dateModified":"2023-03-07T22:08:46+00:00","mainEntityOfPage":{"@id":"https:\/\/matizes.org.br\/site\/coordenadora-do-matizes-e-homenageada-em-exposicao-de-mulheres-pioneiras-do-piaui\/"},"wordCount":193,"commentCount":0,"publisher":{"@id":"https:\/\/matizes.org.br\/site\/#organization"},"image":{"@id":"https:\/\/matizes.org.br\/site\/coordenadora-do-matizes-e-homenageada-em-exposicao-de-mulheres-pioneiras-do-piaui\/#primaryimage"},"thumbnailUrl":"https:\/\/matizes.org.br\/site\/wp-content\/uploads\/2023\/03\/WhatsApp-Image-2023-03-06-at-08.40.38.jpeg","articleSection":["Not\u00edcias"],"inLanguage":"pt-BR","potentialAction":[{"@type":"CommentAction","name":"Comment","target":["https:\/\/matizes.org.br\/site\/coordenadora-do-matizes-e-homenageada-em-exposicao-de-mulheres-pioneiras-do-piaui\/#respond"]}]},{"@type":"WebPage","@id":"https:\/\/matizes.org.br\/site\/coordenadora-do-matizes-e-homenageada-em-exposicao-de-mulheres-pioneiras-do-piaui\/","url":"https:\/\/matizes.org.br\/site\/coordenadora-do-matizes-e-homenageada-em-exposicao-de-mulheres-pioneiras-do-piaui\/","name":"Coordenadora do Matizes \u00e9 homenageada em exposi\u00e7\u00e3o de mulheres pioneiras do Piau\u00ed - Grupo Matizes - Teresina - Piau\u00ed","isPartOf":{"@id":"https:\/\/matizes.org.br\/site\/#website"},"primaryImageOfPage":{"@id":"https:\/\/matizes.org.br\/site\/coordenadora-do-matizes-e-homenageada-em-exposicao-de-mulheres-pioneiras-do-piaui\/#primaryimage"},"image":{"@id":"https:\/\/matizes.org.br\/site\/coordenadora-do-matizes-e-homenageada-em-exposicao-de-mulheres-pioneiras-do-piaui\/#primaryimage"},"thumbnailUrl":"https:\/\/matizes.org.br\/site\/wp-content\/uploads\/2023\/03\/WhatsApp-Image-2023-03-06-at-08.40.38.jpeg","datePublished":"2023-03-07T22:06:38+00:00","dateModified":"2023-03-07T22:08:46+00:00","description":"O Grupo Matizes \u00e9 uma associa\u00e7\u00e3o civil, sem fins lucrativos, fundada em 18 de maio de 2002, cuja miss\u00e3o principal \u00e9 a defesa dos direitos de l\u00e9sbicas, gays, bissexuais, travestis e transexuais (LGBT+). \u00c9 filiado ao Movimento Nacional de Direitos Humanos e ao F\u00f3rum de ONGs\/AIDS do Piau\u00ed. Reconhecido como entidade de utilidade p\u00fablica pela Lei Estadual n\u00ba 5811, de 27 de novembro de 2008. Atualmente, integra os seguintes \u00f3rg\u00e3os colegiados: Conselho Estadual de Defesa dos Direitos Humanos, Conselho Estadual de Direitos de LGBT, Conselho Municipal de Direitos de LGBT e o F\u00f3rum Municipal de Educa\u00e7\u00e3o.O Matizes \u00e9 signat\u00e1rio de algumas representa\u00e7\u00f5es de repercuss\u00e3o geral,","breadcrumb":{"@id":"https:\/\/matizes.org.br\/site\/coordenadora-do-matizes-e-homenageada-em-exposicao-de-mulheres-pioneiras-do-piaui\/#breadcrumb"},"inLanguage":"pt-BR","potentialAction":[{"@type":"ReadAction","target":["https:\/\/matizes.org.br\/site\/coordenadora-do-matizes-e-homenageada-em-exposicao-de-mulheres-pioneiras-do-piaui\/"]}]},{"@type":"ImageObject","inLanguage":"pt-BR","@id":"https:\/\/matizes.org.br\/site\/coordenadora-do-matizes-e-homenageada-em-exposicao-de-mulheres-pioneiras-do-piaui\/#primaryimage","url":"https:\/\/matizes.org.br\/site\/wp-content\/uploads\/2023\/03\/WhatsApp-Image-2023-03-06-at-08.40.38.jpeg","contentUrl":"https:\/\/matizes.org.br\/site\/wp-content\/uploads\/2023\/03\/WhatsApp-Image-2023-03-06-at-08.40.38.jpeg","width":823,"height":1065,"caption":"Marinalva Santana, vice-coordenadora do Grupo Matizes, \u00e9 umas das homenageadas da exposi\u00e7\u00e3o \"As Pioneiras\""},{"@type":"BreadcrumbList","@id":"https:\/\/matizes.org.br\/site\/coordenadora-do-matizes-e-homenageada-em-exposicao-de-mulheres-pioneiras-do-piaui\/#breadcrumb","itemListElement":[{"@type":"ListItem","position":1,"name":"In\u00edcio","item":"https:\/\/matizes.org.br\/site\/"},{"@type":"ListItem","position":2,"name":"Coordenadora do Matizes \u00e9 homenageada em exposi\u00e7\u00e3o de mulheres pioneiras do Piau\u00ed"}]},{"@type":"WebSite","@id":"https:\/\/matizes.org.br\/site\/#website","url":"https:\/\/matizes.org.br\/site\/","name":"Grupo Matizes - Teresina - Piau\u00ed","description":"Pela livre express\u00e3o sexual","publisher":{"@id":"https:\/\/matizes.org.br\/site\/#organization"},"potentialAction":[{"@type":"SearchAction","target":{"@type":"EntryPoint","urlTemplate":"https:\/\/matizes.org.br\/site\/?s={search_term_string}"},"query-input":{"@type":"PropertyValueSpecification","valueRequired":true,"valueName":"search_term_string"}}],"inLanguage":"pt-BR"},{"@type":"Organization","@id":"https:\/\/matizes.org.br\/site\/#organization","name":"Grupo Matizes - Pela livre express\u00e3o sexual","url":"https:\/\/matizes.org.br\/site\/","logo":{"@type":"ImageObject","inLanguage":"pt-BR","@id":"https:\/\/matizes.org.br\/site\/#\/schema\/logo\/image\/","url":"https:\/\/matizes.org.br\/site\/wp-content\/uploads\/2021\/10\/matizes-logo-site.png","contentUrl":"https:\/\/matizes.org.br\/site\/wp-content\/uploads\/2021\/10\/matizes-logo-site.png","width":460,"height":123,"caption":"Grupo Matizes - Pela livre express\u00e3o sexual"},"image":{"@id":"https:\/\/matizes.org.br\/site\/#\/schema\/logo\/image\/"},"sameAs":["https:\/\/www.facebook.com\/grupomatizes\/","https:\/\/www.instagram.com\/matizesteresina\/","https:\/\/www.youtube.com\/user\/matizes1000\/videos"]},{"@type":"Person","@id":"https:\/\/matizes.org.br\/site\/#\/schema\/person\/b95a3086d870683e99ecb340cd79118e","name":"Assessoria Matizes","image":{"@type":"ImageObject","inLanguage":"pt-BR","@id":"https:\/\/matizes.org.br\/site\/#\/schema\/person\/image\/","url":"https:\/\/secure.gravatar.com\/avatar\/787e5ffefea0fc2f39104448d518cc9a2501158acc4fd8746b813eae27f48921?s=96&d=mm&r=g","contentUrl":"https:\/\/secure.gravatar.com\/avatar\/787e5ffefea0fc2f39104448d518cc9a2501158acc4fd8746b813eae27f48921?s=96&d=mm&r=g","caption":"Assessoria Matizes"},"sameAs":["https:\/\/matizes.org.br"]}]}},"_links":{"self":[{"href":"https:\/\/matizes.org.br\/site\/wp-json\/wp\/v2\/posts\/1131","targetHints":{"allow":["GET"]}}],"collection":[{"href":"https:\/\/matizes.org.br\/site\/wp-json\/wp\/v2\/posts"}],"about":[{"href":"https:\/\/matizes.org.br\/site\/wp-json\/wp\/v2\/types\/post"}],"author":[{"embeddable":true,"href":"https:\/\/matizes.org.br\/site\/wp-json\/wp\/v2\/users\/2"}],"replies":[{"embeddable":true,"href":"https:\/\/matizes.org.br\/site\/wp-json\/wp\/v2\/comments?post=1131"}],"version-history":[{"count":28,"href":"https:\/\/matizes.org.br\/site\/wp-json\/wp\/v2\/posts\/1131\/revisions"}],"predecessor-version":[{"id":1161,"href":"https:\/\/matizes.org.br\/site\/wp-json\/wp\/v2\/posts\/1131\/revisions\/1161"}],"wp:featuredmedia":[{"embeddable":true,"href":"https:\/\/matizes.org.br\/site\/wp-json\/wp\/v2\/media\/1133"}],"wp:attachment":[{"href":"https:\/\/matizes.org.br\/site\/wp-json\/wp\/v2\/media?parent=1131"}],"wp:term":[{"taxonomy":"category","embeddable":true,"href":"https:\/\/matizes.org.br\/site\/wp-json\/wp\/v2\/categories?post=1131"},{"taxonomy":"post_tag","embeddable":true,"href":"https:\/\/matizes.org.br\/site\/wp-json\/wp\/v2\/tags?post=1131"}],"curies":[{"name":"wp","href":"https:\/\/api.w.org\/{rel}","templated":true}]}}