{"id":1247,"date":"2023-05-17T12:19:34","date_gmt":"2023-05-17T15:19:34","guid":{"rendered":"https:\/\/matizes.org.br\/site\/?p=1247"},"modified":"2023-05-17T12:20:50","modified_gmt":"2023-05-17T15:20:50","slug":"predio-da-dpe-pi-ganha-cores-do-arco-iris-em-comemoracao-ao-dia-internacional-da-luta-contra-a-lgbtfobia","status":"publish","type":"post","link":"https:\/\/matizes.org.br\/site\/predio-da-dpe-pi-ganha-cores-do-arco-iris-em-comemoracao-ao-dia-internacional-da-luta-contra-a-lgbtfobia\/","title":{"rendered":"Pr\u00e9dio da DPE-PI ganha cores do arco-\u00edris em comemora\u00e7\u00e3o ao Dia Internacional da Luta contra a LGBTfobia"},"content":{"rendered":"\n<p class=\"has-text-align-left\">Para marcar o Dia Internacional da Luta contra a LGBTfobia, celebrado em 17 de maio, o pr\u00e9dio da Defensoria P\u00fablica do Estado do Piau\u00ed amanheceu com duas bandeiras gigantes com as cores do arco-\u00edris e do movimento trans em sua fachada.<\/p>\n\n\n\n<p class=\"has-text-align-left\">As bandeiras coloridas, do arco-\u00edris e do do movimento trans, foram cedidas pelo Grupo Matizes \u00e0 DPE-PI.<\/p>\n\n\n\n<p class=\"has-text-align-left\">\u201c\u00c9 muito importante quando \u00f3rg\u00e3os p\u00fablicos desta envergadura demonstram para a toda a sociedade que n\u00f3s existimos e temos direitos como qualquer cidad\u00e3o. Agradecemos a homenagem da Defensoria, sempre parceira nas lutas do Matizes e da popula\u00e7\u00e3o LGBT do Piau\u00ed\u201d, frisa Marinalva Santana, vice-presidente do Matizes.<\/p>\n\n\n\n<figure class=\"wp-block-image size-large\"><img fetchpriority=\"high\" decoding=\"async\" width=\"1024\" height=\"682\" src=\"https:\/\/matizes.org.br\/site\/wp-content\/uploads\/2023\/05\/WhatsApp-Image-2023-05-17-at-10.09.32-1024x682.jpeg\" alt=\"\" class=\"wp-image-1249\" srcset=\"https:\/\/matizes.org.br\/site\/wp-content\/uploads\/2023\/05\/WhatsApp-Image-2023-05-17-at-10.09.32-1024x682.jpeg 1024w, https:\/\/matizes.org.br\/site\/wp-content\/uploads\/2023\/05\/WhatsApp-Image-2023-05-17-at-10.09.32-300x200.jpeg 300w, https:\/\/matizes.org.br\/site\/wp-content\/uploads\/2023\/05\/WhatsApp-Image-2023-05-17-at-10.09.32-768x512.jpeg 768w, https:\/\/matizes.org.br\/site\/wp-content\/uploads\/2023\/05\/WhatsApp-Image-2023-05-17-at-10.09.32-1536x1023.jpeg 1536w, https:\/\/matizes.org.br\/site\/wp-content\/uploads\/2023\/05\/WhatsApp-Image-2023-05-17-at-10.09.32.jpeg 1600w\" sizes=\"(max-width: 1024px) 100vw, 1024px\" \/><\/figure>\n\n\n\n<figure class=\"wp-block-image size-large\"><img fetchpriority=\"high\" decoding=\"async\" width=\"1024\" height=\"682\" src=\"https:\/\/matizes.org.br\/site\/wp-content\/uploads\/2023\/05\/WhatsApp-Image-2023-05-17-at-10.09.32-1024x682.jpeg\" alt=\"\" class=\"wp-image-1249\" srcset=\"https:\/\/matizes.org.br\/site\/wp-content\/uploads\/2023\/05\/WhatsApp-Image-2023-05-17-at-10.09.32-1024x682.jpeg 1024w, https:\/\/matizes.org.br\/site\/wp-content\/uploads\/2023\/05\/WhatsApp-Image-2023-05-17-at-10.09.32-300x200.jpeg 300w, https:\/\/matizes.org.br\/site\/wp-content\/uploads\/2023\/05\/WhatsApp-Image-2023-05-17-at-10.09.32-768x512.jpeg 768w, https:\/\/matizes.org.br\/site\/wp-content\/uploads\/2023\/05\/WhatsApp-Image-2023-05-17-at-10.09.32-1536x1023.jpeg 1536w, https:\/\/matizes.org.br\/site\/wp-content\/uploads\/2023\/05\/WhatsApp-Image-2023-05-17-at-10.09.32.jpeg 1600w\" sizes=\"(max-width: 1024px) 100vw, 1024px\" \/><\/figure>\n","protected":false},"excerpt":{"rendered":"<p>Para marcar o Dia Internacional da Luta contra a LGBTfobia, celebrado em 17 de maio, o pr\u00e9dio da Defensoria P\u00fablica do Estado do Piau\u00ed amanheceu com duas bandeiras gigantes com as cores do arco-\u00edris e do movimento trans em sua fachada. As bandeiras coloridas, do arco-\u00edris e do do movimento trans, foram cedidas pelo Grupo [&hellip;]<\/p>\n","protected":false},"author":2,"featured_media":1249,"comment_status":"open","ping_status":"open","sticky":false,"template":"","format":"standard","meta":{"footnotes":""},"categories":[1],"tags":[17,16,19,18],"class_list":["post-1247","post","type-post","status-publish","format-standard","has-post-thumbnail","hentry","category-noticias","tag-lgbt","tag-lgbtqia","tag-lgbtqiafobia","tag-piaui"],"yoast_head":"<!-- This site is optimized with the Yoast SEO plugin v27.1.1 - https:\/\/yoast.com\/product\/yoast-seo-wordpress\/ -->\n<title>Pr\u00e9dio da DPE-PI ganha cores do arco-\u00edris em comemora\u00e7\u00e3o ao Dia Internacional da Luta contra a LGBTfobia - Grupo Matizes - Teresina - Piau\u00ed<\/title>\n<meta name=\"description\" content=\"O Grupo Matizes \u00e9 uma associa\u00e7\u00e3o civil, sem fins lucrativos, fundada em 18 de maio de 2002, cuja miss\u00e3o principal \u00e9 a defesa dos direitos de l\u00e9sbicas, gays, bissexuais, travestis e transexuais (LGBT+). \u00c9 filiado ao Movimento Nacional de Direitos Humanos e ao F\u00f3rum de ONGs\/AIDS do Piau\u00ed. Reconhecido como entidade de utilidade p\u00fablica pela Lei Estadual n\u00ba 5811, de 27 de novembro de 2008. Atualmente, integra os seguintes \u00f3rg\u00e3os colegiados: Conselho Estadual de Defesa dos Direitos Humanos, Conselho Estadual de Direitos de LGBT, Conselho Municipal de Direitos de LGBT e o F\u00f3rum Municipal de Educa\u00e7\u00e3o.O Matizes \u00e9 signat\u00e1rio de algumas representa\u00e7\u00f5es de repercuss\u00e3o geral,\" \/>\n<meta name=\"robots\" content=\"index, follow, max-snippet:-1, max-image-preview:large, max-video-preview:-1\" \/>\n<link rel=\"canonical\" href=\"https:\/\/matizes.org.br\/site\/predio-da-dpe-pi-ganha-cores-do-arco-iris-em-comemoracao-ao-dia-internacional-da-luta-contra-a-lgbtfobia\/\" \/>\n<meta property=\"og:locale\" content=\"pt_BR\" \/>\n<meta property=\"og:type\" content=\"article\" \/>\n<meta property=\"og:title\" content=\"Pr\u00e9dio da DPE-PI ganha cores do arco-\u00edris em comemora\u00e7\u00e3o ao Dia Internacional da Luta contra a LGBTfobia - Grupo Matizes - Teresina - Piau\u00ed\" \/>\n<meta property=\"og:description\" content=\"O Grupo Matizes \u00e9 uma associa\u00e7\u00e3o civil, sem fins lucrativos, fundada em 18 de maio de 2002, cuja miss\u00e3o principal \u00e9 a defesa dos direitos de l\u00e9sbicas, gays, bissexuais, travestis e transexuais (LGBT+). \u00c9 filiado ao Movimento Nacional de Direitos Humanos e ao F\u00f3rum de ONGs\/AIDS do Piau\u00ed. Reconhecido como entidade de utilidade p\u00fablica pela Lei Estadual n\u00ba 5811, de 27 de novembro de 2008. Atualmente, integra os seguintes \u00f3rg\u00e3os colegiados: Conselho Estadual de Defesa dos Direitos Humanos, Conselho Estadual de Direitos de LGBT, Conselho Municipal de Direitos de LGBT e o F\u00f3rum Municipal de Educa\u00e7\u00e3o.O Matizes \u00e9 signat\u00e1rio de algumas representa\u00e7\u00f5es de repercuss\u00e3o geral,\" \/>\n<meta property=\"og:url\" content=\"https:\/\/matizes.org.br\/site\/predio-da-dpe-pi-ganha-cores-do-arco-iris-em-comemoracao-ao-dia-internacional-da-luta-contra-a-lgbtfobia\/\" \/>\n<meta property=\"og:site_name\" content=\"Grupo Matizes - Teresina - Piau\u00ed\" \/>\n<meta property=\"article:publisher\" content=\"https:\/\/www.facebook.com\/grupomatizes\/\" \/>\n<meta property=\"article:published_time\" content=\"2023-05-17T15:19:34+00:00\" \/>\n<meta property=\"article:modified_time\" content=\"2023-05-17T15:20:50+00:00\" \/>\n<meta property=\"og:image\" content=\"https:\/\/matizes.org.br\/site\/wp-content\/uploads\/2023\/05\/WhatsApp-Image-2023-05-17-at-10.09.32.jpeg\" \/>\n\t<meta property=\"og:image:width\" content=\"1600\" \/>\n\t<meta property=\"og:image:height\" content=\"1066\" \/>\n\t<meta property=\"og:image:type\" content=\"image\/jpeg\" \/>\n<meta name=\"author\" content=\"Assessoria Matizes\" \/>\n<meta name=\"twitter:card\" content=\"summary_large_image\" \/>\n<meta name=\"twitter:label1\" content=\"Escrito por\" \/>\n\t<meta name=\"twitter:data1\" content=\"Assessoria Matizes\" \/>\n\t<meta name=\"twitter:label2\" content=\"Est. tempo de leitura\" \/>\n\t<meta name=\"twitter:data2\" content=\"1 minuto\" \/>\n<script type=\"application\/ld+json\" class=\"yoast-schema-graph\">{\"@context\":\"https:\/\/schema.org\",\"@graph\":[{\"@type\":\"Article\",\"@id\":\"https:\/\/matizes.org.br\/site\/predio-da-dpe-pi-ganha-cores-do-arco-iris-em-comemoracao-ao-dia-internacional-da-luta-contra-a-lgbtfobia\/#article\",\"isPartOf\":{\"@id\":\"https:\/\/matizes.org.br\/site\/predio-da-dpe-pi-ganha-cores-do-arco-iris-em-comemoracao-ao-dia-internacional-da-luta-contra-a-lgbtfobia\/\"},\"author\":{\"name\":\"Assessoria Matizes\",\"@id\":\"https:\/\/matizes.org.br\/site\/#\/schema\/person\/b95a3086d870683e99ecb340cd79118e\"},\"headline\":\"Pr\u00e9dio da DPE-PI ganha cores do arco-\u00edris em comemora\u00e7\u00e3o ao Dia Internacional da Luta contra a LGBTfobia\",\"datePublished\":\"2023-05-17T15:19:34+00:00\",\"dateModified\":\"2023-05-17T15:20:50+00:00\",\"mainEntityOfPage\":{\"@id\":\"https:\/\/matizes.org.br\/site\/predio-da-dpe-pi-ganha-cores-do-arco-iris-em-comemoracao-ao-dia-internacional-da-luta-contra-a-lgbtfobia\/\"},\"wordCount\":130,\"commentCount\":0,\"publisher\":{\"@id\":\"https:\/\/matizes.org.br\/site\/#organization\"},\"image\":{\"@id\":\"https:\/\/matizes.org.br\/site\/predio-da-dpe-pi-ganha-cores-do-arco-iris-em-comemoracao-ao-dia-internacional-da-luta-contra-a-lgbtfobia\/#primaryimage\"},\"thumbnailUrl\":\"https:\/\/matizes.org.br\/site\/wp-content\/uploads\/2023\/05\/WhatsApp-Image-2023-05-17-at-10.09.32.jpeg\",\"keywords\":[\"lgbt\",\"lgbtqia+\",\"lgbtqiafobia\",\"piau\u00ed\"],\"articleSection\":[\"Not\u00edcias\"],\"inLanguage\":\"pt-BR\",\"potentialAction\":[{\"@type\":\"CommentAction\",\"name\":\"Comment\",\"target\":[\"https:\/\/matizes.org.br\/site\/predio-da-dpe-pi-ganha-cores-do-arco-iris-em-comemoracao-ao-dia-internacional-da-luta-contra-a-lgbtfobia\/#respond\"]}]},{\"@type\":\"WebPage\",\"@id\":\"https:\/\/matizes.org.br\/site\/predio-da-dpe-pi-ganha-cores-do-arco-iris-em-comemoracao-ao-dia-internacional-da-luta-contra-a-lgbtfobia\/\",\"url\":\"https:\/\/matizes.org.br\/site\/predio-da-dpe-pi-ganha-cores-do-arco-iris-em-comemoracao-ao-dia-internacional-da-luta-contra-a-lgbtfobia\/\",\"name\":\"Pr\u00e9dio da DPE-PI ganha cores do arco-\u00edris em comemora\u00e7\u00e3o ao Dia Internacional da Luta contra a LGBTfobia - Grupo Matizes - Teresina - Piau\u00ed\",\"isPartOf\":{\"@id\":\"https:\/\/matizes.org.br\/site\/#website\"},\"primaryImageOfPage\":{\"@id\":\"https:\/\/matizes.org.br\/site\/predio-da-dpe-pi-ganha-cores-do-arco-iris-em-comemoracao-ao-dia-internacional-da-luta-contra-a-lgbtfobia\/#primaryimage\"},\"image\":{\"@id\":\"https:\/\/matizes.org.br\/site\/predio-da-dpe-pi-ganha-cores-do-arco-iris-em-comemoracao-ao-dia-internacional-da-luta-contra-a-lgbtfobia\/#primaryimage\"},\"thumbnailUrl\":\"https:\/\/matizes.org.br\/site\/wp-content\/uploads\/2023\/05\/WhatsApp-Image-2023-05-17-at-10.09.32.jpeg\",\"datePublished\":\"2023-05-17T15:19:34+00:00\",\"dateModified\":\"2023-05-17T15:20:50+00:00\",\"description\":\"O Grupo Matizes \u00e9 uma associa\u00e7\u00e3o civil, sem fins lucrativos, fundada em 18 de maio de 2002, cuja miss\u00e3o principal \u00e9 a defesa dos direitos de l\u00e9sbicas, gays, bissexuais, travestis e transexuais (LGBT+). \u00c9 filiado ao Movimento Nacional de Direitos Humanos e ao F\u00f3rum de ONGs\/AIDS do Piau\u00ed. Reconhecido como entidade de utilidade p\u00fablica pela Lei Estadual n\u00ba 5811, de 27 de novembro de 2008. Atualmente, integra os seguintes \u00f3rg\u00e3os colegiados: Conselho Estadual de Defesa dos Direitos Humanos, Conselho Estadual de Direitos de LGBT, Conselho Municipal de Direitos de LGBT e o F\u00f3rum Municipal de Educa\u00e7\u00e3o.O Matizes \u00e9 signat\u00e1rio de algumas representa\u00e7\u00f5es de repercuss\u00e3o geral,\",\"breadcrumb\":{\"@id\":\"https:\/\/matizes.org.br\/site\/predio-da-dpe-pi-ganha-cores-do-arco-iris-em-comemoracao-ao-dia-internacional-da-luta-contra-a-lgbtfobia\/#breadcrumb\"},\"inLanguage\":\"pt-BR\",\"potentialAction\":[{\"@type\":\"ReadAction\",\"target\":[\"https:\/\/matizes.org.br\/site\/predio-da-dpe-pi-ganha-cores-do-arco-iris-em-comemoracao-ao-dia-internacional-da-luta-contra-a-lgbtfobia\/\"]}]},{\"@type\":\"ImageObject\",\"inLanguage\":\"pt-BR\",\"@id\":\"https:\/\/matizes.org.br\/site\/predio-da-dpe-pi-ganha-cores-do-arco-iris-em-comemoracao-ao-dia-internacional-da-luta-contra-a-lgbtfobia\/#primaryimage\",\"url\":\"https:\/\/matizes.org.br\/site\/wp-content\/uploads\/2023\/05\/WhatsApp-Image-2023-05-17-at-10.09.32.jpeg\",\"contentUrl\":\"https:\/\/matizes.org.br\/site\/wp-content\/uploads\/2023\/05\/WhatsApp-Image-2023-05-17-at-10.09.32.jpeg\",\"width\":1600,\"height\":1066},{\"@type\":\"BreadcrumbList\",\"@id\":\"https:\/\/matizes.org.br\/site\/predio-da-dpe-pi-ganha-cores-do-arco-iris-em-comemoracao-ao-dia-internacional-da-luta-contra-a-lgbtfobia\/#breadcrumb\",\"itemListElement\":[{\"@type\":\"ListItem\",\"position\":1,\"name\":\"In\u00edcio\",\"item\":\"https:\/\/matizes.org.br\/site\/\"},{\"@type\":\"ListItem\",\"position\":2,\"name\":\"Pr\u00e9dio da DPE-PI ganha cores do arco-\u00edris em comemora\u00e7\u00e3o ao Dia Internacional da Luta contra a LGBTfobia\"}]},{\"@type\":\"WebSite\",\"@id\":\"https:\/\/matizes.org.br\/site\/#website\",\"url\":\"https:\/\/matizes.org.br\/site\/\",\"name\":\"Grupo Matizes - Teresina - Piau\u00ed\",\"description\":\"Pela livre express\u00e3o sexual\",\"publisher\":{\"@id\":\"https:\/\/matizes.org.br\/site\/#organization\"},\"potentialAction\":[{\"@type\":\"SearchAction\",\"target\":{\"@type\":\"EntryPoint\",\"urlTemplate\":\"https:\/\/matizes.org.br\/site\/?s={search_term_string}\"},\"query-input\":{\"@type\":\"PropertyValueSpecification\",\"valueRequired\":true,\"valueName\":\"search_term_string\"}}],\"inLanguage\":\"pt-BR\"},{\"@type\":\"Organization\",\"@id\":\"https:\/\/matizes.org.br\/site\/#organization\",\"name\":\"Grupo Matizes - Pela livre express\u00e3o sexual\",\"url\":\"https:\/\/matizes.org.br\/site\/\",\"logo\":{\"@type\":\"ImageObject\",\"inLanguage\":\"pt-BR\",\"@id\":\"https:\/\/matizes.org.br\/site\/#\/schema\/logo\/image\/\",\"url\":\"https:\/\/matizes.org.br\/site\/wp-content\/uploads\/2021\/10\/matizes-logo-site.png\",\"contentUrl\":\"https:\/\/matizes.org.br\/site\/wp-content\/uploads\/2021\/10\/matizes-logo-site.png\",\"width\":460,\"height\":123,\"caption\":\"Grupo Matizes - Pela livre express\u00e3o sexual\"},\"image\":{\"@id\":\"https:\/\/matizes.org.br\/site\/#\/schema\/logo\/image\/\"},\"sameAs\":[\"https:\/\/www.facebook.com\/grupomatizes\/\",\"https:\/\/www.instagram.com\/matizesteresina\/\",\"https:\/\/www.youtube.com\/user\/matizes1000\/videos\"]},{\"@type\":\"Person\",\"@id\":\"https:\/\/matizes.org.br\/site\/#\/schema\/person\/b95a3086d870683e99ecb340cd79118e\",\"name\":\"Assessoria Matizes\",\"image\":{\"@type\":\"ImageObject\",\"inLanguage\":\"pt-BR\",\"@id\":\"https:\/\/matizes.org.br\/site\/#\/schema\/person\/image\/\",\"url\":\"https:\/\/secure.gravatar.com\/avatar\/787e5ffefea0fc2f39104448d518cc9a2501158acc4fd8746b813eae27f48921?s=96&d=mm&r=g\",\"contentUrl\":\"https:\/\/secure.gravatar.com\/avatar\/787e5ffefea0fc2f39104448d518cc9a2501158acc4fd8746b813eae27f48921?s=96&d=mm&r=g\",\"caption\":\"Assessoria Matizes\"},\"sameAs\":[\"https:\/\/matizes.org.br\"]}]}<\/script>\n<!-- \/ Yoast SEO plugin. -->","yoast_head_json":{"title":"Pr\u00e9dio da DPE-PI ganha cores do arco-\u00edris em comemora\u00e7\u00e3o ao Dia Internacional da Luta contra a LGBTfobia - Grupo Matizes - Teresina - Piau\u00ed","description":"O Grupo Matizes \u00e9 uma associa\u00e7\u00e3o civil, sem fins lucrativos, fundada em 18 de maio de 2002, cuja miss\u00e3o principal \u00e9 a defesa dos direitos de l\u00e9sbicas, gays, bissexuais, travestis e transexuais (LGBT+). \u00c9 filiado ao Movimento Nacional de Direitos Humanos e ao F\u00f3rum de ONGs\/AIDS do Piau\u00ed. Reconhecido como entidade de utilidade p\u00fablica pela Lei Estadual n\u00ba 5811, de 27 de novembro de 2008. Atualmente, integra os seguintes \u00f3rg\u00e3os colegiados: Conselho Estadual de Defesa dos Direitos Humanos, Conselho Estadual de Direitos de LGBT, Conselho Municipal de Direitos de LGBT e o F\u00f3rum Municipal de Educa\u00e7\u00e3o.O Matizes \u00e9 signat\u00e1rio de algumas representa\u00e7\u00f5es de repercuss\u00e3o geral,","robots":{"index":"index","follow":"follow","max-snippet":"max-snippet:-1","max-image-preview":"max-image-preview:large","max-video-preview":"max-video-preview:-1"},"canonical":"https:\/\/matizes.org.br\/site\/predio-da-dpe-pi-ganha-cores-do-arco-iris-em-comemoracao-ao-dia-internacional-da-luta-contra-a-lgbtfobia\/","og_locale":"pt_BR","og_type":"article","og_title":"Pr\u00e9dio da DPE-PI ganha cores do arco-\u00edris em comemora\u00e7\u00e3o ao Dia Internacional da Luta contra a LGBTfobia - Grupo Matizes - Teresina - Piau\u00ed","og_description":"O Grupo Matizes \u00e9 uma associa\u00e7\u00e3o civil, sem fins lucrativos, fundada em 18 de maio de 2002, cuja miss\u00e3o principal \u00e9 a defesa dos direitos de l\u00e9sbicas, gays, bissexuais, travestis e transexuais (LGBT+). \u00c9 filiado ao Movimento Nacional de Direitos Humanos e ao F\u00f3rum de ONGs\/AIDS do Piau\u00ed. Reconhecido como entidade de utilidade p\u00fablica pela Lei Estadual n\u00ba 5811, de 27 de novembro de 2008. Atualmente, integra os seguintes \u00f3rg\u00e3os colegiados: Conselho Estadual de Defesa dos Direitos Humanos, Conselho Estadual de Direitos de LGBT, Conselho Municipal de Direitos de LGBT e o F\u00f3rum Municipal de Educa\u00e7\u00e3o.O Matizes \u00e9 signat\u00e1rio de algumas representa\u00e7\u00f5es de repercuss\u00e3o geral,","og_url":"https:\/\/matizes.org.br\/site\/predio-da-dpe-pi-ganha-cores-do-arco-iris-em-comemoracao-ao-dia-internacional-da-luta-contra-a-lgbtfobia\/","og_site_name":"Grupo Matizes - Teresina - Piau\u00ed","article_publisher":"https:\/\/www.facebook.com\/grupomatizes\/","article_published_time":"2023-05-17T15:19:34+00:00","article_modified_time":"2023-05-17T15:20:50+00:00","og_image":[{"width":1600,"height":1066,"url":"https:\/\/matizes.org.br\/site\/wp-content\/uploads\/2023\/05\/WhatsApp-Image-2023-05-17-at-10.09.32.jpeg","type":"image\/jpeg"}],"author":"Assessoria Matizes","twitter_card":"summary_large_image","twitter_misc":{"Escrito por":"Assessoria Matizes","Est. tempo de leitura":"1 minuto"},"schema":{"@context":"https:\/\/schema.org","@graph":[{"@type":"Article","@id":"https:\/\/matizes.org.br\/site\/predio-da-dpe-pi-ganha-cores-do-arco-iris-em-comemoracao-ao-dia-internacional-da-luta-contra-a-lgbtfobia\/#article","isPartOf":{"@id":"https:\/\/matizes.org.br\/site\/predio-da-dpe-pi-ganha-cores-do-arco-iris-em-comemoracao-ao-dia-internacional-da-luta-contra-a-lgbtfobia\/"},"author":{"name":"Assessoria Matizes","@id":"https:\/\/matizes.org.br\/site\/#\/schema\/person\/b95a3086d870683e99ecb340cd79118e"},"headline":"Pr\u00e9dio da DPE-PI ganha cores do arco-\u00edris em comemora\u00e7\u00e3o ao Dia Internacional da Luta contra a LGBTfobia","datePublished":"2023-05-17T15:19:34+00:00","dateModified":"2023-05-17T15:20:50+00:00","mainEntityOfPage":{"@id":"https:\/\/matizes.org.br\/site\/predio-da-dpe-pi-ganha-cores-do-arco-iris-em-comemoracao-ao-dia-internacional-da-luta-contra-a-lgbtfobia\/"},"wordCount":130,"commentCount":0,"publisher":{"@id":"https:\/\/matizes.org.br\/site\/#organization"},"image":{"@id":"https:\/\/matizes.org.br\/site\/predio-da-dpe-pi-ganha-cores-do-arco-iris-em-comemoracao-ao-dia-internacional-da-luta-contra-a-lgbtfobia\/#primaryimage"},"thumbnailUrl":"https:\/\/matizes.org.br\/site\/wp-content\/uploads\/2023\/05\/WhatsApp-Image-2023-05-17-at-10.09.32.jpeg","keywords":["lgbt","lgbtqia+","lgbtqiafobia","piau\u00ed"],"articleSection":["Not\u00edcias"],"inLanguage":"pt-BR","potentialAction":[{"@type":"CommentAction","name":"Comment","target":["https:\/\/matizes.org.br\/site\/predio-da-dpe-pi-ganha-cores-do-arco-iris-em-comemoracao-ao-dia-internacional-da-luta-contra-a-lgbtfobia\/#respond"]}]},{"@type":"WebPage","@id":"https:\/\/matizes.org.br\/site\/predio-da-dpe-pi-ganha-cores-do-arco-iris-em-comemoracao-ao-dia-internacional-da-luta-contra-a-lgbtfobia\/","url":"https:\/\/matizes.org.br\/site\/predio-da-dpe-pi-ganha-cores-do-arco-iris-em-comemoracao-ao-dia-internacional-da-luta-contra-a-lgbtfobia\/","name":"Pr\u00e9dio da DPE-PI ganha cores do arco-\u00edris em comemora\u00e7\u00e3o ao Dia Internacional da Luta contra a LGBTfobia - Grupo Matizes - Teresina - Piau\u00ed","isPartOf":{"@id":"https:\/\/matizes.org.br\/site\/#website"},"primaryImageOfPage":{"@id":"https:\/\/matizes.org.br\/site\/predio-da-dpe-pi-ganha-cores-do-arco-iris-em-comemoracao-ao-dia-internacional-da-luta-contra-a-lgbtfobia\/#primaryimage"},"image":{"@id":"https:\/\/matizes.org.br\/site\/predio-da-dpe-pi-ganha-cores-do-arco-iris-em-comemoracao-ao-dia-internacional-da-luta-contra-a-lgbtfobia\/#primaryimage"},"thumbnailUrl":"https:\/\/matizes.org.br\/site\/wp-content\/uploads\/2023\/05\/WhatsApp-Image-2023-05-17-at-10.09.32.jpeg","datePublished":"2023-05-17T15:19:34+00:00","dateModified":"2023-05-17T15:20:50+00:00","description":"O Grupo Matizes \u00e9 uma associa\u00e7\u00e3o civil, sem fins lucrativos, fundada em 18 de maio de 2002, cuja miss\u00e3o principal \u00e9 a defesa dos direitos de l\u00e9sbicas, gays, bissexuais, travestis e transexuais (LGBT+). \u00c9 filiado ao Movimento Nacional de Direitos Humanos e ao F\u00f3rum de ONGs\/AIDS do Piau\u00ed. Reconhecido como entidade de utilidade p\u00fablica pela Lei Estadual n\u00ba 5811, de 27 de novembro de 2008. Atualmente, integra os seguintes \u00f3rg\u00e3os colegiados: Conselho Estadual de Defesa dos Direitos Humanos, Conselho Estadual de Direitos de LGBT, Conselho Municipal de Direitos de LGBT e o F\u00f3rum Municipal de Educa\u00e7\u00e3o.O Matizes \u00e9 signat\u00e1rio de algumas representa\u00e7\u00f5es de repercuss\u00e3o geral,","breadcrumb":{"@id":"https:\/\/matizes.org.br\/site\/predio-da-dpe-pi-ganha-cores-do-arco-iris-em-comemoracao-ao-dia-internacional-da-luta-contra-a-lgbtfobia\/#breadcrumb"},"inLanguage":"pt-BR","potentialAction":[{"@type":"ReadAction","target":["https:\/\/matizes.org.br\/site\/predio-da-dpe-pi-ganha-cores-do-arco-iris-em-comemoracao-ao-dia-internacional-da-luta-contra-a-lgbtfobia\/"]}]},{"@type":"ImageObject","inLanguage":"pt-BR","@id":"https:\/\/matizes.org.br\/site\/predio-da-dpe-pi-ganha-cores-do-arco-iris-em-comemoracao-ao-dia-internacional-da-luta-contra-a-lgbtfobia\/#primaryimage","url":"https:\/\/matizes.org.br\/site\/wp-content\/uploads\/2023\/05\/WhatsApp-Image-2023-05-17-at-10.09.32.jpeg","contentUrl":"https:\/\/matizes.org.br\/site\/wp-content\/uploads\/2023\/05\/WhatsApp-Image-2023-05-17-at-10.09.32.jpeg","width":1600,"height":1066},{"@type":"BreadcrumbList","@id":"https:\/\/matizes.org.br\/site\/predio-da-dpe-pi-ganha-cores-do-arco-iris-em-comemoracao-ao-dia-internacional-da-luta-contra-a-lgbtfobia\/#breadcrumb","itemListElement":[{"@type":"ListItem","position":1,"name":"In\u00edcio","item":"https:\/\/matizes.org.br\/site\/"},{"@type":"ListItem","position":2,"name":"Pr\u00e9dio da DPE-PI ganha cores do arco-\u00edris em comemora\u00e7\u00e3o ao Dia Internacional da Luta contra a LGBTfobia"}]},{"@type":"WebSite","@id":"https:\/\/matizes.org.br\/site\/#website","url":"https:\/\/matizes.org.br\/site\/","name":"Grupo Matizes - Teresina - Piau\u00ed","description":"Pela livre express\u00e3o sexual","publisher":{"@id":"https:\/\/matizes.org.br\/site\/#organization"},"potentialAction":[{"@type":"SearchAction","target":{"@type":"EntryPoint","urlTemplate":"https:\/\/matizes.org.br\/site\/?s={search_term_string}"},"query-input":{"@type":"PropertyValueSpecification","valueRequired":true,"valueName":"search_term_string"}}],"inLanguage":"pt-BR"},{"@type":"Organization","@id":"https:\/\/matizes.org.br\/site\/#organization","name":"Grupo Matizes - Pela livre express\u00e3o sexual","url":"https:\/\/matizes.org.br\/site\/","logo":{"@type":"ImageObject","inLanguage":"pt-BR","@id":"https:\/\/matizes.org.br\/site\/#\/schema\/logo\/image\/","url":"https:\/\/matizes.org.br\/site\/wp-content\/uploads\/2021\/10\/matizes-logo-site.png","contentUrl":"https:\/\/matizes.org.br\/site\/wp-content\/uploads\/2021\/10\/matizes-logo-site.png","width":460,"height":123,"caption":"Grupo Matizes - Pela livre express\u00e3o sexual"},"image":{"@id":"https:\/\/matizes.org.br\/site\/#\/schema\/logo\/image\/"},"sameAs":["https:\/\/www.facebook.com\/grupomatizes\/","https:\/\/www.instagram.com\/matizesteresina\/","https:\/\/www.youtube.com\/user\/matizes1000\/videos"]},{"@type":"Person","@id":"https:\/\/matizes.org.br\/site\/#\/schema\/person\/b95a3086d870683e99ecb340cd79118e","name":"Assessoria Matizes","image":{"@type":"ImageObject","inLanguage":"pt-BR","@id":"https:\/\/matizes.org.br\/site\/#\/schema\/person\/image\/","url":"https:\/\/secure.gravatar.com\/avatar\/787e5ffefea0fc2f39104448d518cc9a2501158acc4fd8746b813eae27f48921?s=96&d=mm&r=g","contentUrl":"https:\/\/secure.gravatar.com\/avatar\/787e5ffefea0fc2f39104448d518cc9a2501158acc4fd8746b813eae27f48921?s=96&d=mm&r=g","caption":"Assessoria Matizes"},"sameAs":["https:\/\/matizes.org.br"]}]}},"_links":{"self":[{"href":"https:\/\/matizes.org.br\/site\/wp-json\/wp\/v2\/posts\/1247","targetHints":{"allow":["GET"]}}],"collection":[{"href":"https:\/\/matizes.org.br\/site\/wp-json\/wp\/v2\/posts"}],"about":[{"href":"https:\/\/matizes.org.br\/site\/wp-json\/wp\/v2\/types\/post"}],"author":[{"embeddable":true,"href":"https:\/\/matizes.org.br\/site\/wp-json\/wp\/v2\/users\/2"}],"replies":[{"embeddable":true,"href":"https:\/\/matizes.org.br\/site\/wp-json\/wp\/v2\/comments?post=1247"}],"version-history":[{"count":2,"href":"https:\/\/matizes.org.br\/site\/wp-json\/wp\/v2\/posts\/1247\/revisions"}],"predecessor-version":[{"id":1251,"href":"https:\/\/matizes.org.br\/site\/wp-json\/wp\/v2\/posts\/1247\/revisions\/1251"}],"wp:featuredmedia":[{"embeddable":true,"href":"https:\/\/matizes.org.br\/site\/wp-json\/wp\/v2\/media\/1249"}],"wp:attachment":[{"href":"https:\/\/matizes.org.br\/site\/wp-json\/wp\/v2\/media?parent=1247"}],"wp:term":[{"taxonomy":"category","embeddable":true,"href":"https:\/\/matizes.org.br\/site\/wp-json\/wp\/v2\/categories?post=1247"},{"taxonomy":"post_tag","embeddable":true,"href":"https:\/\/matizes.org.br\/site\/wp-json\/wp\/v2\/tags?post=1247"}],"curies":[{"name":"wp","href":"https:\/\/api.w.org\/{rel}","templated":true}]}}