{"id":1479,"date":"2024-06-07T12:50:20","date_gmt":"2024-06-07T15:50:20","guid":{"rendered":"https:\/\/matizes.org.br\/site\/?p=1479"},"modified":"2024-06-07T12:50:23","modified_gmt":"2024-06-07T15:50:23","slug":"matizes-divulga-programacao-da-18a-semana-do-orgulho-de-ser","status":"publish","type":"post","link":"https:\/\/matizes.org.br\/site\/matizes-divulga-programacao-da-18a-semana-do-orgulho-de-ser\/","title":{"rendered":"Matizes divulga programa\u00e7\u00e3o da 18\u00aa Semana do Orgulho de Ser"},"content":{"rendered":"\n<p><\/p>\n\n\n\n<p>A 18\u00aa Semana do Orgulho de Ser come\u00e7a na pr\u00f3xima quarta-feira, dia 12 de junho, com uma extensa programa\u00e7\u00e3o para promover debates sobre direitos humanos, diversidade e conscientiza\u00e7\u00e3o acerca da causa LGBTQIA+. O Grupo Matizes prepara quatro dias de atividades, na Universidade Federal do Piau\u00ed (UFPI), com palestras, exposi\u00e7\u00f5es, oficinas, saraus, exposi\u00e7\u00e3o fotogr\u00e1fica e lan\u00e7amento de livro.<\/p>\n\n\n\n<p>A vice-coordenadora do Matizes, Marinalva Santana, explica que o encerramento da 18\u00aa Semana do Orgulho de Ser ser\u00e1 no dia 15 de junho, no Complexo Tur\u00edstico da Ponte Estaiada, com a Parada da Diversidade.<\/p>\n\n\n\n<p>Confira a programa\u00e7\u00e3o da 18\u00aa Semana do Orgulho de Ser:<\/p>\n\n\n\n<p><strong>12 DE JUNHO &#8211; QUARTA<\/strong><br><strong>9h \u2013 Palestra: A Sociologia das emo\u00e7\u00f5es de ser LGBTQIAPN+<\/strong> \u2013 Prof\u00aa Dr\u00aa Ver\u00f4nica Cavalcante (UFPI) \u2013 Sala Prof\u00aa Socorro Lira \u2013 340-B (CCHL\/UFPI) \u2013 Respons\u00e1veis: N\u00facleo CorposTrans e Projeto Caju\u00edna Sociol\u00f3gica.<\/p>\n\n\n\n<p>1<strong>0h \u00e0s 12h \u2013 Ciranda: Alegria do Educar na Diversidade<\/strong> &#8211; Facilitadora: Dr\u00aa. Dolores dos Santos Vieira (OBJUVE\/NEPEGECI) &#8211; Cofacilitadoras: Alunes da turma do curso de Letras-ingl\u00eas &#8211; Local: Sala 06 Espa\u00e7o Integrado &#8211; Respons\u00e1veis: Observat\u00f3rio das Juventudes e Viol\u00eancias nas Escolas (OBJUVE) e N\u00facleo de Estudos e Pesquisas G\u00eanero, Educa\u00e7\u00e3o e Cidadania (NEPEGECI).<\/p>\n\n\n\n<p><strong>14h &#8211; Abertura da Exposi\u00e7\u00e3o Fotogr\u00e1fica PARA ALEGRIA NA EDUCA\u00c7\u00c3O \u201cABISMOS NUNCA MAIS\u201d<\/strong> &#8211; Artistas: Jovens alunes da turma do curso de Pedagogia\/UFPI &#8211; Curadora: Prof\u00aa. Dr\u00aa. Shara Jane Holanda Costa Adad &#8211; Local: Salas de aula 423, 424, 425 (CCE) &#8211; Respons\u00e1veis: Observat\u00f3rio das Juventudes e Viol\u00eancias nas Escolas (OBJUVE) e N\u00facleo de Estudos e Pesquisas G\u00eanero, Educa\u00e7\u00e3o e Cidadania (NEPEGECI)<\/p>\n\n\n\n<p><strong>14h \u00e0s 16h \u2013 Ciranda: Juventudes sendo o que se \u00e9 ser na alegria \u2013 Transflu\u00eancias na Educa\u00e7\u00e3o <\/strong>&#8211; Facilitadores: Doutorando Wesley Rodrigues (OBJUVE\/NEPEGECI), Mestranda Josy Gomes (OBJUVE\/NEPEGECI), Mestranda Marlia Ribeiro (OBJUVE\/NEPEGECI) &#8211; Local: Sala 01 (PPGED) &#8211; Respons\u00e1veis: Observat\u00f3rio das Juventudes e Viol\u00eancias nas Escolas (OBJUVE) e N\u00facleo de Estudos e Pesquisas G\u00eanero, Educa\u00e7\u00e3o e Cidadania (NEPEGECI)<\/p>\n\n\n\n<p><strong>16h \u2013 Lan\u00e7amento do livro LGBTQIAPN+: enla\u00e7amentos<\/strong> \u2013 Organizadores: Solimar Oliveira Lima, Francisco de Oliveira Barros Jr. e Marcos Antonio ngelo da Silva &#8211; Sala Prof\u00aa Socorro Lira \u2013 340-B (CCHL\/UFPI) &#8211; Respons\u00e1veis: N\u00facleo CorposTrans e Projeto Caju\u00edna Sociol\u00f3gica<\/p>\n\n\n\n<p><strong>17h30 \u2013 Queerdrilha Espiralar do OBJUVE <\/strong>(traga o seu par!) Os sons e os sabores juninos &#8211; Local: Pra\u00e7a de Alimenta\u00e7\u00e3o CCE\/CCHL &#8211; Respons\u00e1veis: Observat\u00f3rio das Juventudes e Viol\u00eancias nas Escolas (OBJUVE) e N\u00facleo de Estudos e Pesquisas G\u00eanero, Educa\u00e7\u00e3o e Cidadania (NEPEGECI)<\/p>\n\n\n\n<p><strong>13 DE JUNHO &#8211; QUINTA<\/strong><br><strong>9h \u2013 Palestra: Judith Butler encontra Liniker: vozes transcendentes na M\u00fasica Brasileira<\/strong> &#8211; Francisco de Oliveira Barros Jr &#8211; Sala Prof\u00aa Socorro Lira \u2013 340-B (CCHL\/UFPI) &#8211; Respons\u00e1veis: N\u00facleo CorposTrans e Projeto Caju\u00edna Sociol\u00f3gica.<\/p>\n\n\n\n<p><strong>14h \u00e0s 18h \u2013 Ciranda: Dan\u00e7ando as umbig\u00eancias para pensar o existir<\/strong> &#8211; Facilitadores: Grupo Afox\u00e1 &#8211; Local: Sala de Dan\u00e7a do CCE &#8211; Respons\u00e1veis: Observat\u00f3rio das Juventudes e Viol\u00eancias nas Escolas (OBJUVE) e N\u00facleo de Estudos e Pesquisas G\u00eanero, Educa\u00e7\u00e3o e Cidadania (NEPEGECI)<\/p>\n\n\n\n<p><strong>14h \u00e0s 18h \u2013 Ciranda: Alegria nas escolas e periferias \u2013 Movimentos do HIP HOP<\/strong> &#8211; Facilitadores: Arthur Doomer (Casa do Hip Hop), Ana J\u00e9ssica Ferreira (OBJUVE\/NEPEGECI) e Renan Miranda (OBJUVE\/NEPEGECI) &#8211; Local: Espa\u00e7o de Conviv\u00eancia Osmarina Moura PPGEd\/CCE &#8211; Respons\u00e1veis: Observat\u00f3rio das Juventudes e Viol\u00eancias nas Escolas (OBJUVE) e N\u00facleo de Estudos e Pesquisas G\u00eanero, Educa\u00e7\u00e3o e Cidadania (NEPEGECI).<\/p>\n\n\n\n<p><strong>16h \u2013 Tela Sociol\u00f3gica: Envelhesc\u00eancias homoer\u00f3ticas<\/strong> (Sess\u00e3o dedicada \u00e0 mem\u00f3ria de Paloma Amaral) \u2013 Filme O amor \u00e9 estranho (dire\u00e7\u00e3o: Ira Sachs) \u2013 Coordena\u00e7\u00e3o: Francisco de Oliveira Barros Jr &#8211; Sala Prof\u00aa Socorro Lira \u2013 340-B (CCHL\/UFPI) &#8211; Respons\u00e1veis: N\u00facleo CorposTrans e Projeto Caju\u00edna Sociol\u00f3gica.<\/p>\n\n\n\n<p><strong>14 DE JUNHO &#8211; SEXTA<\/strong><\/p>\n\n\n\n<p><strong>8h \u00e0s 12h &#8211; Ciranda: Juventudes em movimento: a alegria como ato pol\u00edtico<\/strong> &#8211; Facilitadores: Mestranda Jorrania Gomes (NUPECAMPO\/OBJUVE), Mestrando Wanderson Fidalgo (OBJUVE\/NEPEGECI), Pedro Vitor (UNE), Sabrina Thaynara Bernardino (OBJUVE\/NEPEGECI)) e Centro Acad\u00eamico Paulo Freire\/Curso de Pedagogia &#8211; Local: Audit\u00f3rio do CCE &#8211; Respons\u00e1veis: Observat\u00f3rio das Juventudes e Viol\u00eancias nas Escolas (OBJUVE) e N\u00facleo de Estudos e Pesquisas G\u00eanero, Educa\u00e7\u00e3o e Cidadania (NEPEGECI).<\/p>\n\n\n\n<p><strong>9h \u2013 Roda de conversa: Envelhesc\u00eancias sexuais<\/strong> (atividade do Programa de Extens\u00e3o Universit\u00e1ria para Pessoas Idosas \u2013 PTIA) \u2013 Coordena\u00e7\u00e3o Ver\u00f4nica Cavalcante e Francisco de Oliveira Barros Jr &#8211; Sala Prof\u00aa Socorro Lira \u2013 340-B (CCHL\/UFPI) &#8211; Respons\u00e1veis: N\u00facleo CorposTrans e Projeto Caju\u00edna Sociol\u00f3gica.<\/p>\n\n\n\n<p><strong>13h \u2013 Di\u00e1logos sobre uma perspectiva cl\u00ednica TRANScentrada: As subjetividades cisdissidentes e sofrimento mental nos consult\u00f3rios de Psicologia<\/strong> \u2013 Facilitadora: Rafa Moon Carvalho Pires da Silva (Psic\u00f3loga\/Mestranda em Biotecnologia e Aten\u00e7\u00e3o B\u00e1sica de Sa\u00fade &#8211; FACID\/WYDEM) &#8211; Local: Conselho Regional de Psicologia do Piau\u00ed (haver\u00e1 transmiss\u00e3o on line) &#8211; Respons\u00e1vel: CRP 21<\/p>\n\n\n\n<p><strong>14h \u00e0s 18h \u2013 Minicurso de extens\u00e3o: LGBTQIAPN+ na sala de aula, e agora? Estrat\u00e9gias para valoriza\u00e7\u00e3o das diversidades sexuais nas Escola<\/strong>s &#8211; Respons\u00e1veis: Prof\u00aa Dr\u00aa. Lucineide Barros Medeiros (CECCA-UESPI) e Prof. Me. Marcelo Reges Pereira (CCHL-UESPI) \u2013 formato h\u00edbrido (Ser\u00e1 transmitido do Audit\u00f3rio da Reitoria do Campus Torquato Neto) &#8211; Link da videochamada: https:\/\/meet.google.com\/cnn-sojj-whb ou disque: \u202a(US) +1 470-729-1563\u202c PIN: \u202a298 997 492\u202c#<\/p>\n\n\n\n<p><strong>14h30 \u00e0s 18h \u2013 Ciranda: A gente tamb\u00e9m tem o direito \u00e0 alegria na Educa\u00e7\u00e3o<\/strong> &#8211; Facilitadores: Ma. Dilma Andrade (NAU\/(OBJUVE\/NEPEGECI), Ma. Artenilde Silva (OBJUVE\/NEPEGECI), Railane Raio (Cientista Social e Artista, Me. Weslley Rodrigues (NEPEGECI\/OBJUVE) e Me. Zenailde Rodrigues (OBJUVE\/NEPEGECI) &#8211; Local: Audit\u00f3rio do CCE &#8211; Respons\u00e1veis: Observat\u00f3rio das Juventudes e Viol\u00eancias nas Escolas (OBJUVE) e N\u00facleo de Estudos e Pesquisas G\u00eanero, Educa\u00e7\u00e3o e Cidadania (NEPEGECI).<\/p>\n\n\n\n<p><strong>14h30 \u00e0s 18h &#8211; Oficina: Lambes do Afrofem<\/strong> \u2013 Facilitador@s: Dra. Mar\u00edlia Passos (PPGS\/UFPI) e Renan Miranda (OBJUVE\/NEPEGECI) &#8211; Local: Espa\u00e7o de Conviv\u00eancia Osmarina Moura (PPGEd\/CCE) &#8211; Respons\u00e1veis: Observat\u00f3rio das Juventudes e Viol\u00eancias nas Escolas (OBJUVE) e N\u00facleo de Estudos e Pesquisas G\u00eanero, Educa\u00e7\u00e3o e Cidadania (NEPEGECI)<\/p>\n\n\n\n<p><strong>16h \u2013 Sarau liter\u00e1rio de interseccionalidades: Letras negras e homoer\u00f3ticas (uma homenagem \u00e0 mem\u00f3ria de \u00c9lio Ferreira <\/strong>\u2013 Coordena\u00e7\u00e3o: Francisco de Oliveira Barros Jr &#8211; Sala Prof\u00aa Socorro Lira \u2013 340-B (CCHL\/UFPI) &#8211; Respons\u00e1veis: N\u00facleo CorposTrans e Projeto Caju\u00edna Sociol\u00f3gica<\/p>\n\n\n\n<p><strong>18h \u00e0s 21h \u2013 Oficina: A alegria como dispositivo para uma educa\u00e7\u00e3o menor <\/strong>&#8211; Facilitadores: Dra. Marta Rochelly Renan Miranda (OBJUVE\/NEPEGECI), Mestranda Josy Gomes (OBJUVE\/NEPEGECI), Mestranda Marlia Ribeiro (OBJUVE\/NEPEGECI) e Ma. Claudiney Saraiva Guedes (OBJUVE\/NEPEGECI) &#8211; Participantes: Alunes da turma do curso de Pedagogia &#8211; Local: Sala 475 do CCE &#8211; Respons\u00e1veis: Observat\u00f3rio das Juventudes e Viol\u00eancias nas Escolas (OBJUVE) e N\u00facleo de Estudos e Pesquisas G\u00eanero, Educa\u00e7\u00e3o e Cidadania (NEPEGECI)<\/p>\n\n\n\n<p><strong>15 DE JUNHO &#8211; S\u00c1BADO<\/strong><\/p>\n\n\n\n<p><strong>9h \u2013 Tela Sociol\u00f3gica: Envelhesc\u00eancias homoer\u00f3tica<\/strong>s (Sess\u00e3o dedicada \u00e0 mem\u00f3ria de Raimundo Poty) \u2013 Filme Deuses e monstros (dire\u00e7\u00e3o: Bill Condon) \u2013 Coordena\u00e7\u00e3o: Francisco de Oliveira Barros Jr &#8211; Sala Prof\u00aa Socorro Lira \u2013 340-B (CCHL\/UFPI) &#8211; Respons\u00e1veis: N\u00facleo CorposTrans e Projeto Caju\u00edna Sociol\u00f3gica<\/p>\n\n\n\n<p>16h \u2013 CONCENTRA\u00c7\u00c3O DA 22\u00aa PARADA DA DIVERSIDADE &#8211; POTYCABANA<br>17h \u2013 In\u00edcio do percurso da Parada da Potycabana at\u00e9 o Complexo da Ponte Estaiada.<br><strong>19h &#8211; Show de Encerramento da 22\u00aa PARADA DA DIVERSIDADE<\/strong><\/p>\n","protected":false},"excerpt":{"rendered":"<p>A 18\u00aa Semana do Orgulho de Ser come\u00e7a na pr\u00f3xima quarta-feira, dia 12 de junho, com uma extensa programa\u00e7\u00e3o para promover debates sobre direitos humanos, diversidade e conscientiza\u00e7\u00e3o acerca da causa LGBTQIA+. O Grupo Matizes prepara quatro dias de atividades, na Universidade Federal do Piau\u00ed (UFPI), com palestras, exposi\u00e7\u00f5es, oficinas, saraus, exposi\u00e7\u00e3o fotogr\u00e1fica e lan\u00e7amento [&hellip;]<\/p>\n","protected":false},"author":2,"featured_media":1480,"comment_status":"open","ping_status":"open","sticky":false,"template":"","format":"standard","meta":{"footnotes":""},"categories":[1],"tags":[],"class_list":["post-1479","post","type-post","status-publish","format-standard","has-post-thumbnail","hentry","category-noticias"],"yoast_head":"<!-- This site is optimized with the Yoast SEO plugin v27.1.1 - https:\/\/yoast.com\/product\/yoast-seo-wordpress\/ -->\n<title>Matizes divulga programa\u00e7\u00e3o da 18\u00aa Semana do Orgulho de Ser - Grupo Matizes - Teresina - Piau\u00ed<\/title>\n<meta name=\"description\" content=\"O Grupo Matizes \u00e9 uma associa\u00e7\u00e3o civil, sem fins lucrativos, fundada em 18 de maio de 2002, cuja miss\u00e3o principal \u00e9 a defesa dos direitos de l\u00e9sbicas, gays, bissexuais, travestis e transexuais (LGBT+). \u00c9 filiado ao Movimento Nacional de Direitos Humanos e ao F\u00f3rum de ONGs\/AIDS do Piau\u00ed. Reconhecido como entidade de utilidade p\u00fablica pela Lei Estadual n\u00ba 5811, de 27 de novembro de 2008. Atualmente, integra os seguintes \u00f3rg\u00e3os colegiados: Conselho Estadual de Defesa dos Direitos Humanos, Conselho Estadual de Direitos de LGBT, Conselho Municipal de Direitos de LGBT e o F\u00f3rum Municipal de Educa\u00e7\u00e3o.O Matizes \u00e9 signat\u00e1rio de algumas representa\u00e7\u00f5es de repercuss\u00e3o geral,\" \/>\n<meta name=\"robots\" content=\"index, follow, max-snippet:-1, max-image-preview:large, max-video-preview:-1\" \/>\n<link rel=\"canonical\" href=\"https:\/\/matizes.org.br\/site\/matizes-divulga-programacao-da-18a-semana-do-orgulho-de-ser\/\" \/>\n<meta property=\"og:locale\" content=\"pt_BR\" \/>\n<meta property=\"og:type\" content=\"article\" \/>\n<meta property=\"og:title\" content=\"Matizes divulga programa\u00e7\u00e3o da 18\u00aa Semana do Orgulho de Ser - Grupo Matizes - Teresina - Piau\u00ed\" \/>\n<meta property=\"og:description\" content=\"O Grupo Matizes \u00e9 uma associa\u00e7\u00e3o civil, sem fins lucrativos, fundada em 18 de maio de 2002, cuja miss\u00e3o principal \u00e9 a defesa dos direitos de l\u00e9sbicas, gays, bissexuais, travestis e transexuais (LGBT+). \u00c9 filiado ao Movimento Nacional de Direitos Humanos e ao F\u00f3rum de ONGs\/AIDS do Piau\u00ed. Reconhecido como entidade de utilidade p\u00fablica pela Lei Estadual n\u00ba 5811, de 27 de novembro de 2008. Atualmente, integra os seguintes \u00f3rg\u00e3os colegiados: Conselho Estadual de Defesa dos Direitos Humanos, Conselho Estadual de Direitos de LGBT, Conselho Municipal de Direitos de LGBT e o F\u00f3rum Municipal de Educa\u00e7\u00e3o.O Matizes \u00e9 signat\u00e1rio de algumas representa\u00e7\u00f5es de repercuss\u00e3o geral,\" \/>\n<meta property=\"og:url\" content=\"https:\/\/matizes.org.br\/site\/matizes-divulga-programacao-da-18a-semana-do-orgulho-de-ser\/\" \/>\n<meta property=\"og:site_name\" content=\"Grupo Matizes - Teresina - Piau\u00ed\" \/>\n<meta property=\"article:publisher\" content=\"https:\/\/www.facebook.com\/grupomatizes\/\" \/>\n<meta property=\"article:published_time\" content=\"2024-06-07T15:50:20+00:00\" \/>\n<meta property=\"article:modified_time\" content=\"2024-06-07T15:50:23+00:00\" \/>\n<meta property=\"og:image\" content=\"https:\/\/matizes.org.br\/site\/wp-content\/uploads\/2024\/06\/PROGRAMACAO-SEMANA-DO-ORGULHO-DE-SER-MATIZES-1.png\" \/>\n\t<meta property=\"og:image:width\" content=\"1080\" \/>\n\t<meta property=\"og:image:height\" content=\"1350\" \/>\n\t<meta property=\"og:image:type\" content=\"image\/png\" \/>\n<meta name=\"author\" content=\"Assessoria Matizes\" \/>\n<meta name=\"twitter:card\" content=\"summary_large_image\" \/>\n<meta name=\"twitter:label1\" content=\"Escrito por\" \/>\n\t<meta name=\"twitter:data1\" content=\"Assessoria Matizes\" \/>\n\t<meta name=\"twitter:label2\" content=\"Est. tempo de leitura\" \/>\n\t<meta name=\"twitter:data2\" content=\"6 minutos\" \/>\n<script type=\"application\/ld+json\" class=\"yoast-schema-graph\">{\"@context\":\"https:\/\/schema.org\",\"@graph\":[{\"@type\":\"Article\",\"@id\":\"https:\/\/matizes.org.br\/site\/matizes-divulga-programacao-da-18a-semana-do-orgulho-de-ser\/#article\",\"isPartOf\":{\"@id\":\"https:\/\/matizes.org.br\/site\/matizes-divulga-programacao-da-18a-semana-do-orgulho-de-ser\/\"},\"author\":{\"name\":\"Assessoria Matizes\",\"@id\":\"https:\/\/matizes.org.br\/site\/#\/schema\/person\/b95a3086d870683e99ecb340cd79118e\"},\"headline\":\"Matizes divulga programa\u00e7\u00e3o da 18\u00aa Semana do Orgulho de Ser\",\"datePublished\":\"2024-06-07T15:50:20+00:00\",\"dateModified\":\"2024-06-07T15:50:23+00:00\",\"mainEntityOfPage\":{\"@id\":\"https:\/\/matizes.org.br\/site\/matizes-divulga-programacao-da-18a-semana-do-orgulho-de-ser\/\"},\"wordCount\":1268,\"commentCount\":0,\"publisher\":{\"@id\":\"https:\/\/matizes.org.br\/site\/#organization\"},\"image\":{\"@id\":\"https:\/\/matizes.org.br\/site\/matizes-divulga-programacao-da-18a-semana-do-orgulho-de-ser\/#primaryimage\"},\"thumbnailUrl\":\"https:\/\/matizes.org.br\/site\/wp-content\/uploads\/2024\/06\/PROGRAMACAO-SEMANA-DO-ORGULHO-DE-SER-MATIZES-1.png\",\"articleSection\":[\"Not\u00edcias\"],\"inLanguage\":\"pt-BR\",\"potentialAction\":[{\"@type\":\"CommentAction\",\"name\":\"Comment\",\"target\":[\"https:\/\/matizes.org.br\/site\/matizes-divulga-programacao-da-18a-semana-do-orgulho-de-ser\/#respond\"]}]},{\"@type\":\"WebPage\",\"@id\":\"https:\/\/matizes.org.br\/site\/matizes-divulga-programacao-da-18a-semana-do-orgulho-de-ser\/\",\"url\":\"https:\/\/matizes.org.br\/site\/matizes-divulga-programacao-da-18a-semana-do-orgulho-de-ser\/\",\"name\":\"Matizes divulga programa\u00e7\u00e3o da 18\u00aa Semana do Orgulho de Ser - Grupo Matizes - Teresina - Piau\u00ed\",\"isPartOf\":{\"@id\":\"https:\/\/matizes.org.br\/site\/#website\"},\"primaryImageOfPage\":{\"@id\":\"https:\/\/matizes.org.br\/site\/matizes-divulga-programacao-da-18a-semana-do-orgulho-de-ser\/#primaryimage\"},\"image\":{\"@id\":\"https:\/\/matizes.org.br\/site\/matizes-divulga-programacao-da-18a-semana-do-orgulho-de-ser\/#primaryimage\"},\"thumbnailUrl\":\"https:\/\/matizes.org.br\/site\/wp-content\/uploads\/2024\/06\/PROGRAMACAO-SEMANA-DO-ORGULHO-DE-SER-MATIZES-1.png\",\"datePublished\":\"2024-06-07T15:50:20+00:00\",\"dateModified\":\"2024-06-07T15:50:23+00:00\",\"description\":\"O Grupo Matizes \u00e9 uma associa\u00e7\u00e3o civil, sem fins lucrativos, fundada em 18 de maio de 2002, cuja miss\u00e3o principal \u00e9 a defesa dos direitos de l\u00e9sbicas, gays, bissexuais, travestis e transexuais (LGBT+). \u00c9 filiado ao Movimento Nacional de Direitos Humanos e ao F\u00f3rum de ONGs\/AIDS do Piau\u00ed. Reconhecido como entidade de utilidade p\u00fablica pela Lei Estadual n\u00ba 5811, de 27 de novembro de 2008. Atualmente, integra os seguintes \u00f3rg\u00e3os colegiados: Conselho Estadual de Defesa dos Direitos Humanos, Conselho Estadual de Direitos de LGBT, Conselho Municipal de Direitos de LGBT e o F\u00f3rum Municipal de Educa\u00e7\u00e3o.O Matizes \u00e9 signat\u00e1rio de algumas representa\u00e7\u00f5es de repercuss\u00e3o geral,\",\"breadcrumb\":{\"@id\":\"https:\/\/matizes.org.br\/site\/matizes-divulga-programacao-da-18a-semana-do-orgulho-de-ser\/#breadcrumb\"},\"inLanguage\":\"pt-BR\",\"potentialAction\":[{\"@type\":\"ReadAction\",\"target\":[\"https:\/\/matizes.org.br\/site\/matizes-divulga-programacao-da-18a-semana-do-orgulho-de-ser\/\"]}]},{\"@type\":\"ImageObject\",\"inLanguage\":\"pt-BR\",\"@id\":\"https:\/\/matizes.org.br\/site\/matizes-divulga-programacao-da-18a-semana-do-orgulho-de-ser\/#primaryimage\",\"url\":\"https:\/\/matizes.org.br\/site\/wp-content\/uploads\/2024\/06\/PROGRAMACAO-SEMANA-DO-ORGULHO-DE-SER-MATIZES-1.png\",\"contentUrl\":\"https:\/\/matizes.org.br\/site\/wp-content\/uploads\/2024\/06\/PROGRAMACAO-SEMANA-DO-ORGULHO-DE-SER-MATIZES-1.png\",\"width\":1080,\"height\":1350},{\"@type\":\"BreadcrumbList\",\"@id\":\"https:\/\/matizes.org.br\/site\/matizes-divulga-programacao-da-18a-semana-do-orgulho-de-ser\/#breadcrumb\",\"itemListElement\":[{\"@type\":\"ListItem\",\"position\":1,\"name\":\"In\u00edcio\",\"item\":\"https:\/\/matizes.org.br\/site\/\"},{\"@type\":\"ListItem\",\"position\":2,\"name\":\"Matizes divulga programa\u00e7\u00e3o da 18\u00aa Semana do Orgulho de Ser\"}]},{\"@type\":\"WebSite\",\"@id\":\"https:\/\/matizes.org.br\/site\/#website\",\"url\":\"https:\/\/matizes.org.br\/site\/\",\"name\":\"Grupo Matizes - Teresina - Piau\u00ed\",\"description\":\"Pela livre express\u00e3o sexual\",\"publisher\":{\"@id\":\"https:\/\/matizes.org.br\/site\/#organization\"},\"potentialAction\":[{\"@type\":\"SearchAction\",\"target\":{\"@type\":\"EntryPoint\",\"urlTemplate\":\"https:\/\/matizes.org.br\/site\/?s={search_term_string}\"},\"query-input\":{\"@type\":\"PropertyValueSpecification\",\"valueRequired\":true,\"valueName\":\"search_term_string\"}}],\"inLanguage\":\"pt-BR\"},{\"@type\":\"Organization\",\"@id\":\"https:\/\/matizes.org.br\/site\/#organization\",\"name\":\"Grupo Matizes - Pela livre express\u00e3o sexual\",\"url\":\"https:\/\/matizes.org.br\/site\/\",\"logo\":{\"@type\":\"ImageObject\",\"inLanguage\":\"pt-BR\",\"@id\":\"https:\/\/matizes.org.br\/site\/#\/schema\/logo\/image\/\",\"url\":\"https:\/\/matizes.org.br\/site\/wp-content\/uploads\/2021\/10\/matizes-logo-site.png\",\"contentUrl\":\"https:\/\/matizes.org.br\/site\/wp-content\/uploads\/2021\/10\/matizes-logo-site.png\",\"width\":460,\"height\":123,\"caption\":\"Grupo Matizes - Pela livre express\u00e3o sexual\"},\"image\":{\"@id\":\"https:\/\/matizes.org.br\/site\/#\/schema\/logo\/image\/\"},\"sameAs\":[\"https:\/\/www.facebook.com\/grupomatizes\/\",\"https:\/\/www.instagram.com\/matizesteresina\/\",\"https:\/\/www.youtube.com\/user\/matizes1000\/videos\"]},{\"@type\":\"Person\",\"@id\":\"https:\/\/matizes.org.br\/site\/#\/schema\/person\/b95a3086d870683e99ecb340cd79118e\",\"name\":\"Assessoria Matizes\",\"image\":{\"@type\":\"ImageObject\",\"inLanguage\":\"pt-BR\",\"@id\":\"https:\/\/matizes.org.br\/site\/#\/schema\/person\/image\/\",\"url\":\"https:\/\/secure.gravatar.com\/avatar\/787e5ffefea0fc2f39104448d518cc9a2501158acc4fd8746b813eae27f48921?s=96&d=mm&r=g\",\"contentUrl\":\"https:\/\/secure.gravatar.com\/avatar\/787e5ffefea0fc2f39104448d518cc9a2501158acc4fd8746b813eae27f48921?s=96&d=mm&r=g\",\"caption\":\"Assessoria Matizes\"},\"sameAs\":[\"https:\/\/matizes.org.br\"]}]}<\/script>\n<!-- \/ Yoast SEO plugin. -->","yoast_head_json":{"title":"Matizes divulga programa\u00e7\u00e3o da 18\u00aa Semana do Orgulho de Ser - Grupo Matizes - Teresina - Piau\u00ed","description":"O Grupo Matizes \u00e9 uma associa\u00e7\u00e3o civil, sem fins lucrativos, fundada em 18 de maio de 2002, cuja miss\u00e3o principal \u00e9 a defesa dos direitos de l\u00e9sbicas, gays, bissexuais, travestis e transexuais (LGBT+). \u00c9 filiado ao Movimento Nacional de Direitos Humanos e ao F\u00f3rum de ONGs\/AIDS do Piau\u00ed. Reconhecido como entidade de utilidade p\u00fablica pela Lei Estadual n\u00ba 5811, de 27 de novembro de 2008. Atualmente, integra os seguintes \u00f3rg\u00e3os colegiados: Conselho Estadual de Defesa dos Direitos Humanos, Conselho Estadual de Direitos de LGBT, Conselho Municipal de Direitos de LGBT e o F\u00f3rum Municipal de Educa\u00e7\u00e3o.O Matizes \u00e9 signat\u00e1rio de algumas representa\u00e7\u00f5es de repercuss\u00e3o geral,","robots":{"index":"index","follow":"follow","max-snippet":"max-snippet:-1","max-image-preview":"max-image-preview:large","max-video-preview":"max-video-preview:-1"},"canonical":"https:\/\/matizes.org.br\/site\/matizes-divulga-programacao-da-18a-semana-do-orgulho-de-ser\/","og_locale":"pt_BR","og_type":"article","og_title":"Matizes divulga programa\u00e7\u00e3o da 18\u00aa Semana do Orgulho de Ser - Grupo Matizes - Teresina - Piau\u00ed","og_description":"O Grupo Matizes \u00e9 uma associa\u00e7\u00e3o civil, sem fins lucrativos, fundada em 18 de maio de 2002, cuja miss\u00e3o principal \u00e9 a defesa dos direitos de l\u00e9sbicas, gays, bissexuais, travestis e transexuais (LGBT+). \u00c9 filiado ao Movimento Nacional de Direitos Humanos e ao F\u00f3rum de ONGs\/AIDS do Piau\u00ed. Reconhecido como entidade de utilidade p\u00fablica pela Lei Estadual n\u00ba 5811, de 27 de novembro de 2008. Atualmente, integra os seguintes \u00f3rg\u00e3os colegiados: Conselho Estadual de Defesa dos Direitos Humanos, Conselho Estadual de Direitos de LGBT, Conselho Municipal de Direitos de LGBT e o F\u00f3rum Municipal de Educa\u00e7\u00e3o.O Matizes \u00e9 signat\u00e1rio de algumas representa\u00e7\u00f5es de repercuss\u00e3o geral,","og_url":"https:\/\/matizes.org.br\/site\/matizes-divulga-programacao-da-18a-semana-do-orgulho-de-ser\/","og_site_name":"Grupo Matizes - Teresina - Piau\u00ed","article_publisher":"https:\/\/www.facebook.com\/grupomatizes\/","article_published_time":"2024-06-07T15:50:20+00:00","article_modified_time":"2024-06-07T15:50:23+00:00","og_image":[{"width":1080,"height":1350,"url":"https:\/\/matizes.org.br\/site\/wp-content\/uploads\/2024\/06\/PROGRAMACAO-SEMANA-DO-ORGULHO-DE-SER-MATIZES-1.png","type":"image\/png"}],"author":"Assessoria Matizes","twitter_card":"summary_large_image","twitter_misc":{"Escrito por":"Assessoria Matizes","Est. tempo de leitura":"6 minutos"},"schema":{"@context":"https:\/\/schema.org","@graph":[{"@type":"Article","@id":"https:\/\/matizes.org.br\/site\/matizes-divulga-programacao-da-18a-semana-do-orgulho-de-ser\/#article","isPartOf":{"@id":"https:\/\/matizes.org.br\/site\/matizes-divulga-programacao-da-18a-semana-do-orgulho-de-ser\/"},"author":{"name":"Assessoria Matizes","@id":"https:\/\/matizes.org.br\/site\/#\/schema\/person\/b95a3086d870683e99ecb340cd79118e"},"headline":"Matizes divulga programa\u00e7\u00e3o da 18\u00aa Semana do Orgulho de Ser","datePublished":"2024-06-07T15:50:20+00:00","dateModified":"2024-06-07T15:50:23+00:00","mainEntityOfPage":{"@id":"https:\/\/matizes.org.br\/site\/matizes-divulga-programacao-da-18a-semana-do-orgulho-de-ser\/"},"wordCount":1268,"commentCount":0,"publisher":{"@id":"https:\/\/matizes.org.br\/site\/#organization"},"image":{"@id":"https:\/\/matizes.org.br\/site\/matizes-divulga-programacao-da-18a-semana-do-orgulho-de-ser\/#primaryimage"},"thumbnailUrl":"https:\/\/matizes.org.br\/site\/wp-content\/uploads\/2024\/06\/PROGRAMACAO-SEMANA-DO-ORGULHO-DE-SER-MATIZES-1.png","articleSection":["Not\u00edcias"],"inLanguage":"pt-BR","potentialAction":[{"@type":"CommentAction","name":"Comment","target":["https:\/\/matizes.org.br\/site\/matizes-divulga-programacao-da-18a-semana-do-orgulho-de-ser\/#respond"]}]},{"@type":"WebPage","@id":"https:\/\/matizes.org.br\/site\/matizes-divulga-programacao-da-18a-semana-do-orgulho-de-ser\/","url":"https:\/\/matizes.org.br\/site\/matizes-divulga-programacao-da-18a-semana-do-orgulho-de-ser\/","name":"Matizes divulga programa\u00e7\u00e3o da 18\u00aa Semana do Orgulho de Ser - Grupo Matizes - Teresina - Piau\u00ed","isPartOf":{"@id":"https:\/\/matizes.org.br\/site\/#website"},"primaryImageOfPage":{"@id":"https:\/\/matizes.org.br\/site\/matizes-divulga-programacao-da-18a-semana-do-orgulho-de-ser\/#primaryimage"},"image":{"@id":"https:\/\/matizes.org.br\/site\/matizes-divulga-programacao-da-18a-semana-do-orgulho-de-ser\/#primaryimage"},"thumbnailUrl":"https:\/\/matizes.org.br\/site\/wp-content\/uploads\/2024\/06\/PROGRAMACAO-SEMANA-DO-ORGULHO-DE-SER-MATIZES-1.png","datePublished":"2024-06-07T15:50:20+00:00","dateModified":"2024-06-07T15:50:23+00:00","description":"O Grupo Matizes \u00e9 uma associa\u00e7\u00e3o civil, sem fins lucrativos, fundada em 18 de maio de 2002, cuja miss\u00e3o principal \u00e9 a defesa dos direitos de l\u00e9sbicas, gays, bissexuais, travestis e transexuais (LGBT+). \u00c9 filiado ao Movimento Nacional de Direitos Humanos e ao F\u00f3rum de ONGs\/AIDS do Piau\u00ed. Reconhecido como entidade de utilidade p\u00fablica pela Lei Estadual n\u00ba 5811, de 27 de novembro de 2008. Atualmente, integra os seguintes \u00f3rg\u00e3os colegiados: Conselho Estadual de Defesa dos Direitos Humanos, Conselho Estadual de Direitos de LGBT, Conselho Municipal de Direitos de LGBT e o F\u00f3rum Municipal de Educa\u00e7\u00e3o.O Matizes \u00e9 signat\u00e1rio de algumas representa\u00e7\u00f5es de repercuss\u00e3o geral,","breadcrumb":{"@id":"https:\/\/matizes.org.br\/site\/matizes-divulga-programacao-da-18a-semana-do-orgulho-de-ser\/#breadcrumb"},"inLanguage":"pt-BR","potentialAction":[{"@type":"ReadAction","target":["https:\/\/matizes.org.br\/site\/matizes-divulga-programacao-da-18a-semana-do-orgulho-de-ser\/"]}]},{"@type":"ImageObject","inLanguage":"pt-BR","@id":"https:\/\/matizes.org.br\/site\/matizes-divulga-programacao-da-18a-semana-do-orgulho-de-ser\/#primaryimage","url":"https:\/\/matizes.org.br\/site\/wp-content\/uploads\/2024\/06\/PROGRAMACAO-SEMANA-DO-ORGULHO-DE-SER-MATIZES-1.png","contentUrl":"https:\/\/matizes.org.br\/site\/wp-content\/uploads\/2024\/06\/PROGRAMACAO-SEMANA-DO-ORGULHO-DE-SER-MATIZES-1.png","width":1080,"height":1350},{"@type":"BreadcrumbList","@id":"https:\/\/matizes.org.br\/site\/matizes-divulga-programacao-da-18a-semana-do-orgulho-de-ser\/#breadcrumb","itemListElement":[{"@type":"ListItem","position":1,"name":"In\u00edcio","item":"https:\/\/matizes.org.br\/site\/"},{"@type":"ListItem","position":2,"name":"Matizes divulga programa\u00e7\u00e3o da 18\u00aa Semana do Orgulho de Ser"}]},{"@type":"WebSite","@id":"https:\/\/matizes.org.br\/site\/#website","url":"https:\/\/matizes.org.br\/site\/","name":"Grupo Matizes - Teresina - Piau\u00ed","description":"Pela livre express\u00e3o sexual","publisher":{"@id":"https:\/\/matizes.org.br\/site\/#organization"},"potentialAction":[{"@type":"SearchAction","target":{"@type":"EntryPoint","urlTemplate":"https:\/\/matizes.org.br\/site\/?s={search_term_string}"},"query-input":{"@type":"PropertyValueSpecification","valueRequired":true,"valueName":"search_term_string"}}],"inLanguage":"pt-BR"},{"@type":"Organization","@id":"https:\/\/matizes.org.br\/site\/#organization","name":"Grupo Matizes - Pela livre express\u00e3o sexual","url":"https:\/\/matizes.org.br\/site\/","logo":{"@type":"ImageObject","inLanguage":"pt-BR","@id":"https:\/\/matizes.org.br\/site\/#\/schema\/logo\/image\/","url":"https:\/\/matizes.org.br\/site\/wp-content\/uploads\/2021\/10\/matizes-logo-site.png","contentUrl":"https:\/\/matizes.org.br\/site\/wp-content\/uploads\/2021\/10\/matizes-logo-site.png","width":460,"height":123,"caption":"Grupo Matizes - Pela livre express\u00e3o sexual"},"image":{"@id":"https:\/\/matizes.org.br\/site\/#\/schema\/logo\/image\/"},"sameAs":["https:\/\/www.facebook.com\/grupomatizes\/","https:\/\/www.instagram.com\/matizesteresina\/","https:\/\/www.youtube.com\/user\/matizes1000\/videos"]},{"@type":"Person","@id":"https:\/\/matizes.org.br\/site\/#\/schema\/person\/b95a3086d870683e99ecb340cd79118e","name":"Assessoria Matizes","image":{"@type":"ImageObject","inLanguage":"pt-BR","@id":"https:\/\/matizes.org.br\/site\/#\/schema\/person\/image\/","url":"https:\/\/secure.gravatar.com\/avatar\/787e5ffefea0fc2f39104448d518cc9a2501158acc4fd8746b813eae27f48921?s=96&d=mm&r=g","contentUrl":"https:\/\/secure.gravatar.com\/avatar\/787e5ffefea0fc2f39104448d518cc9a2501158acc4fd8746b813eae27f48921?s=96&d=mm&r=g","caption":"Assessoria Matizes"},"sameAs":["https:\/\/matizes.org.br"]}]}},"_links":{"self":[{"href":"https:\/\/matizes.org.br\/site\/wp-json\/wp\/v2\/posts\/1479","targetHints":{"allow":["GET"]}}],"collection":[{"href":"https:\/\/matizes.org.br\/site\/wp-json\/wp\/v2\/posts"}],"about":[{"href":"https:\/\/matizes.org.br\/site\/wp-json\/wp\/v2\/types\/post"}],"author":[{"embeddable":true,"href":"https:\/\/matizes.org.br\/site\/wp-json\/wp\/v2\/users\/2"}],"replies":[{"embeddable":true,"href":"https:\/\/matizes.org.br\/site\/wp-json\/wp\/v2\/comments?post=1479"}],"version-history":[{"count":1,"href":"https:\/\/matizes.org.br\/site\/wp-json\/wp\/v2\/posts\/1479\/revisions"}],"predecessor-version":[{"id":1481,"href":"https:\/\/matizes.org.br\/site\/wp-json\/wp\/v2\/posts\/1479\/revisions\/1481"}],"wp:featuredmedia":[{"embeddable":true,"href":"https:\/\/matizes.org.br\/site\/wp-json\/wp\/v2\/media\/1480"}],"wp:attachment":[{"href":"https:\/\/matizes.org.br\/site\/wp-json\/wp\/v2\/media?parent=1479"}],"wp:term":[{"taxonomy":"category","embeddable":true,"href":"https:\/\/matizes.org.br\/site\/wp-json\/wp\/v2\/categories?post=1479"},{"taxonomy":"post_tag","embeddable":true,"href":"https:\/\/matizes.org.br\/site\/wp-json\/wp\/v2\/tags?post=1479"}],"curies":[{"name":"wp","href":"https:\/\/api.w.org\/{rel}","templated":true}]}}