{"id":1504,"date":"2025-03-13T08:42:13","date_gmt":"2025-03-13T11:42:13","guid":{"rendered":"https:\/\/matizes.org.br\/site\/?p=1504"},"modified":"2025-03-13T08:42:15","modified_gmt":"2025-03-13T11:42:15","slug":"palestra-aborda-empregabilidade-para-mulheres-e-pessoas-lgbt-em-situacao-de-vulnerabilidade","status":"publish","type":"post","link":"https:\/\/matizes.org.br\/site\/palestra-aborda-empregabilidade-para-mulheres-e-pessoas-lgbt-em-situacao-de-vulnerabilidade\/","title":{"rendered":"Palestra aborda empregabilidade para mulheres e pessoas LGBT em situa\u00e7\u00e3o de vulnerabilidade"},"content":{"rendered":"\n<p>O Grupo Matizes e a CIAP (Central Integrada de Alternativas Penais) realizam, no dia 18 de mar\u00e7o (ter\u00e7a-feira), \u00e0s 8h30min, a palestra &#8220;Em busca da empregabilidade: elabora\u00e7\u00e3o de curr\u00edculo e prepara\u00e7\u00e3o para entrevistas&#8221;. O evento ser\u00e1 realizado no Audit\u00f3rio do Tribunal do J\u00fari (5\u00ba andar do F\u00f3rum Criminal) e \u00e9 voltado para LGBT e mulheres cis.<\/p>\n\n\n\n<p>A iniciativa integra o Projeto Dando a Volta Por Cima, executado pelo Matizes e financiado pelo Tribunal de Justi\u00e7a do Piau\u00ed (TJ-PI).<\/p>\n\n\n\n<p>A palestra ser\u00e1 ministrada por Vit\u00f3ria Sousa Pilar, jornalista, mestranda em comunica\u00e7\u00e3o e especialista em diversidade e inclus\u00e3o. Atuando como consultora da Ash Gest\u00e3o e Head da Piau\u00ed Criativo, Vit\u00f3ria tem ampla experi\u00eancia em recrutamento e sele\u00e7\u00e3o de pessoas.<\/p>\n\n\n\n<p>Para Maria Jos\u00e9 Ventura, Coordenadora do Matizes, a\u00e7\u00f5es como essa s\u00e3o fundamentais para promover a inclus\u00e3o e reduzir as barreiras enfrentadas por pessoas que sofrem discrimina\u00e7\u00e3o motivada por g\u00eanero ou orienta\u00e7\u00e3o sexual ao tentarem ingressar no mercado de trabalho. &#8220;Garantir acesso \u00e0 informa\u00e7\u00e3o e a qualifica\u00e7\u00e3o \u00e9 um passo importante para a (re)inser\u00e7\u00e3o no mundo corporativo&#8221;, destaca a coordenadora do grupo.<\/p>\n\n\n\n<p>SERVI\u00c7O<br>Palestra &#8220;Em busca da empregabilidade: elabora\u00e7\u00e3o de curr\u00edculo e prepara\u00e7\u00e3o para entrevistas<br>Data: 18 de mar\u00e7o (ter\u00e7a-feira)<br>Hor\u00e1rio: 8h30min<br>Local: Audit\u00f3rio do Tribunal do J\u00fari (5\u00ba andar do F\u00f3rum Criminal)<br>P\u00fablico-alvo: Mulheres e pessoas LGBT atendidas pela CIAP<\/p>\n","protected":false},"excerpt":{"rendered":"<p>O Grupo Matizes e a CIAP (Central Integrada de Alternativas Penais) realizam, no dia 18 de mar\u00e7o (ter\u00e7a-feira), \u00e0s 8h30min, a palestra &#8220;Em busca da empregabilidade: elabora\u00e7\u00e3o de curr\u00edculo e prepara\u00e7\u00e3o para entrevistas&#8221;. O evento ser\u00e1 realizado no Audit\u00f3rio do Tribunal do J\u00fari (5\u00ba andar do F\u00f3rum Criminal) e \u00e9 voltado para LGBT e mulheres [&hellip;]<\/p>\n","protected":false},"author":2,"featured_media":1505,"comment_status":"open","ping_status":"open","sticky":false,"template":"","format":"standard","meta":{"footnotes":""},"categories":[1],"tags":[27,16,20,30],"class_list":["post-1504","post","type-post","status-publish","format-standard","has-post-thumbnail","hentry","category-noticias","tag-justica","tag-lgbtqia","tag-matizes","tag-teresina"],"yoast_head":"<!-- This site is optimized with the Yoast SEO plugin v27.1.1 - https:\/\/yoast.com\/product\/yoast-seo-wordpress\/ -->\n<title>Palestra aborda empregabilidade para mulheres e pessoas LGBT em situa\u00e7\u00e3o de vulnerabilidade - Grupo Matizes - Teresina - Piau\u00ed<\/title>\n<meta name=\"description\" content=\"O Grupo Matizes \u00e9 uma associa\u00e7\u00e3o civil, sem fins lucrativos, fundada em 18 de maio de 2002, cuja miss\u00e3o principal \u00e9 a defesa dos direitos de l\u00e9sbicas, gays, bissexuais, travestis e transexuais (LGBT+). \u00c9 filiado ao Movimento Nacional de Direitos Humanos e ao F\u00f3rum de ONGs\/AIDS do Piau\u00ed. Reconhecido como entidade de utilidade p\u00fablica pela Lei Estadual n\u00ba 5811, de 27 de novembro de 2008. Atualmente, integra os seguintes \u00f3rg\u00e3os colegiados: Conselho Estadual de Defesa dos Direitos Humanos, Conselho Estadual de Direitos de LGBT, Conselho Municipal de Direitos de LGBT e o F\u00f3rum Municipal de Educa\u00e7\u00e3o.O Matizes \u00e9 signat\u00e1rio de algumas representa\u00e7\u00f5es de repercuss\u00e3o geral,\" \/>\n<meta name=\"robots\" content=\"index, follow, max-snippet:-1, max-image-preview:large, max-video-preview:-1\" \/>\n<link rel=\"canonical\" href=\"https:\/\/matizes.org.br\/site\/palestra-aborda-empregabilidade-para-mulheres-e-pessoas-lgbt-em-situacao-de-vulnerabilidade\/\" \/>\n<meta property=\"og:locale\" content=\"pt_BR\" \/>\n<meta property=\"og:type\" content=\"article\" \/>\n<meta property=\"og:title\" content=\"Palestra aborda empregabilidade para mulheres e pessoas LGBT em situa\u00e7\u00e3o de vulnerabilidade - Grupo Matizes - Teresina - Piau\u00ed\" \/>\n<meta property=\"og:description\" content=\"O Grupo Matizes \u00e9 uma associa\u00e7\u00e3o civil, sem fins lucrativos, fundada em 18 de maio de 2002, cuja miss\u00e3o principal \u00e9 a defesa dos direitos de l\u00e9sbicas, gays, bissexuais, travestis e transexuais (LGBT+). \u00c9 filiado ao Movimento Nacional de Direitos Humanos e ao F\u00f3rum de ONGs\/AIDS do Piau\u00ed. Reconhecido como entidade de utilidade p\u00fablica pela Lei Estadual n\u00ba 5811, de 27 de novembro de 2008. Atualmente, integra os seguintes \u00f3rg\u00e3os colegiados: Conselho Estadual de Defesa dos Direitos Humanos, Conselho Estadual de Direitos de LGBT, Conselho Municipal de Direitos de LGBT e o F\u00f3rum Municipal de Educa\u00e7\u00e3o.O Matizes \u00e9 signat\u00e1rio de algumas representa\u00e7\u00f5es de repercuss\u00e3o geral,\" \/>\n<meta property=\"og:url\" content=\"https:\/\/matizes.org.br\/site\/palestra-aborda-empregabilidade-para-mulheres-e-pessoas-lgbt-em-situacao-de-vulnerabilidade\/\" \/>\n<meta property=\"og:site_name\" content=\"Grupo Matizes - Teresina - Piau\u00ed\" \/>\n<meta property=\"article:publisher\" content=\"https:\/\/www.facebook.com\/grupomatizes\/\" \/>\n<meta property=\"article:published_time\" content=\"2025-03-13T11:42:13+00:00\" \/>\n<meta property=\"article:modified_time\" content=\"2025-03-13T11:42:15+00:00\" \/>\n<meta property=\"og:image\" content=\"https:\/\/matizes.org.br\/site\/wp-content\/uploads\/2025\/03\/PALESTRA-CIAP-Matizes-1.png\" \/>\n\t<meta property=\"og:image:width\" content=\"1080\" \/>\n\t<meta property=\"og:image:height\" content=\"1350\" \/>\n\t<meta property=\"og:image:type\" content=\"image\/png\" \/>\n<meta name=\"author\" content=\"Assessoria Matizes\" \/>\n<meta name=\"twitter:card\" content=\"summary_large_image\" \/>\n<meta name=\"twitter:label1\" content=\"Escrito por\" \/>\n\t<meta name=\"twitter:data1\" content=\"Assessoria Matizes\" \/>\n\t<meta name=\"twitter:label2\" content=\"Est. tempo de leitura\" \/>\n\t<meta name=\"twitter:data2\" content=\"2 minutos\" \/>\n<script type=\"application\/ld+json\" class=\"yoast-schema-graph\">{\"@context\":\"https:\/\/schema.org\",\"@graph\":[{\"@type\":\"Article\",\"@id\":\"https:\/\/matizes.org.br\/site\/palestra-aborda-empregabilidade-para-mulheres-e-pessoas-lgbt-em-situacao-de-vulnerabilidade\/#article\",\"isPartOf\":{\"@id\":\"https:\/\/matizes.org.br\/site\/palestra-aborda-empregabilidade-para-mulheres-e-pessoas-lgbt-em-situacao-de-vulnerabilidade\/\"},\"author\":{\"name\":\"Assessoria Matizes\",\"@id\":\"https:\/\/matizes.org.br\/site\/#\/schema\/person\/b95a3086d870683e99ecb340cd79118e\"},\"headline\":\"Palestra aborda empregabilidade para mulheres e pessoas LGBT em situa\u00e7\u00e3o de vulnerabilidade\",\"datePublished\":\"2025-03-13T11:42:13+00:00\",\"dateModified\":\"2025-03-13T11:42:15+00:00\",\"mainEntityOfPage\":{\"@id\":\"https:\/\/matizes.org.br\/site\/palestra-aborda-empregabilidade-para-mulheres-e-pessoas-lgbt-em-situacao-de-vulnerabilidade\/\"},\"wordCount\":259,\"commentCount\":0,\"publisher\":{\"@id\":\"https:\/\/matizes.org.br\/site\/#organization\"},\"image\":{\"@id\":\"https:\/\/matizes.org.br\/site\/palestra-aborda-empregabilidade-para-mulheres-e-pessoas-lgbt-em-situacao-de-vulnerabilidade\/#primaryimage\"},\"thumbnailUrl\":\"https:\/\/matizes.org.br\/site\/wp-content\/uploads\/2025\/03\/PALESTRA-CIAP-Matizes-1.png\",\"keywords\":[\"justi\u00e7a\",\"lgbtqia+\",\"matizes\",\"teresina\"],\"articleSection\":[\"Not\u00edcias\"],\"inLanguage\":\"pt-BR\",\"potentialAction\":[{\"@type\":\"CommentAction\",\"name\":\"Comment\",\"target\":[\"https:\/\/matizes.org.br\/site\/palestra-aborda-empregabilidade-para-mulheres-e-pessoas-lgbt-em-situacao-de-vulnerabilidade\/#respond\"]}]},{\"@type\":\"WebPage\",\"@id\":\"https:\/\/matizes.org.br\/site\/palestra-aborda-empregabilidade-para-mulheres-e-pessoas-lgbt-em-situacao-de-vulnerabilidade\/\",\"url\":\"https:\/\/matizes.org.br\/site\/palestra-aborda-empregabilidade-para-mulheres-e-pessoas-lgbt-em-situacao-de-vulnerabilidade\/\",\"name\":\"Palestra aborda empregabilidade para mulheres e pessoas LGBT em situa\u00e7\u00e3o de vulnerabilidade - Grupo Matizes - Teresina - Piau\u00ed\",\"isPartOf\":{\"@id\":\"https:\/\/matizes.org.br\/site\/#website\"},\"primaryImageOfPage\":{\"@id\":\"https:\/\/matizes.org.br\/site\/palestra-aborda-empregabilidade-para-mulheres-e-pessoas-lgbt-em-situacao-de-vulnerabilidade\/#primaryimage\"},\"image\":{\"@id\":\"https:\/\/matizes.org.br\/site\/palestra-aborda-empregabilidade-para-mulheres-e-pessoas-lgbt-em-situacao-de-vulnerabilidade\/#primaryimage\"},\"thumbnailUrl\":\"https:\/\/matizes.org.br\/site\/wp-content\/uploads\/2025\/03\/PALESTRA-CIAP-Matizes-1.png\",\"datePublished\":\"2025-03-13T11:42:13+00:00\",\"dateModified\":\"2025-03-13T11:42:15+00:00\",\"description\":\"O Grupo Matizes \u00e9 uma associa\u00e7\u00e3o civil, sem fins lucrativos, fundada em 18 de maio de 2002, cuja miss\u00e3o principal \u00e9 a defesa dos direitos de l\u00e9sbicas, gays, bissexuais, travestis e transexuais (LGBT+). \u00c9 filiado ao Movimento Nacional de Direitos Humanos e ao F\u00f3rum de ONGs\/AIDS do Piau\u00ed. Reconhecido como entidade de utilidade p\u00fablica pela Lei Estadual n\u00ba 5811, de 27 de novembro de 2008. Atualmente, integra os seguintes \u00f3rg\u00e3os colegiados: Conselho Estadual de Defesa dos Direitos Humanos, Conselho Estadual de Direitos de LGBT, Conselho Municipal de Direitos de LGBT e o F\u00f3rum Municipal de Educa\u00e7\u00e3o.O Matizes \u00e9 signat\u00e1rio de algumas representa\u00e7\u00f5es de repercuss\u00e3o geral,\",\"breadcrumb\":{\"@id\":\"https:\/\/matizes.org.br\/site\/palestra-aborda-empregabilidade-para-mulheres-e-pessoas-lgbt-em-situacao-de-vulnerabilidade\/#breadcrumb\"},\"inLanguage\":\"pt-BR\",\"potentialAction\":[{\"@type\":\"ReadAction\",\"target\":[\"https:\/\/matizes.org.br\/site\/palestra-aborda-empregabilidade-para-mulheres-e-pessoas-lgbt-em-situacao-de-vulnerabilidade\/\"]}]},{\"@type\":\"ImageObject\",\"inLanguage\":\"pt-BR\",\"@id\":\"https:\/\/matizes.org.br\/site\/palestra-aborda-empregabilidade-para-mulheres-e-pessoas-lgbt-em-situacao-de-vulnerabilidade\/#primaryimage\",\"url\":\"https:\/\/matizes.org.br\/site\/wp-content\/uploads\/2025\/03\/PALESTRA-CIAP-Matizes-1.png\",\"contentUrl\":\"https:\/\/matizes.org.br\/site\/wp-content\/uploads\/2025\/03\/PALESTRA-CIAP-Matizes-1.png\",\"width\":1080,\"height\":1350},{\"@type\":\"BreadcrumbList\",\"@id\":\"https:\/\/matizes.org.br\/site\/palestra-aborda-empregabilidade-para-mulheres-e-pessoas-lgbt-em-situacao-de-vulnerabilidade\/#breadcrumb\",\"itemListElement\":[{\"@type\":\"ListItem\",\"position\":1,\"name\":\"In\u00edcio\",\"item\":\"https:\/\/matizes.org.br\/site\/\"},{\"@type\":\"ListItem\",\"position\":2,\"name\":\"Palestra aborda empregabilidade para mulheres e pessoas LGBT em situa\u00e7\u00e3o de vulnerabilidade\"}]},{\"@type\":\"WebSite\",\"@id\":\"https:\/\/matizes.org.br\/site\/#website\",\"url\":\"https:\/\/matizes.org.br\/site\/\",\"name\":\"Grupo Matizes - Teresina - Piau\u00ed\",\"description\":\"Pela livre express\u00e3o sexual\",\"publisher\":{\"@id\":\"https:\/\/matizes.org.br\/site\/#organization\"},\"potentialAction\":[{\"@type\":\"SearchAction\",\"target\":{\"@type\":\"EntryPoint\",\"urlTemplate\":\"https:\/\/matizes.org.br\/site\/?s={search_term_string}\"},\"query-input\":{\"@type\":\"PropertyValueSpecification\",\"valueRequired\":true,\"valueName\":\"search_term_string\"}}],\"inLanguage\":\"pt-BR\"},{\"@type\":\"Organization\",\"@id\":\"https:\/\/matizes.org.br\/site\/#organization\",\"name\":\"Grupo Matizes - Pela livre express\u00e3o sexual\",\"url\":\"https:\/\/matizes.org.br\/site\/\",\"logo\":{\"@type\":\"ImageObject\",\"inLanguage\":\"pt-BR\",\"@id\":\"https:\/\/matizes.org.br\/site\/#\/schema\/logo\/image\/\",\"url\":\"https:\/\/matizes.org.br\/site\/wp-content\/uploads\/2021\/10\/matizes-logo-site.png\",\"contentUrl\":\"https:\/\/matizes.org.br\/site\/wp-content\/uploads\/2021\/10\/matizes-logo-site.png\",\"width\":460,\"height\":123,\"caption\":\"Grupo Matizes - Pela livre express\u00e3o sexual\"},\"image\":{\"@id\":\"https:\/\/matizes.org.br\/site\/#\/schema\/logo\/image\/\"},\"sameAs\":[\"https:\/\/www.facebook.com\/grupomatizes\/\",\"https:\/\/www.instagram.com\/matizesteresina\/\",\"https:\/\/www.youtube.com\/user\/matizes1000\/videos\"]},{\"@type\":\"Person\",\"@id\":\"https:\/\/matizes.org.br\/site\/#\/schema\/person\/b95a3086d870683e99ecb340cd79118e\",\"name\":\"Assessoria Matizes\",\"image\":{\"@type\":\"ImageObject\",\"inLanguage\":\"pt-BR\",\"@id\":\"https:\/\/matizes.org.br\/site\/#\/schema\/person\/image\/\",\"url\":\"https:\/\/secure.gravatar.com\/avatar\/787e5ffefea0fc2f39104448d518cc9a2501158acc4fd8746b813eae27f48921?s=96&d=mm&r=g\",\"contentUrl\":\"https:\/\/secure.gravatar.com\/avatar\/787e5ffefea0fc2f39104448d518cc9a2501158acc4fd8746b813eae27f48921?s=96&d=mm&r=g\",\"caption\":\"Assessoria Matizes\"},\"sameAs\":[\"https:\/\/matizes.org.br\"]}]}<\/script>\n<!-- \/ Yoast SEO plugin. -->","yoast_head_json":{"title":"Palestra aborda empregabilidade para mulheres e pessoas LGBT em situa\u00e7\u00e3o de vulnerabilidade - Grupo Matizes - Teresina - Piau\u00ed","description":"O Grupo Matizes \u00e9 uma associa\u00e7\u00e3o civil, sem fins lucrativos, fundada em 18 de maio de 2002, cuja miss\u00e3o principal \u00e9 a defesa dos direitos de l\u00e9sbicas, gays, bissexuais, travestis e transexuais (LGBT+). \u00c9 filiado ao Movimento Nacional de Direitos Humanos e ao F\u00f3rum de ONGs\/AIDS do Piau\u00ed. Reconhecido como entidade de utilidade p\u00fablica pela Lei Estadual n\u00ba 5811, de 27 de novembro de 2008. Atualmente, integra os seguintes \u00f3rg\u00e3os colegiados: Conselho Estadual de Defesa dos Direitos Humanos, Conselho Estadual de Direitos de LGBT, Conselho Municipal de Direitos de LGBT e o F\u00f3rum Municipal de Educa\u00e7\u00e3o.O Matizes \u00e9 signat\u00e1rio de algumas representa\u00e7\u00f5es de repercuss\u00e3o geral,","robots":{"index":"index","follow":"follow","max-snippet":"max-snippet:-1","max-image-preview":"max-image-preview:large","max-video-preview":"max-video-preview:-1"},"canonical":"https:\/\/matizes.org.br\/site\/palestra-aborda-empregabilidade-para-mulheres-e-pessoas-lgbt-em-situacao-de-vulnerabilidade\/","og_locale":"pt_BR","og_type":"article","og_title":"Palestra aborda empregabilidade para mulheres e pessoas LGBT em situa\u00e7\u00e3o de vulnerabilidade - Grupo Matizes - Teresina - Piau\u00ed","og_description":"O Grupo Matizes \u00e9 uma associa\u00e7\u00e3o civil, sem fins lucrativos, fundada em 18 de maio de 2002, cuja miss\u00e3o principal \u00e9 a defesa dos direitos de l\u00e9sbicas, gays, bissexuais, travestis e transexuais (LGBT+). \u00c9 filiado ao Movimento Nacional de Direitos Humanos e ao F\u00f3rum de ONGs\/AIDS do Piau\u00ed. Reconhecido como entidade de utilidade p\u00fablica pela Lei Estadual n\u00ba 5811, de 27 de novembro de 2008. Atualmente, integra os seguintes \u00f3rg\u00e3os colegiados: Conselho Estadual de Defesa dos Direitos Humanos, Conselho Estadual de Direitos de LGBT, Conselho Municipal de Direitos de LGBT e o F\u00f3rum Municipal de Educa\u00e7\u00e3o.O Matizes \u00e9 signat\u00e1rio de algumas representa\u00e7\u00f5es de repercuss\u00e3o geral,","og_url":"https:\/\/matizes.org.br\/site\/palestra-aborda-empregabilidade-para-mulheres-e-pessoas-lgbt-em-situacao-de-vulnerabilidade\/","og_site_name":"Grupo Matizes - Teresina - Piau\u00ed","article_publisher":"https:\/\/www.facebook.com\/grupomatizes\/","article_published_time":"2025-03-13T11:42:13+00:00","article_modified_time":"2025-03-13T11:42:15+00:00","og_image":[{"width":1080,"height":1350,"url":"https:\/\/matizes.org.br\/site\/wp-content\/uploads\/2025\/03\/PALESTRA-CIAP-Matizes-1.png","type":"image\/png"}],"author":"Assessoria Matizes","twitter_card":"summary_large_image","twitter_misc":{"Escrito por":"Assessoria Matizes","Est. tempo de leitura":"2 minutos"},"schema":{"@context":"https:\/\/schema.org","@graph":[{"@type":"Article","@id":"https:\/\/matizes.org.br\/site\/palestra-aborda-empregabilidade-para-mulheres-e-pessoas-lgbt-em-situacao-de-vulnerabilidade\/#article","isPartOf":{"@id":"https:\/\/matizes.org.br\/site\/palestra-aborda-empregabilidade-para-mulheres-e-pessoas-lgbt-em-situacao-de-vulnerabilidade\/"},"author":{"name":"Assessoria Matizes","@id":"https:\/\/matizes.org.br\/site\/#\/schema\/person\/b95a3086d870683e99ecb340cd79118e"},"headline":"Palestra aborda empregabilidade para mulheres e pessoas LGBT em situa\u00e7\u00e3o de vulnerabilidade","datePublished":"2025-03-13T11:42:13+00:00","dateModified":"2025-03-13T11:42:15+00:00","mainEntityOfPage":{"@id":"https:\/\/matizes.org.br\/site\/palestra-aborda-empregabilidade-para-mulheres-e-pessoas-lgbt-em-situacao-de-vulnerabilidade\/"},"wordCount":259,"commentCount":0,"publisher":{"@id":"https:\/\/matizes.org.br\/site\/#organization"},"image":{"@id":"https:\/\/matizes.org.br\/site\/palestra-aborda-empregabilidade-para-mulheres-e-pessoas-lgbt-em-situacao-de-vulnerabilidade\/#primaryimage"},"thumbnailUrl":"https:\/\/matizes.org.br\/site\/wp-content\/uploads\/2025\/03\/PALESTRA-CIAP-Matizes-1.png","keywords":["justi\u00e7a","lgbtqia+","matizes","teresina"],"articleSection":["Not\u00edcias"],"inLanguage":"pt-BR","potentialAction":[{"@type":"CommentAction","name":"Comment","target":["https:\/\/matizes.org.br\/site\/palestra-aborda-empregabilidade-para-mulheres-e-pessoas-lgbt-em-situacao-de-vulnerabilidade\/#respond"]}]},{"@type":"WebPage","@id":"https:\/\/matizes.org.br\/site\/palestra-aborda-empregabilidade-para-mulheres-e-pessoas-lgbt-em-situacao-de-vulnerabilidade\/","url":"https:\/\/matizes.org.br\/site\/palestra-aborda-empregabilidade-para-mulheres-e-pessoas-lgbt-em-situacao-de-vulnerabilidade\/","name":"Palestra aborda empregabilidade para mulheres e pessoas LGBT em situa\u00e7\u00e3o de vulnerabilidade - Grupo Matizes - Teresina - Piau\u00ed","isPartOf":{"@id":"https:\/\/matizes.org.br\/site\/#website"},"primaryImageOfPage":{"@id":"https:\/\/matizes.org.br\/site\/palestra-aborda-empregabilidade-para-mulheres-e-pessoas-lgbt-em-situacao-de-vulnerabilidade\/#primaryimage"},"image":{"@id":"https:\/\/matizes.org.br\/site\/palestra-aborda-empregabilidade-para-mulheres-e-pessoas-lgbt-em-situacao-de-vulnerabilidade\/#primaryimage"},"thumbnailUrl":"https:\/\/matizes.org.br\/site\/wp-content\/uploads\/2025\/03\/PALESTRA-CIAP-Matizes-1.png","datePublished":"2025-03-13T11:42:13+00:00","dateModified":"2025-03-13T11:42:15+00:00","description":"O Grupo Matizes \u00e9 uma associa\u00e7\u00e3o civil, sem fins lucrativos, fundada em 18 de maio de 2002, cuja miss\u00e3o principal \u00e9 a defesa dos direitos de l\u00e9sbicas, gays, bissexuais, travestis e transexuais (LGBT+). \u00c9 filiado ao Movimento Nacional de Direitos Humanos e ao F\u00f3rum de ONGs\/AIDS do Piau\u00ed. Reconhecido como entidade de utilidade p\u00fablica pela Lei Estadual n\u00ba 5811, de 27 de novembro de 2008. Atualmente, integra os seguintes \u00f3rg\u00e3os colegiados: Conselho Estadual de Defesa dos Direitos Humanos, Conselho Estadual de Direitos de LGBT, Conselho Municipal de Direitos de LGBT e o F\u00f3rum Municipal de Educa\u00e7\u00e3o.O Matizes \u00e9 signat\u00e1rio de algumas representa\u00e7\u00f5es de repercuss\u00e3o geral,","breadcrumb":{"@id":"https:\/\/matizes.org.br\/site\/palestra-aborda-empregabilidade-para-mulheres-e-pessoas-lgbt-em-situacao-de-vulnerabilidade\/#breadcrumb"},"inLanguage":"pt-BR","potentialAction":[{"@type":"ReadAction","target":["https:\/\/matizes.org.br\/site\/palestra-aborda-empregabilidade-para-mulheres-e-pessoas-lgbt-em-situacao-de-vulnerabilidade\/"]}]},{"@type":"ImageObject","inLanguage":"pt-BR","@id":"https:\/\/matizes.org.br\/site\/palestra-aborda-empregabilidade-para-mulheres-e-pessoas-lgbt-em-situacao-de-vulnerabilidade\/#primaryimage","url":"https:\/\/matizes.org.br\/site\/wp-content\/uploads\/2025\/03\/PALESTRA-CIAP-Matizes-1.png","contentUrl":"https:\/\/matizes.org.br\/site\/wp-content\/uploads\/2025\/03\/PALESTRA-CIAP-Matizes-1.png","width":1080,"height":1350},{"@type":"BreadcrumbList","@id":"https:\/\/matizes.org.br\/site\/palestra-aborda-empregabilidade-para-mulheres-e-pessoas-lgbt-em-situacao-de-vulnerabilidade\/#breadcrumb","itemListElement":[{"@type":"ListItem","position":1,"name":"In\u00edcio","item":"https:\/\/matizes.org.br\/site\/"},{"@type":"ListItem","position":2,"name":"Palestra aborda empregabilidade para mulheres e pessoas LGBT em situa\u00e7\u00e3o de vulnerabilidade"}]},{"@type":"WebSite","@id":"https:\/\/matizes.org.br\/site\/#website","url":"https:\/\/matizes.org.br\/site\/","name":"Grupo Matizes - Teresina - Piau\u00ed","description":"Pela livre express\u00e3o sexual","publisher":{"@id":"https:\/\/matizes.org.br\/site\/#organization"},"potentialAction":[{"@type":"SearchAction","target":{"@type":"EntryPoint","urlTemplate":"https:\/\/matizes.org.br\/site\/?s={search_term_string}"},"query-input":{"@type":"PropertyValueSpecification","valueRequired":true,"valueName":"search_term_string"}}],"inLanguage":"pt-BR"},{"@type":"Organization","@id":"https:\/\/matizes.org.br\/site\/#organization","name":"Grupo Matizes - Pela livre express\u00e3o sexual","url":"https:\/\/matizes.org.br\/site\/","logo":{"@type":"ImageObject","inLanguage":"pt-BR","@id":"https:\/\/matizes.org.br\/site\/#\/schema\/logo\/image\/","url":"https:\/\/matizes.org.br\/site\/wp-content\/uploads\/2021\/10\/matizes-logo-site.png","contentUrl":"https:\/\/matizes.org.br\/site\/wp-content\/uploads\/2021\/10\/matizes-logo-site.png","width":460,"height":123,"caption":"Grupo Matizes - Pela livre express\u00e3o sexual"},"image":{"@id":"https:\/\/matizes.org.br\/site\/#\/schema\/logo\/image\/"},"sameAs":["https:\/\/www.facebook.com\/grupomatizes\/","https:\/\/www.instagram.com\/matizesteresina\/","https:\/\/www.youtube.com\/user\/matizes1000\/videos"]},{"@type":"Person","@id":"https:\/\/matizes.org.br\/site\/#\/schema\/person\/b95a3086d870683e99ecb340cd79118e","name":"Assessoria Matizes","image":{"@type":"ImageObject","inLanguage":"pt-BR","@id":"https:\/\/matizes.org.br\/site\/#\/schema\/person\/image\/","url":"https:\/\/secure.gravatar.com\/avatar\/787e5ffefea0fc2f39104448d518cc9a2501158acc4fd8746b813eae27f48921?s=96&d=mm&r=g","contentUrl":"https:\/\/secure.gravatar.com\/avatar\/787e5ffefea0fc2f39104448d518cc9a2501158acc4fd8746b813eae27f48921?s=96&d=mm&r=g","caption":"Assessoria Matizes"},"sameAs":["https:\/\/matizes.org.br"]}]}},"_links":{"self":[{"href":"https:\/\/matizes.org.br\/site\/wp-json\/wp\/v2\/posts\/1504","targetHints":{"allow":["GET"]}}],"collection":[{"href":"https:\/\/matizes.org.br\/site\/wp-json\/wp\/v2\/posts"}],"about":[{"href":"https:\/\/matizes.org.br\/site\/wp-json\/wp\/v2\/types\/post"}],"author":[{"embeddable":true,"href":"https:\/\/matizes.org.br\/site\/wp-json\/wp\/v2\/users\/2"}],"replies":[{"embeddable":true,"href":"https:\/\/matizes.org.br\/site\/wp-json\/wp\/v2\/comments?post=1504"}],"version-history":[{"count":1,"href":"https:\/\/matizes.org.br\/site\/wp-json\/wp\/v2\/posts\/1504\/revisions"}],"predecessor-version":[{"id":1506,"href":"https:\/\/matizes.org.br\/site\/wp-json\/wp\/v2\/posts\/1504\/revisions\/1506"}],"wp:featuredmedia":[{"embeddable":true,"href":"https:\/\/matizes.org.br\/site\/wp-json\/wp\/v2\/media\/1505"}],"wp:attachment":[{"href":"https:\/\/matizes.org.br\/site\/wp-json\/wp\/v2\/media?parent=1504"}],"wp:term":[{"taxonomy":"category","embeddable":true,"href":"https:\/\/matizes.org.br\/site\/wp-json\/wp\/v2\/categories?post=1504"},{"taxonomy":"post_tag","embeddable":true,"href":"https:\/\/matizes.org.br\/site\/wp-json\/wp\/v2\/tags?post=1504"}],"curies":[{"name":"wp","href":"https:\/\/api.w.org\/{rel}","templated":true}]}}