{"id":263,"date":"2018-07-07T19:38:00","date_gmt":"2018-07-07T22:38:00","guid":{"rendered":"https:\/\/matizes.org.br\/site\/?p=263"},"modified":"2021-10-17T19:47:54","modified_gmt":"2021-10-17T22:47:54","slug":"14a-semana-do-orgulho-de-ser","status":"publish","type":"post","link":"https:\/\/matizes.org.br\/site\/14a-semana-do-orgulho-de-ser\/","title":{"rendered":"14\u00aa Semana do Orgulho de Ser: \u201cOprimidas\/os, uni-vos: Por mais Direito e Democracia&#8221;"},"content":{"rendered":"\n<p>Grupo Matizes atua na promo\u00e7\u00e3o dos Direitos Humanos de LGBTs. Neste ano, realiza a 14\u00aa Semana do Orgulho de Ser(22 a 29\/08), cujo tema \u201cOprimidas\/os, uni-vos: Por mais Direito e Democracia&#8221;. O Evento visa:*fortalecer as lutas de grupos socialmente inferiorizados (mulheres, negr@s, LGBT, pessoas com defici\u00eancia); * tra\u00e7ar estrat\u00e9gias para enfrentar desigualdades e todas formas de discriminO Grupo Matizes, organiza\u00e7\u00e3o da sociedade civil que atua na defesa e promo\u00e7\u00e3o dos Direitos Humanos de LGBTs e Diversidades, realiza h\u00e1 14 anos a Semana do Orgulho de Ser. Nesta 14\u00aa edi\u00e7\u00e3o do evento, a se realizar \u00a0de 22 a 29 de agosto, o tema a ser levado para a agenda p\u00fablica ser\u00e1 \u201cOprimidas\/os, uni-vos: Por mais Direito e Democracia.<\/p>\n\n\n\n<p>A 14\u00aa Semana do Orgulho de Ser pretende \u00a0contribuir para o processo de fortalecimento das lutas de grupos socialmente inferiorizados (mulheres,\u00a0negr@s, LGBT, pessoas com defici\u00eancia), bem como tra\u00e7ar estrat\u00e9gias de a\u00e7\u00f5es conjuntas que contribuem para o enfrentamento das desigualdades e de todas formas de discrimina\u00e7\u00e3o \u00a0contra \u00a0esses segmentos populacionais. Tamb\u00e9m realizar\u00e1 \u00a0a\u00e7\u00f5es educativas e de promo\u00e7\u00e3o dos Direitos Humanos envolvendo institui\u00e7\u00f5es p\u00fablicas e privadas e promover\u00e1 a\u00e7\u00f5es voltadas \u00e0 promo\u00e7\u00e3o da sa\u00fade biopsicossocial dos segmentos vulnerabilizados.<\/p>\n\n\n\n<p>A Semana do Orgulho de Ser \u00a0\u00e9 um conjunto de a\u00e7\u00f5es potentes que ocorre atrav\u00e9s do uso de m\u00faltiplas linguagens, \u00a0levando o debate sobre a diversidade sexual \u00a0e quest\u00f5es de g\u00eanero para um p\u00fablico variado (estudantes, professores\/as, jornalistas, \u00a0servidores\/as p\u00fablicos, LGBT\u2019s, militantes do movimento social). \u00a0A programa\u00e7\u00e3o da Semana \u00e9 bastante diversificada, dela fazendo parte oficinas, palestras, roda de conversas, \u00a0debates, \u00a0col\u00f3quios, semin\u00e1rios, \u00a0\u00a0shows, mostras de filmes, atividades esportivas. Ressalta-se que \u00a0todas essas \u00a0\u00a0\u00a0\u00a0a\u00e7\u00f5es que integram a programa\u00e7\u00e3o s\u00e3o\u00a0gratuitas e abertas \u00e0 participa\u00e7\u00e3o de qualquer pessoa interessada. Acrescenta-se que a Semana do Orgulho de Ser tem se constitu\u00eddo em um importante espa\u00e7o de forma\u00e7\u00e3o\/atualiza\u00e7\u00e3o para servidores\/as p\u00fablicos, estudantes, professores\/as e outras pessoas interessadas no tema da diversidade sexual.<\/p>\n\n\n\n<p>Importantes pesquisadoras(es) j\u00e1 participaram das atividades da Semana, dentre elas(es): Prof\u00aa Dr\u00aa Andrea Rufino (UESPI), Prof. Dr. Al\u00edpio de Sousa Filho (UFRN), Prof. Dr. Luiz Mello (UFG), Dr. Rog\u00e9rio Diniz Junqueira (INEP), Prof\u00aa Dr\u00aa Val\u00e9ria Melki Busin (UNEMAT), Dr\u00aa Yury Puello Orozco.<\/p>\n\n\n\n<p>A import\u00e2ncia da Semana do Orgulho de Ser pode ser dimensionada a partir de alguns indicadores: I) o evento faz parte do calend\u00e1rio acad\u00eamico da Universidade Federal do Piau\u00ed, Universidade Estadual do Piau\u00ed, Centro Universit\u00e1rio e da Faculdade Santo Agostinho; II) o Minist\u00e9rio da Cultura selecionou a Semana do Orgulho de Ser como uma das experi\u00eancias exitosas no combate \u00e0 LGBTfobia, atrav\u00e9s do \u201cPr\u00eamio Cultural GLBT 2008\u201d; III) voto de Louvor ao Grupo Matizes, aprovado pela Assembleia Legislativa do Estado pela realiza\u00e7\u00e3o da Semana do Orgulho de Ser, nos anos de 2009 e 2011. Ao longo dos anos, tem-se observado tamb\u00e9m um crescente aumento das parcerias firmadas para realiza\u00e7\u00e3o do evento, bem como aumento do n\u00famero de participantes.<\/p>\n\n\n\n<p><a href=\"https:\/\/www.vakinha.com.br\/vaquinha\/14-semana-do-orgulho-de-ser\" target=\"_blank\" rel=\"noreferrer noopener\">https:\/\/www.vakinha.com.br\/vaquinha\/14-semana-do-orgulho-de-ser<\/a><\/p>\n","protected":false},"excerpt":{"rendered":"<p>Grupo Matizes atua na promo\u00e7\u00e3o dos Direitos Humanos de LGBTs. Neste ano, realiza a 14\u00aa Semana do Orgulho de Ser(22 a 29\/08), cujo tema \u201cOprimidas\/os, uni-vos: Por mais Direito e Democracia&#8221;. O Evento visa:*fortalecer as lutas de grupos socialmente inferiorizados (mulheres, negr@s, LGBT, pessoas com defici\u00eancia); * tra\u00e7ar estrat\u00e9gias para enfrentar desigualdades e todas formas [&hellip;]<\/p>\n","protected":false},"author":1,"featured_media":264,"comment_status":"open","ping_status":"open","sticky":false,"template":"","format":"standard","meta":{"footnotes":""},"categories":[1],"tags":[],"class_list":["post-263","post","type-post","status-publish","format-standard","has-post-thumbnail","hentry","category-noticias"],"yoast_head":"<!-- This site is optimized with the Yoast SEO plugin v27.1.1 - https:\/\/yoast.com\/product\/yoast-seo-wordpress\/ -->\n<title>14\u00aa Semana do Orgulho de Ser: \u201cOprimidas\/os, uni-vos: Por mais Direito e Democracia&quot; - Grupo Matizes - Teresina - Piau\u00ed<\/title>\n<meta name=\"description\" content=\"O Grupo Matizes \u00e9 uma associa\u00e7\u00e3o civil, sem fins lucrativos, fundada em 18 de maio de 2002, cuja miss\u00e3o principal \u00e9 a defesa dos direitos de l\u00e9sbicas, gays, bissexuais, travestis e transexuais (LGBT+). \u00c9 filiado ao Movimento Nacional de Direitos Humanos e ao F\u00f3rum de ONGs\/AIDS do Piau\u00ed. Reconhecido como entidade de utilidade p\u00fablica pela Lei Estadual n\u00ba 5811, de 27 de novembro de 2008. Atualmente, integra os seguintes \u00f3rg\u00e3os colegiados: Conselho Estadual de Defesa dos Direitos Humanos, Conselho Estadual de Direitos de LGBT, Conselho Municipal de Direitos de LGBT e o F\u00f3rum Municipal de Educa\u00e7\u00e3o.O Matizes \u00e9 signat\u00e1rio de algumas representa\u00e7\u00f5es de repercuss\u00e3o geral,\" \/>\n<meta name=\"robots\" content=\"index, follow, max-snippet:-1, max-image-preview:large, max-video-preview:-1\" \/>\n<link rel=\"canonical\" href=\"https:\/\/matizes.org.br\/site\/14a-semana-do-orgulho-de-ser\/\" \/>\n<meta property=\"og:locale\" content=\"pt_BR\" \/>\n<meta property=\"og:type\" content=\"article\" \/>\n<meta property=\"og:title\" content=\"14\u00aa Semana do Orgulho de Ser: \u201cOprimidas\/os, uni-vos: Por mais Direito e Democracia&quot; - Grupo Matizes - Teresina - Piau\u00ed\" \/>\n<meta property=\"og:description\" content=\"O Grupo Matizes \u00e9 uma associa\u00e7\u00e3o civil, sem fins lucrativos, fundada em 18 de maio de 2002, cuja miss\u00e3o principal \u00e9 a defesa dos direitos de l\u00e9sbicas, gays, bissexuais, travestis e transexuais (LGBT+). \u00c9 filiado ao Movimento Nacional de Direitos Humanos e ao F\u00f3rum de ONGs\/AIDS do Piau\u00ed. Reconhecido como entidade de utilidade p\u00fablica pela Lei Estadual n\u00ba 5811, de 27 de novembro de 2008. Atualmente, integra os seguintes \u00f3rg\u00e3os colegiados: Conselho Estadual de Defesa dos Direitos Humanos, Conselho Estadual de Direitos de LGBT, Conselho Municipal de Direitos de LGBT e o F\u00f3rum Municipal de Educa\u00e7\u00e3o.O Matizes \u00e9 signat\u00e1rio de algumas representa\u00e7\u00f5es de repercuss\u00e3o geral,\" \/>\n<meta property=\"og:url\" content=\"https:\/\/matizes.org.br\/site\/14a-semana-do-orgulho-de-ser\/\" \/>\n<meta property=\"og:site_name\" content=\"Grupo Matizes - Teresina - Piau\u00ed\" \/>\n<meta property=\"article:publisher\" content=\"https:\/\/www.facebook.com\/grupomatizes\/\" \/>\n<meta property=\"article:published_time\" content=\"2018-07-07T22:38:00+00:00\" \/>\n<meta property=\"article:modified_time\" content=\"2021-10-17T22:47:54+00:00\" \/>\n<meta property=\"og:image\" content=\"https:\/\/matizes.org.br\/site\/wp-content\/uploads\/2021\/10\/WhatsAppImage2019-08-01at2.50.16PM.90c404c1a97c4997b484.webp\" \/>\n\t<meta property=\"og:image:width\" content=\"1300\" \/>\n\t<meta property=\"og:image:height\" content=\"536\" \/>\n\t<meta property=\"og:image:type\" content=\"image\/webp\" \/>\n<meta name=\"author\" content=\"rogerbezerra\" \/>\n<meta name=\"twitter:card\" content=\"summary_large_image\" \/>\n<meta name=\"twitter:label1\" content=\"Escrito por\" \/>\n\t<meta name=\"twitter:data1\" content=\"rogerbezerra\" \/>\n\t<meta name=\"twitter:label2\" content=\"Est. tempo de leitura\" \/>\n\t<meta name=\"twitter:data2\" content=\"3 minutos\" \/>\n<script type=\"application\/ld+json\" class=\"yoast-schema-graph\">{\"@context\":\"https:\/\/schema.org\",\"@graph\":[{\"@type\":\"Article\",\"@id\":\"https:\/\/matizes.org.br\/site\/14a-semana-do-orgulho-de-ser\/#article\",\"isPartOf\":{\"@id\":\"https:\/\/matizes.org.br\/site\/14a-semana-do-orgulho-de-ser\/\"},\"author\":{\"name\":\"rogerbezerra\",\"@id\":\"https:\/\/matizes.org.br\/site\/#\/schema\/person\/b180ff8f72671ef58b7956eb5b573753\"},\"headline\":\"14\u00aa Semana do Orgulho de Ser: \u201cOprimidas\/os, uni-vos: Por mais Direito e Democracia&#8221;\",\"datePublished\":\"2018-07-07T22:38:00+00:00\",\"dateModified\":\"2021-10-17T22:47:54+00:00\",\"mainEntityOfPage\":{\"@id\":\"https:\/\/matizes.org.br\/site\/14a-semana-do-orgulho-de-ser\/\"},\"wordCount\":545,\"commentCount\":0,\"publisher\":{\"@id\":\"https:\/\/matizes.org.br\/site\/#organization\"},\"image\":{\"@id\":\"https:\/\/matizes.org.br\/site\/14a-semana-do-orgulho-de-ser\/#primaryimage\"},\"thumbnailUrl\":\"https:\/\/matizes.org.br\/site\/wp-content\/uploads\/2021\/10\/WhatsAppImage2019-08-01at2.50.16PM.90c404c1a97c4997b484.webp\",\"articleSection\":[\"Not\u00edcias\"],\"inLanguage\":\"pt-BR\",\"potentialAction\":[{\"@type\":\"CommentAction\",\"name\":\"Comment\",\"target\":[\"https:\/\/matizes.org.br\/site\/14a-semana-do-orgulho-de-ser\/#respond\"]}]},{\"@type\":\"WebPage\",\"@id\":\"https:\/\/matizes.org.br\/site\/14a-semana-do-orgulho-de-ser\/\",\"url\":\"https:\/\/matizes.org.br\/site\/14a-semana-do-orgulho-de-ser\/\",\"name\":\"14\u00aa Semana do Orgulho de Ser: \u201cOprimidas\/os, uni-vos: Por mais Direito e Democracia\\\" - Grupo Matizes - Teresina - Piau\u00ed\",\"isPartOf\":{\"@id\":\"https:\/\/matizes.org.br\/site\/#website\"},\"primaryImageOfPage\":{\"@id\":\"https:\/\/matizes.org.br\/site\/14a-semana-do-orgulho-de-ser\/#primaryimage\"},\"image\":{\"@id\":\"https:\/\/matizes.org.br\/site\/14a-semana-do-orgulho-de-ser\/#primaryimage\"},\"thumbnailUrl\":\"https:\/\/matizes.org.br\/site\/wp-content\/uploads\/2021\/10\/WhatsAppImage2019-08-01at2.50.16PM.90c404c1a97c4997b484.webp\",\"datePublished\":\"2018-07-07T22:38:00+00:00\",\"dateModified\":\"2021-10-17T22:47:54+00:00\",\"description\":\"O Grupo Matizes \u00e9 uma associa\u00e7\u00e3o civil, sem fins lucrativos, fundada em 18 de maio de 2002, cuja miss\u00e3o principal \u00e9 a defesa dos direitos de l\u00e9sbicas, gays, bissexuais, travestis e transexuais (LGBT+). \u00c9 filiado ao Movimento Nacional de Direitos Humanos e ao F\u00f3rum de ONGs\/AIDS do Piau\u00ed. Reconhecido como entidade de utilidade p\u00fablica pela Lei Estadual n\u00ba 5811, de 27 de novembro de 2008. Atualmente, integra os seguintes \u00f3rg\u00e3os colegiados: Conselho Estadual de Defesa dos Direitos Humanos, Conselho Estadual de Direitos de LGBT, Conselho Municipal de Direitos de LGBT e o F\u00f3rum Municipal de Educa\u00e7\u00e3o.O Matizes \u00e9 signat\u00e1rio de algumas representa\u00e7\u00f5es de repercuss\u00e3o geral,\",\"breadcrumb\":{\"@id\":\"https:\/\/matizes.org.br\/site\/14a-semana-do-orgulho-de-ser\/#breadcrumb\"},\"inLanguage\":\"pt-BR\",\"potentialAction\":[{\"@type\":\"ReadAction\",\"target\":[\"https:\/\/matizes.org.br\/site\/14a-semana-do-orgulho-de-ser\/\"]}]},{\"@type\":\"ImageObject\",\"inLanguage\":\"pt-BR\",\"@id\":\"https:\/\/matizes.org.br\/site\/14a-semana-do-orgulho-de-ser\/#primaryimage\",\"url\":\"https:\/\/matizes.org.br\/site\/wp-content\/uploads\/2021\/10\/WhatsAppImage2019-08-01at2.50.16PM.90c404c1a97c4997b484.webp\",\"contentUrl\":\"https:\/\/matizes.org.br\/site\/wp-content\/uploads\/2021\/10\/WhatsAppImage2019-08-01at2.50.16PM.90c404c1a97c4997b484.webp\",\"width\":1300,\"height\":536},{\"@type\":\"BreadcrumbList\",\"@id\":\"https:\/\/matizes.org.br\/site\/14a-semana-do-orgulho-de-ser\/#breadcrumb\",\"itemListElement\":[{\"@type\":\"ListItem\",\"position\":1,\"name\":\"In\u00edcio\",\"item\":\"https:\/\/matizes.org.br\/site\/\"},{\"@type\":\"ListItem\",\"position\":2,\"name\":\"14\u00aa Semana do Orgulho de Ser: \u201cOprimidas\/os, uni-vos: Por mais Direito e Democracia&#8221;\"}]},{\"@type\":\"WebSite\",\"@id\":\"https:\/\/matizes.org.br\/site\/#website\",\"url\":\"https:\/\/matizes.org.br\/site\/\",\"name\":\"Grupo Matizes - Teresina - Piau\u00ed\",\"description\":\"Pela livre express\u00e3o sexual\",\"publisher\":{\"@id\":\"https:\/\/matizes.org.br\/site\/#organization\"},\"potentialAction\":[{\"@type\":\"SearchAction\",\"target\":{\"@type\":\"EntryPoint\",\"urlTemplate\":\"https:\/\/matizes.org.br\/site\/?s={search_term_string}\"},\"query-input\":{\"@type\":\"PropertyValueSpecification\",\"valueRequired\":true,\"valueName\":\"search_term_string\"}}],\"inLanguage\":\"pt-BR\"},{\"@type\":\"Organization\",\"@id\":\"https:\/\/matizes.org.br\/site\/#organization\",\"name\":\"Grupo Matizes - Pela livre express\u00e3o sexual\",\"url\":\"https:\/\/matizes.org.br\/site\/\",\"logo\":{\"@type\":\"ImageObject\",\"inLanguage\":\"pt-BR\",\"@id\":\"https:\/\/matizes.org.br\/site\/#\/schema\/logo\/image\/\",\"url\":\"https:\/\/matizes.org.br\/site\/wp-content\/uploads\/2021\/10\/matizes-logo-site.png\",\"contentUrl\":\"https:\/\/matizes.org.br\/site\/wp-content\/uploads\/2021\/10\/matizes-logo-site.png\",\"width\":460,\"height\":123,\"caption\":\"Grupo Matizes - Pela livre express\u00e3o sexual\"},\"image\":{\"@id\":\"https:\/\/matizes.org.br\/site\/#\/schema\/logo\/image\/\"},\"sameAs\":[\"https:\/\/www.facebook.com\/grupomatizes\/\",\"https:\/\/www.instagram.com\/matizesteresina\/\",\"https:\/\/www.youtube.com\/user\/matizes1000\/videos\"]},{\"@type\":\"Person\",\"@id\":\"https:\/\/matizes.org.br\/site\/#\/schema\/person\/b180ff8f72671ef58b7956eb5b573753\",\"name\":\"rogerbezerra\",\"image\":{\"@type\":\"ImageObject\",\"inLanguage\":\"pt-BR\",\"@id\":\"https:\/\/matizes.org.br\/site\/#\/schema\/person\/image\/\",\"url\":\"https:\/\/secure.gravatar.com\/avatar\/3d1043775cda1d91d725491548f9b3a0909638e5fcbd418ee6b285ebfaa2ae59?s=96&d=mm&r=g\",\"contentUrl\":\"https:\/\/secure.gravatar.com\/avatar\/3d1043775cda1d91d725491548f9b3a0909638e5fcbd418ee6b285ebfaa2ae59?s=96&d=mm&r=g\",\"caption\":\"rogerbezerra\"},\"sameAs\":[\"http:\/\/matizes.org.br\/site\"]}]}<\/script>\n<!-- \/ Yoast SEO plugin. -->","yoast_head_json":{"title":"14\u00aa Semana do Orgulho de Ser: \u201cOprimidas\/os, uni-vos: Por mais Direito e Democracia\" - Grupo Matizes - Teresina - Piau\u00ed","description":"O Grupo Matizes \u00e9 uma associa\u00e7\u00e3o civil, sem fins lucrativos, fundada em 18 de maio de 2002, cuja miss\u00e3o principal \u00e9 a defesa dos direitos de l\u00e9sbicas, gays, bissexuais, travestis e transexuais (LGBT+). \u00c9 filiado ao Movimento Nacional de Direitos Humanos e ao F\u00f3rum de ONGs\/AIDS do Piau\u00ed. Reconhecido como entidade de utilidade p\u00fablica pela Lei Estadual n\u00ba 5811, de 27 de novembro de 2008. Atualmente, integra os seguintes \u00f3rg\u00e3os colegiados: Conselho Estadual de Defesa dos Direitos Humanos, Conselho Estadual de Direitos de LGBT, Conselho Municipal de Direitos de LGBT e o F\u00f3rum Municipal de Educa\u00e7\u00e3o.O Matizes \u00e9 signat\u00e1rio de algumas representa\u00e7\u00f5es de repercuss\u00e3o geral,","robots":{"index":"index","follow":"follow","max-snippet":"max-snippet:-1","max-image-preview":"max-image-preview:large","max-video-preview":"max-video-preview:-1"},"canonical":"https:\/\/matizes.org.br\/site\/14a-semana-do-orgulho-de-ser\/","og_locale":"pt_BR","og_type":"article","og_title":"14\u00aa Semana do Orgulho de Ser: \u201cOprimidas\/os, uni-vos: Por mais Direito e Democracia\" - Grupo Matizes - Teresina - Piau\u00ed","og_description":"O Grupo Matizes \u00e9 uma associa\u00e7\u00e3o civil, sem fins lucrativos, fundada em 18 de maio de 2002, cuja miss\u00e3o principal \u00e9 a defesa dos direitos de l\u00e9sbicas, gays, bissexuais, travestis e transexuais (LGBT+). \u00c9 filiado ao Movimento Nacional de Direitos Humanos e ao F\u00f3rum de ONGs\/AIDS do Piau\u00ed. Reconhecido como entidade de utilidade p\u00fablica pela Lei Estadual n\u00ba 5811, de 27 de novembro de 2008. Atualmente, integra os seguintes \u00f3rg\u00e3os colegiados: Conselho Estadual de Defesa dos Direitos Humanos, Conselho Estadual de Direitos de LGBT, Conselho Municipal de Direitos de LGBT e o F\u00f3rum Municipal de Educa\u00e7\u00e3o.O Matizes \u00e9 signat\u00e1rio de algumas representa\u00e7\u00f5es de repercuss\u00e3o geral,","og_url":"https:\/\/matizes.org.br\/site\/14a-semana-do-orgulho-de-ser\/","og_site_name":"Grupo Matizes - Teresina - Piau\u00ed","article_publisher":"https:\/\/www.facebook.com\/grupomatizes\/","article_published_time":"2018-07-07T22:38:00+00:00","article_modified_time":"2021-10-17T22:47:54+00:00","og_image":[{"width":1300,"height":536,"url":"https:\/\/matizes.org.br\/site\/wp-content\/uploads\/2021\/10\/WhatsAppImage2019-08-01at2.50.16PM.90c404c1a97c4997b484.webp","type":"image\/webp"}],"author":"rogerbezerra","twitter_card":"summary_large_image","twitter_misc":{"Escrito por":"rogerbezerra","Est. tempo de leitura":"3 minutos"},"schema":{"@context":"https:\/\/schema.org","@graph":[{"@type":"Article","@id":"https:\/\/matizes.org.br\/site\/14a-semana-do-orgulho-de-ser\/#article","isPartOf":{"@id":"https:\/\/matizes.org.br\/site\/14a-semana-do-orgulho-de-ser\/"},"author":{"name":"rogerbezerra","@id":"https:\/\/matizes.org.br\/site\/#\/schema\/person\/b180ff8f72671ef58b7956eb5b573753"},"headline":"14\u00aa Semana do Orgulho de Ser: \u201cOprimidas\/os, uni-vos: Por mais Direito e Democracia&#8221;","datePublished":"2018-07-07T22:38:00+00:00","dateModified":"2021-10-17T22:47:54+00:00","mainEntityOfPage":{"@id":"https:\/\/matizes.org.br\/site\/14a-semana-do-orgulho-de-ser\/"},"wordCount":545,"commentCount":0,"publisher":{"@id":"https:\/\/matizes.org.br\/site\/#organization"},"image":{"@id":"https:\/\/matizes.org.br\/site\/14a-semana-do-orgulho-de-ser\/#primaryimage"},"thumbnailUrl":"https:\/\/matizes.org.br\/site\/wp-content\/uploads\/2021\/10\/WhatsAppImage2019-08-01at2.50.16PM.90c404c1a97c4997b484.webp","articleSection":["Not\u00edcias"],"inLanguage":"pt-BR","potentialAction":[{"@type":"CommentAction","name":"Comment","target":["https:\/\/matizes.org.br\/site\/14a-semana-do-orgulho-de-ser\/#respond"]}]},{"@type":"WebPage","@id":"https:\/\/matizes.org.br\/site\/14a-semana-do-orgulho-de-ser\/","url":"https:\/\/matizes.org.br\/site\/14a-semana-do-orgulho-de-ser\/","name":"14\u00aa Semana do Orgulho de Ser: \u201cOprimidas\/os, uni-vos: Por mais Direito e Democracia\" - Grupo Matizes - Teresina - Piau\u00ed","isPartOf":{"@id":"https:\/\/matizes.org.br\/site\/#website"},"primaryImageOfPage":{"@id":"https:\/\/matizes.org.br\/site\/14a-semana-do-orgulho-de-ser\/#primaryimage"},"image":{"@id":"https:\/\/matizes.org.br\/site\/14a-semana-do-orgulho-de-ser\/#primaryimage"},"thumbnailUrl":"https:\/\/matizes.org.br\/site\/wp-content\/uploads\/2021\/10\/WhatsAppImage2019-08-01at2.50.16PM.90c404c1a97c4997b484.webp","datePublished":"2018-07-07T22:38:00+00:00","dateModified":"2021-10-17T22:47:54+00:00","description":"O Grupo Matizes \u00e9 uma associa\u00e7\u00e3o civil, sem fins lucrativos, fundada em 18 de maio de 2002, cuja miss\u00e3o principal \u00e9 a defesa dos direitos de l\u00e9sbicas, gays, bissexuais, travestis e transexuais (LGBT+). \u00c9 filiado ao Movimento Nacional de Direitos Humanos e ao F\u00f3rum de ONGs\/AIDS do Piau\u00ed. Reconhecido como entidade de utilidade p\u00fablica pela Lei Estadual n\u00ba 5811, de 27 de novembro de 2008. Atualmente, integra os seguintes \u00f3rg\u00e3os colegiados: Conselho Estadual de Defesa dos Direitos Humanos, Conselho Estadual de Direitos de LGBT, Conselho Municipal de Direitos de LGBT e o F\u00f3rum Municipal de Educa\u00e7\u00e3o.O Matizes \u00e9 signat\u00e1rio de algumas representa\u00e7\u00f5es de repercuss\u00e3o geral,","breadcrumb":{"@id":"https:\/\/matizes.org.br\/site\/14a-semana-do-orgulho-de-ser\/#breadcrumb"},"inLanguage":"pt-BR","potentialAction":[{"@type":"ReadAction","target":["https:\/\/matizes.org.br\/site\/14a-semana-do-orgulho-de-ser\/"]}]},{"@type":"ImageObject","inLanguage":"pt-BR","@id":"https:\/\/matizes.org.br\/site\/14a-semana-do-orgulho-de-ser\/#primaryimage","url":"https:\/\/matizes.org.br\/site\/wp-content\/uploads\/2021\/10\/WhatsAppImage2019-08-01at2.50.16PM.90c404c1a97c4997b484.webp","contentUrl":"https:\/\/matizes.org.br\/site\/wp-content\/uploads\/2021\/10\/WhatsAppImage2019-08-01at2.50.16PM.90c404c1a97c4997b484.webp","width":1300,"height":536},{"@type":"BreadcrumbList","@id":"https:\/\/matizes.org.br\/site\/14a-semana-do-orgulho-de-ser\/#breadcrumb","itemListElement":[{"@type":"ListItem","position":1,"name":"In\u00edcio","item":"https:\/\/matizes.org.br\/site\/"},{"@type":"ListItem","position":2,"name":"14\u00aa Semana do Orgulho de Ser: \u201cOprimidas\/os, uni-vos: Por mais Direito e Democracia&#8221;"}]},{"@type":"WebSite","@id":"https:\/\/matizes.org.br\/site\/#website","url":"https:\/\/matizes.org.br\/site\/","name":"Grupo Matizes - Teresina - Piau\u00ed","description":"Pela livre express\u00e3o sexual","publisher":{"@id":"https:\/\/matizes.org.br\/site\/#organization"},"potentialAction":[{"@type":"SearchAction","target":{"@type":"EntryPoint","urlTemplate":"https:\/\/matizes.org.br\/site\/?s={search_term_string}"},"query-input":{"@type":"PropertyValueSpecification","valueRequired":true,"valueName":"search_term_string"}}],"inLanguage":"pt-BR"},{"@type":"Organization","@id":"https:\/\/matizes.org.br\/site\/#organization","name":"Grupo Matizes - Pela livre express\u00e3o sexual","url":"https:\/\/matizes.org.br\/site\/","logo":{"@type":"ImageObject","inLanguage":"pt-BR","@id":"https:\/\/matizes.org.br\/site\/#\/schema\/logo\/image\/","url":"https:\/\/matizes.org.br\/site\/wp-content\/uploads\/2021\/10\/matizes-logo-site.png","contentUrl":"https:\/\/matizes.org.br\/site\/wp-content\/uploads\/2021\/10\/matizes-logo-site.png","width":460,"height":123,"caption":"Grupo Matizes - Pela livre express\u00e3o sexual"},"image":{"@id":"https:\/\/matizes.org.br\/site\/#\/schema\/logo\/image\/"},"sameAs":["https:\/\/www.facebook.com\/grupomatizes\/","https:\/\/www.instagram.com\/matizesteresina\/","https:\/\/www.youtube.com\/user\/matizes1000\/videos"]},{"@type":"Person","@id":"https:\/\/matizes.org.br\/site\/#\/schema\/person\/b180ff8f72671ef58b7956eb5b573753","name":"rogerbezerra","image":{"@type":"ImageObject","inLanguage":"pt-BR","@id":"https:\/\/matizes.org.br\/site\/#\/schema\/person\/image\/","url":"https:\/\/secure.gravatar.com\/avatar\/3d1043775cda1d91d725491548f9b3a0909638e5fcbd418ee6b285ebfaa2ae59?s=96&d=mm&r=g","contentUrl":"https:\/\/secure.gravatar.com\/avatar\/3d1043775cda1d91d725491548f9b3a0909638e5fcbd418ee6b285ebfaa2ae59?s=96&d=mm&r=g","caption":"rogerbezerra"},"sameAs":["http:\/\/matizes.org.br\/site"]}]}},"_links":{"self":[{"href":"https:\/\/matizes.org.br\/site\/wp-json\/wp\/v2\/posts\/263","targetHints":{"allow":["GET"]}}],"collection":[{"href":"https:\/\/matizes.org.br\/site\/wp-json\/wp\/v2\/posts"}],"about":[{"href":"https:\/\/matizes.org.br\/site\/wp-json\/wp\/v2\/types\/post"}],"author":[{"embeddable":true,"href":"https:\/\/matizes.org.br\/site\/wp-json\/wp\/v2\/users\/1"}],"replies":[{"embeddable":true,"href":"https:\/\/matizes.org.br\/site\/wp-json\/wp\/v2\/comments?post=263"}],"version-history":[{"count":2,"href":"https:\/\/matizes.org.br\/site\/wp-json\/wp\/v2\/posts\/263\/revisions"}],"predecessor-version":[{"id":266,"href":"https:\/\/matizes.org.br\/site\/wp-json\/wp\/v2\/posts\/263\/revisions\/266"}],"wp:featuredmedia":[{"embeddable":true,"href":"https:\/\/matizes.org.br\/site\/wp-json\/wp\/v2\/media\/264"}],"wp:attachment":[{"href":"https:\/\/matizes.org.br\/site\/wp-json\/wp\/v2\/media?parent=263"}],"wp:term":[{"taxonomy":"category","embeddable":true,"href":"https:\/\/matizes.org.br\/site\/wp-json\/wp\/v2\/categories?post=263"},{"taxonomy":"post_tag","embeddable":true,"href":"https:\/\/matizes.org.br\/site\/wp-json\/wp\/v2\/tags?post=263"}],"curies":[{"name":"wp","href":"https:\/\/api.w.org\/{rel}","templated":true}]}}