{"id":285,"date":"2021-10-06T20:02:00","date_gmt":"2021-10-06T23:02:00","guid":{"rendered":"https:\/\/matizes.org.br\/site\/?p=285"},"modified":"2021-10-19T22:49:14","modified_gmt":"2021-10-20T01:49:14","slug":"matizes-apresenta-propostas-pro-direitos-humanos-e-populacao-lgbt-para-gestors-da-saude-municipal-de-tereisna","status":"publish","type":"post","link":"https:\/\/matizes.org.br\/site\/matizes-apresenta-propostas-pro-direitos-humanos-e-populacao-lgbt-para-gestors-da-saude-municipal-de-tereisna\/","title":{"rendered":"Matizes apresenta propostas pr\u00f3-Direitos Humanos e popula\u00e7\u00e3o LGbt+ para Gestor@s da Sa\u00fade Municipal de Teresina"},"content":{"rendered":"\n<p>O Grupo Matizes reuniu-se hoje (06\/10) com Presidente da Funda\u00e7\u00e3o Municipal de Sa\u00fade, Antonio Gilberto Alburquerque Brito, e Gerente de Sa\u00fade Mental, Larrisa Carvalho, para dialogar e \u00a0apresentar conjunto de Propostas para Pol\u00edticas de Sa\u00fade com foco na Popula\u00e7\u00e3o Lgbt+ e Direitos Humanos. A a\u00e7\u00e3o integra o di\u00e1logo institucional com Poder P\u00fablico Municipal de Teresina visando pautar Pol\u00edticas Afirmativas de garantia de Direitos e promo\u00e7\u00e3o da Cidadania lgbt+.<\/p>\n\n\n\n<p>O Representante do Matizes, Herbert Medeiros,&nbsp; refor\u00e7ou a relev\u00e2ncia do Poder P\u00fablico construir pol\u00edticas p\u00fablicas sintonizadas com princ\u00edpios\/objetivos previstos na ordem Jur\u00eddica das Constitui\u00e7\u00f5es Federal, Estadual e Lei Org\u00e2nica Municipal: &nbsp;&nbsp;n\u00e3o-discrimina\u00e7\u00e3o, da Dignidade Humana, Cidadania, constru\u00e7\u00e3o sociedade livre, justa, solid\u00e1ria, erradica\u00e7\u00e3o da pobreza e marginaliza\u00e7\u00e3o e reduzir desigualgades sociais, promo\u00e7\u00e3o do bem de&nbsp;tod@s&nbsp;sem distin\u00e7\u00e3o de qualquer natureza.<\/p>\n\n\n\n<p>A interlocu\u00e7\u00e3o tamb\u00e9m ressaltou a necessidade de produ\u00e7\u00e3o de material educativo com foco no respeito aos Direitos Humanos no atendimento do Sistema de Sa\u00fade bem como capacita\u00e7\u00e3o dos profissionais e equipes da Sa\u00fade Mental para uma atua\u00e7\u00e3o pautada na Pol\u00edtica Nacional de Humaniza\u00e7\u00e3o (Transversalidade, Indissociabilidade entre Aten\u00e7\u00e3o e Gest\u00e3o, autonomia e protagonismos dos sujeitos).<\/p>\n\n\n\n<p>Entre as propostas apresentadas \u00e0 Presid\u00eancia da Funda\u00e7\u00e3o de Sa\u00fade destaca-se: qualifica\u00e7\u00e3o dos\/as profissionais dos Centros de Apoios Psicossociais, mediante forma\u00e7\u00e3o especializada e adequada estruturas das Pol\u00edticas de Sa\u00fade Mental com vistas a prevenir e enfrentar os agravos decorrentes da Lgbfobia; Implementa\u00e7\u00e3o e efetiva\u00e7\u00e3o da Pol\u00edtica Municipal de Sa\u00fade Integral da Popula\u00e7\u00e3o LGBT+; Elabora\u00e7\u00e3o de material Educativo para reproduzir e veicular nos v\u00e1rios formatos midi\u00e1ticos de forma permanente &#8211; incluindo&nbsp;tod@s&nbsp;segmentos e faixas et\u00e1rias da popula\u00e7\u00e3o lgbt+ &nbsp;&#8211; abordando temas sobre Educa\u00e7\u00e3o em Sa\u00fade, Preven\u00e7\u00e3o \u00e0s IST\/AIDS para superar preconceitos, estigmas e discrimina\u00e7\u00f5es<\/p>\n","protected":false},"excerpt":{"rendered":"<p>O Grupo Matizes reuniu-se hoje (06\/10) com Presidente da Funda\u00e7\u00e3o Municipal de Sa\u00fade, Antonio Gilberto Alburquerque Brito, e Gerente de Sa\u00fade Mental, Larrisa Carvalho, para dialogar e \u00a0apresentar conjunto de Propostas para Pol\u00edticas de Sa\u00fade com foco na Popula\u00e7\u00e3o Lgbt+ e Direitos Humanos. A a\u00e7\u00e3o integra o di\u00e1logo institucional com Poder P\u00fablico Municipal de Teresina [&hellip;]<\/p>\n","protected":false},"author":1,"featured_media":286,"comment_status":"open","ping_status":"open","sticky":false,"template":"","format":"standard","meta":{"footnotes":""},"categories":[1],"tags":[],"class_list":["post-285","post","type-post","status-publish","format-standard","has-post-thumbnail","hentry","category-noticias"],"yoast_head":"<!-- This site is optimized with the Yoast SEO plugin v27.1.1 - https:\/\/yoast.com\/product\/yoast-seo-wordpress\/ -->\n<title>Matizes apresenta propostas pr\u00f3-Direitos Humanos e popula\u00e7\u00e3o LGbt+ para Gestor@s da Sa\u00fade Municipal de Teresina - Grupo Matizes - Teresina - Piau\u00ed<\/title>\n<meta name=\"description\" content=\"O Grupo Matizes \u00e9 uma associa\u00e7\u00e3o civil, sem fins lucrativos, fundada em 18 de maio de 2002, cuja miss\u00e3o principal \u00e9 a defesa dos direitos de l\u00e9sbicas, gays, bissexuais, travestis e transexuais (LGBT+). \u00c9 filiado ao Movimento Nacional de Direitos Humanos e ao F\u00f3rum de ONGs\/AIDS do Piau\u00ed. Reconhecido como entidade de utilidade p\u00fablica pela Lei Estadual n\u00ba 5811, de 27 de novembro de 2008. Atualmente, integra os seguintes \u00f3rg\u00e3os colegiados: Conselho Estadual de Defesa dos Direitos Humanos, Conselho Estadual de Direitos de LGBT, Conselho Municipal de Direitos de LGBT e o F\u00f3rum Municipal de Educa\u00e7\u00e3o.O Matizes \u00e9 signat\u00e1rio de algumas representa\u00e7\u00f5es de repercuss\u00e3o geral,\" \/>\n<meta name=\"robots\" content=\"index, follow, max-snippet:-1, max-image-preview:large, max-video-preview:-1\" \/>\n<link rel=\"canonical\" href=\"https:\/\/matizes.org.br\/site\/matizes-apresenta-propostas-pro-direitos-humanos-e-populacao-lgbt-para-gestors-da-saude-municipal-de-tereisna\/\" \/>\n<meta property=\"og:locale\" content=\"pt_BR\" \/>\n<meta property=\"og:type\" content=\"article\" \/>\n<meta property=\"og:title\" content=\"Matizes apresenta propostas pr\u00f3-Direitos Humanos e popula\u00e7\u00e3o LGbt+ para Gestor@s da Sa\u00fade Municipal de Teresina - Grupo Matizes - Teresina - Piau\u00ed\" \/>\n<meta property=\"og:description\" content=\"O Grupo Matizes \u00e9 uma associa\u00e7\u00e3o civil, sem fins lucrativos, fundada em 18 de maio de 2002, cuja miss\u00e3o principal \u00e9 a defesa dos direitos de l\u00e9sbicas, gays, bissexuais, travestis e transexuais (LGBT+). \u00c9 filiado ao Movimento Nacional de Direitos Humanos e ao F\u00f3rum de ONGs\/AIDS do Piau\u00ed. Reconhecido como entidade de utilidade p\u00fablica pela Lei Estadual n\u00ba 5811, de 27 de novembro de 2008. Atualmente, integra os seguintes \u00f3rg\u00e3os colegiados: Conselho Estadual de Defesa dos Direitos Humanos, Conselho Estadual de Direitos de LGBT, Conselho Municipal de Direitos de LGBT e o F\u00f3rum Municipal de Educa\u00e7\u00e3o.O Matizes \u00e9 signat\u00e1rio de algumas representa\u00e7\u00f5es de repercuss\u00e3o geral,\" \/>\n<meta property=\"og:url\" content=\"https:\/\/matizes.org.br\/site\/matizes-apresenta-propostas-pro-direitos-humanos-e-populacao-lgbt-para-gestors-da-saude-municipal-de-tereisna\/\" \/>\n<meta property=\"og:site_name\" content=\"Grupo Matizes - Teresina - Piau\u00ed\" \/>\n<meta property=\"article:publisher\" content=\"https:\/\/www.facebook.com\/grupomatizes\/\" \/>\n<meta property=\"article:published_time\" content=\"2021-10-06T23:02:00+00:00\" \/>\n<meta property=\"article:modified_time\" content=\"2021-10-20T01:49:14+00:00\" \/>\n<meta property=\"og:image\" content=\"https:\/\/matizes.org.br\/site\/wp-content\/uploads\/2021\/10\/Foto_com_Fundacao_Municipald_e_Saude_PNG.png\" \/>\n\t<meta property=\"og:image:width\" content=\"600\" \/>\n\t<meta property=\"og:image:height\" content=\"450\" \/>\n\t<meta property=\"og:image:type\" content=\"image\/png\" \/>\n<meta name=\"author\" content=\"rogerbezerra\" \/>\n<meta name=\"twitter:card\" content=\"summary_large_image\" \/>\n<meta name=\"twitter:label1\" content=\"Escrito por\" \/>\n\t<meta name=\"twitter:data1\" content=\"rogerbezerra\" \/>\n\t<meta name=\"twitter:label2\" content=\"Est. tempo de leitura\" \/>\n\t<meta name=\"twitter:data2\" content=\"2 minutos\" \/>\n<script type=\"application\/ld+json\" class=\"yoast-schema-graph\">{\"@context\":\"https:\/\/schema.org\",\"@graph\":[{\"@type\":\"Article\",\"@id\":\"https:\/\/matizes.org.br\/site\/matizes-apresenta-propostas-pro-direitos-humanos-e-populacao-lgbt-para-gestors-da-saude-municipal-de-tereisna\/#article\",\"isPartOf\":{\"@id\":\"https:\/\/matizes.org.br\/site\/matizes-apresenta-propostas-pro-direitos-humanos-e-populacao-lgbt-para-gestors-da-saude-municipal-de-tereisna\/\"},\"author\":{\"name\":\"rogerbezerra\",\"@id\":\"https:\/\/matizes.org.br\/site\/#\/schema\/person\/b180ff8f72671ef58b7956eb5b573753\"},\"headline\":\"Matizes apresenta propostas pr\u00f3-Direitos Humanos e popula\u00e7\u00e3o LGbt+ para Gestor@s da Sa\u00fade Municipal de Teresina\",\"datePublished\":\"2021-10-06T23:02:00+00:00\",\"dateModified\":\"2021-10-20T01:49:14+00:00\",\"mainEntityOfPage\":{\"@id\":\"https:\/\/matizes.org.br\/site\/matizes-apresenta-propostas-pro-direitos-humanos-e-populacao-lgbt-para-gestors-da-saude-municipal-de-tereisna\/\"},\"wordCount\":365,\"commentCount\":0,\"publisher\":{\"@id\":\"https:\/\/matizes.org.br\/site\/#organization\"},\"image\":{\"@id\":\"https:\/\/matizes.org.br\/site\/matizes-apresenta-propostas-pro-direitos-humanos-e-populacao-lgbt-para-gestors-da-saude-municipal-de-tereisna\/#primaryimage\"},\"thumbnailUrl\":\"https:\/\/matizes.org.br\/site\/wp-content\/uploads\/2021\/10\/Foto_com_Fundacao_Municipald_e_Saude_PNG.png\",\"articleSection\":[\"Not\u00edcias\"],\"inLanguage\":\"pt-BR\",\"potentialAction\":[{\"@type\":\"CommentAction\",\"name\":\"Comment\",\"target\":[\"https:\/\/matizes.org.br\/site\/matizes-apresenta-propostas-pro-direitos-humanos-e-populacao-lgbt-para-gestors-da-saude-municipal-de-tereisna\/#respond\"]}]},{\"@type\":\"WebPage\",\"@id\":\"https:\/\/matizes.org.br\/site\/matizes-apresenta-propostas-pro-direitos-humanos-e-populacao-lgbt-para-gestors-da-saude-municipal-de-tereisna\/\",\"url\":\"https:\/\/matizes.org.br\/site\/matizes-apresenta-propostas-pro-direitos-humanos-e-populacao-lgbt-para-gestors-da-saude-municipal-de-tereisna\/\",\"name\":\"Matizes apresenta propostas pr\u00f3-Direitos Humanos e popula\u00e7\u00e3o LGbt+ para Gestor@s da Sa\u00fade Municipal de Teresina - Grupo Matizes - Teresina - Piau\u00ed\",\"isPartOf\":{\"@id\":\"https:\/\/matizes.org.br\/site\/#website\"},\"primaryImageOfPage\":{\"@id\":\"https:\/\/matizes.org.br\/site\/matizes-apresenta-propostas-pro-direitos-humanos-e-populacao-lgbt-para-gestors-da-saude-municipal-de-tereisna\/#primaryimage\"},\"image\":{\"@id\":\"https:\/\/matizes.org.br\/site\/matizes-apresenta-propostas-pro-direitos-humanos-e-populacao-lgbt-para-gestors-da-saude-municipal-de-tereisna\/#primaryimage\"},\"thumbnailUrl\":\"https:\/\/matizes.org.br\/site\/wp-content\/uploads\/2021\/10\/Foto_com_Fundacao_Municipald_e_Saude_PNG.png\",\"datePublished\":\"2021-10-06T23:02:00+00:00\",\"dateModified\":\"2021-10-20T01:49:14+00:00\",\"description\":\"O Grupo Matizes \u00e9 uma associa\u00e7\u00e3o civil, sem fins lucrativos, fundada em 18 de maio de 2002, cuja miss\u00e3o principal \u00e9 a defesa dos direitos de l\u00e9sbicas, gays, bissexuais, travestis e transexuais (LGBT+). \u00c9 filiado ao Movimento Nacional de Direitos Humanos e ao F\u00f3rum de ONGs\/AIDS do Piau\u00ed. Reconhecido como entidade de utilidade p\u00fablica pela Lei Estadual n\u00ba 5811, de 27 de novembro de 2008. Atualmente, integra os seguintes \u00f3rg\u00e3os colegiados: Conselho Estadual de Defesa dos Direitos Humanos, Conselho Estadual de Direitos de LGBT, Conselho Municipal de Direitos de LGBT e o F\u00f3rum Municipal de Educa\u00e7\u00e3o.O Matizes \u00e9 signat\u00e1rio de algumas representa\u00e7\u00f5es de repercuss\u00e3o geral,\",\"breadcrumb\":{\"@id\":\"https:\/\/matizes.org.br\/site\/matizes-apresenta-propostas-pro-direitos-humanos-e-populacao-lgbt-para-gestors-da-saude-municipal-de-tereisna\/#breadcrumb\"},\"inLanguage\":\"pt-BR\",\"potentialAction\":[{\"@type\":\"ReadAction\",\"target\":[\"https:\/\/matizes.org.br\/site\/matizes-apresenta-propostas-pro-direitos-humanos-e-populacao-lgbt-para-gestors-da-saude-municipal-de-tereisna\/\"]}]},{\"@type\":\"ImageObject\",\"inLanguage\":\"pt-BR\",\"@id\":\"https:\/\/matizes.org.br\/site\/matizes-apresenta-propostas-pro-direitos-humanos-e-populacao-lgbt-para-gestors-da-saude-municipal-de-tereisna\/#primaryimage\",\"url\":\"https:\/\/matizes.org.br\/site\/wp-content\/uploads\/2021\/10\/Foto_com_Fundacao_Municipald_e_Saude_PNG.png\",\"contentUrl\":\"https:\/\/matizes.org.br\/site\/wp-content\/uploads\/2021\/10\/Foto_com_Fundacao_Municipald_e_Saude_PNG.png\",\"width\":600,\"height\":450},{\"@type\":\"BreadcrumbList\",\"@id\":\"https:\/\/matizes.org.br\/site\/matizes-apresenta-propostas-pro-direitos-humanos-e-populacao-lgbt-para-gestors-da-saude-municipal-de-tereisna\/#breadcrumb\",\"itemListElement\":[{\"@type\":\"ListItem\",\"position\":1,\"name\":\"In\u00edcio\",\"item\":\"https:\/\/matizes.org.br\/site\/\"},{\"@type\":\"ListItem\",\"position\":2,\"name\":\"Matizes apresenta propostas pr\u00f3-Direitos Humanos e popula\u00e7\u00e3o LGbt+ para Gestor@s da Sa\u00fade Municipal de Teresina\"}]},{\"@type\":\"WebSite\",\"@id\":\"https:\/\/matizes.org.br\/site\/#website\",\"url\":\"https:\/\/matizes.org.br\/site\/\",\"name\":\"Grupo Matizes - Teresina - Piau\u00ed\",\"description\":\"Pela livre express\u00e3o sexual\",\"publisher\":{\"@id\":\"https:\/\/matizes.org.br\/site\/#organization\"},\"potentialAction\":[{\"@type\":\"SearchAction\",\"target\":{\"@type\":\"EntryPoint\",\"urlTemplate\":\"https:\/\/matizes.org.br\/site\/?s={search_term_string}\"},\"query-input\":{\"@type\":\"PropertyValueSpecification\",\"valueRequired\":true,\"valueName\":\"search_term_string\"}}],\"inLanguage\":\"pt-BR\"},{\"@type\":\"Organization\",\"@id\":\"https:\/\/matizes.org.br\/site\/#organization\",\"name\":\"Grupo Matizes - Pela livre express\u00e3o sexual\",\"url\":\"https:\/\/matizes.org.br\/site\/\",\"logo\":{\"@type\":\"ImageObject\",\"inLanguage\":\"pt-BR\",\"@id\":\"https:\/\/matizes.org.br\/site\/#\/schema\/logo\/image\/\",\"url\":\"https:\/\/matizes.org.br\/site\/wp-content\/uploads\/2021\/10\/matizes-logo-site.png\",\"contentUrl\":\"https:\/\/matizes.org.br\/site\/wp-content\/uploads\/2021\/10\/matizes-logo-site.png\",\"width\":460,\"height\":123,\"caption\":\"Grupo Matizes - Pela livre express\u00e3o sexual\"},\"image\":{\"@id\":\"https:\/\/matizes.org.br\/site\/#\/schema\/logo\/image\/\"},\"sameAs\":[\"https:\/\/www.facebook.com\/grupomatizes\/\",\"https:\/\/www.instagram.com\/matizesteresina\/\",\"https:\/\/www.youtube.com\/user\/matizes1000\/videos\"]},{\"@type\":\"Person\",\"@id\":\"https:\/\/matizes.org.br\/site\/#\/schema\/person\/b180ff8f72671ef58b7956eb5b573753\",\"name\":\"rogerbezerra\",\"image\":{\"@type\":\"ImageObject\",\"inLanguage\":\"pt-BR\",\"@id\":\"https:\/\/matizes.org.br\/site\/#\/schema\/person\/image\/\",\"url\":\"https:\/\/secure.gravatar.com\/avatar\/3d1043775cda1d91d725491548f9b3a0909638e5fcbd418ee6b285ebfaa2ae59?s=96&d=mm&r=g\",\"contentUrl\":\"https:\/\/secure.gravatar.com\/avatar\/3d1043775cda1d91d725491548f9b3a0909638e5fcbd418ee6b285ebfaa2ae59?s=96&d=mm&r=g\",\"caption\":\"rogerbezerra\"},\"sameAs\":[\"http:\/\/matizes.org.br\/site\"]}]}<\/script>\n<!-- \/ Yoast SEO plugin. -->","yoast_head_json":{"title":"Matizes apresenta propostas pr\u00f3-Direitos Humanos e popula\u00e7\u00e3o LGbt+ para Gestor@s da Sa\u00fade Municipal de Teresina - Grupo Matizes - Teresina - Piau\u00ed","description":"O Grupo Matizes \u00e9 uma associa\u00e7\u00e3o civil, sem fins lucrativos, fundada em 18 de maio de 2002, cuja miss\u00e3o principal \u00e9 a defesa dos direitos de l\u00e9sbicas, gays, bissexuais, travestis e transexuais (LGBT+). \u00c9 filiado ao Movimento Nacional de Direitos Humanos e ao F\u00f3rum de ONGs\/AIDS do Piau\u00ed. Reconhecido como entidade de utilidade p\u00fablica pela Lei Estadual n\u00ba 5811, de 27 de novembro de 2008. Atualmente, integra os seguintes \u00f3rg\u00e3os colegiados: Conselho Estadual de Defesa dos Direitos Humanos, Conselho Estadual de Direitos de LGBT, Conselho Municipal de Direitos de LGBT e o F\u00f3rum Municipal de Educa\u00e7\u00e3o.O Matizes \u00e9 signat\u00e1rio de algumas representa\u00e7\u00f5es de repercuss\u00e3o geral,","robots":{"index":"index","follow":"follow","max-snippet":"max-snippet:-1","max-image-preview":"max-image-preview:large","max-video-preview":"max-video-preview:-1"},"canonical":"https:\/\/matizes.org.br\/site\/matizes-apresenta-propostas-pro-direitos-humanos-e-populacao-lgbt-para-gestors-da-saude-municipal-de-tereisna\/","og_locale":"pt_BR","og_type":"article","og_title":"Matizes apresenta propostas pr\u00f3-Direitos Humanos e popula\u00e7\u00e3o LGbt+ para Gestor@s da Sa\u00fade Municipal de Teresina - Grupo Matizes - Teresina - Piau\u00ed","og_description":"O Grupo Matizes \u00e9 uma associa\u00e7\u00e3o civil, sem fins lucrativos, fundada em 18 de maio de 2002, cuja miss\u00e3o principal \u00e9 a defesa dos direitos de l\u00e9sbicas, gays, bissexuais, travestis e transexuais (LGBT+). \u00c9 filiado ao Movimento Nacional de Direitos Humanos e ao F\u00f3rum de ONGs\/AIDS do Piau\u00ed. Reconhecido como entidade de utilidade p\u00fablica pela Lei Estadual n\u00ba 5811, de 27 de novembro de 2008. Atualmente, integra os seguintes \u00f3rg\u00e3os colegiados: Conselho Estadual de Defesa dos Direitos Humanos, Conselho Estadual de Direitos de LGBT, Conselho Municipal de Direitos de LGBT e o F\u00f3rum Municipal de Educa\u00e7\u00e3o.O Matizes \u00e9 signat\u00e1rio de algumas representa\u00e7\u00f5es de repercuss\u00e3o geral,","og_url":"https:\/\/matizes.org.br\/site\/matizes-apresenta-propostas-pro-direitos-humanos-e-populacao-lgbt-para-gestors-da-saude-municipal-de-tereisna\/","og_site_name":"Grupo Matizes - Teresina - Piau\u00ed","article_publisher":"https:\/\/www.facebook.com\/grupomatizes\/","article_published_time":"2021-10-06T23:02:00+00:00","article_modified_time":"2021-10-20T01:49:14+00:00","og_image":[{"width":600,"height":450,"url":"https:\/\/matizes.org.br\/site\/wp-content\/uploads\/2021\/10\/Foto_com_Fundacao_Municipald_e_Saude_PNG.png","type":"image\/png"}],"author":"rogerbezerra","twitter_card":"summary_large_image","twitter_misc":{"Escrito por":"rogerbezerra","Est. tempo de leitura":"2 minutos"},"schema":{"@context":"https:\/\/schema.org","@graph":[{"@type":"Article","@id":"https:\/\/matizes.org.br\/site\/matizes-apresenta-propostas-pro-direitos-humanos-e-populacao-lgbt-para-gestors-da-saude-municipal-de-tereisna\/#article","isPartOf":{"@id":"https:\/\/matizes.org.br\/site\/matizes-apresenta-propostas-pro-direitos-humanos-e-populacao-lgbt-para-gestors-da-saude-municipal-de-tereisna\/"},"author":{"name":"rogerbezerra","@id":"https:\/\/matizes.org.br\/site\/#\/schema\/person\/b180ff8f72671ef58b7956eb5b573753"},"headline":"Matizes apresenta propostas pr\u00f3-Direitos Humanos e popula\u00e7\u00e3o LGbt+ para Gestor@s da Sa\u00fade Municipal de Teresina","datePublished":"2021-10-06T23:02:00+00:00","dateModified":"2021-10-20T01:49:14+00:00","mainEntityOfPage":{"@id":"https:\/\/matizes.org.br\/site\/matizes-apresenta-propostas-pro-direitos-humanos-e-populacao-lgbt-para-gestors-da-saude-municipal-de-tereisna\/"},"wordCount":365,"commentCount":0,"publisher":{"@id":"https:\/\/matizes.org.br\/site\/#organization"},"image":{"@id":"https:\/\/matizes.org.br\/site\/matizes-apresenta-propostas-pro-direitos-humanos-e-populacao-lgbt-para-gestors-da-saude-municipal-de-tereisna\/#primaryimage"},"thumbnailUrl":"https:\/\/matizes.org.br\/site\/wp-content\/uploads\/2021\/10\/Foto_com_Fundacao_Municipald_e_Saude_PNG.png","articleSection":["Not\u00edcias"],"inLanguage":"pt-BR","potentialAction":[{"@type":"CommentAction","name":"Comment","target":["https:\/\/matizes.org.br\/site\/matizes-apresenta-propostas-pro-direitos-humanos-e-populacao-lgbt-para-gestors-da-saude-municipal-de-tereisna\/#respond"]}]},{"@type":"WebPage","@id":"https:\/\/matizes.org.br\/site\/matizes-apresenta-propostas-pro-direitos-humanos-e-populacao-lgbt-para-gestors-da-saude-municipal-de-tereisna\/","url":"https:\/\/matizes.org.br\/site\/matizes-apresenta-propostas-pro-direitos-humanos-e-populacao-lgbt-para-gestors-da-saude-municipal-de-tereisna\/","name":"Matizes apresenta propostas pr\u00f3-Direitos Humanos e popula\u00e7\u00e3o LGbt+ para Gestor@s da Sa\u00fade Municipal de Teresina - Grupo Matizes - Teresina - Piau\u00ed","isPartOf":{"@id":"https:\/\/matizes.org.br\/site\/#website"},"primaryImageOfPage":{"@id":"https:\/\/matizes.org.br\/site\/matizes-apresenta-propostas-pro-direitos-humanos-e-populacao-lgbt-para-gestors-da-saude-municipal-de-tereisna\/#primaryimage"},"image":{"@id":"https:\/\/matizes.org.br\/site\/matizes-apresenta-propostas-pro-direitos-humanos-e-populacao-lgbt-para-gestors-da-saude-municipal-de-tereisna\/#primaryimage"},"thumbnailUrl":"https:\/\/matizes.org.br\/site\/wp-content\/uploads\/2021\/10\/Foto_com_Fundacao_Municipald_e_Saude_PNG.png","datePublished":"2021-10-06T23:02:00+00:00","dateModified":"2021-10-20T01:49:14+00:00","description":"O Grupo Matizes \u00e9 uma associa\u00e7\u00e3o civil, sem fins lucrativos, fundada em 18 de maio de 2002, cuja miss\u00e3o principal \u00e9 a defesa dos direitos de l\u00e9sbicas, gays, bissexuais, travestis e transexuais (LGBT+). \u00c9 filiado ao Movimento Nacional de Direitos Humanos e ao F\u00f3rum de ONGs\/AIDS do Piau\u00ed. Reconhecido como entidade de utilidade p\u00fablica pela Lei Estadual n\u00ba 5811, de 27 de novembro de 2008. Atualmente, integra os seguintes \u00f3rg\u00e3os colegiados: Conselho Estadual de Defesa dos Direitos Humanos, Conselho Estadual de Direitos de LGBT, Conselho Municipal de Direitos de LGBT e o F\u00f3rum Municipal de Educa\u00e7\u00e3o.O Matizes \u00e9 signat\u00e1rio de algumas representa\u00e7\u00f5es de repercuss\u00e3o geral,","breadcrumb":{"@id":"https:\/\/matizes.org.br\/site\/matizes-apresenta-propostas-pro-direitos-humanos-e-populacao-lgbt-para-gestors-da-saude-municipal-de-tereisna\/#breadcrumb"},"inLanguage":"pt-BR","potentialAction":[{"@type":"ReadAction","target":["https:\/\/matizes.org.br\/site\/matizes-apresenta-propostas-pro-direitos-humanos-e-populacao-lgbt-para-gestors-da-saude-municipal-de-tereisna\/"]}]},{"@type":"ImageObject","inLanguage":"pt-BR","@id":"https:\/\/matizes.org.br\/site\/matizes-apresenta-propostas-pro-direitos-humanos-e-populacao-lgbt-para-gestors-da-saude-municipal-de-tereisna\/#primaryimage","url":"https:\/\/matizes.org.br\/site\/wp-content\/uploads\/2021\/10\/Foto_com_Fundacao_Municipald_e_Saude_PNG.png","contentUrl":"https:\/\/matizes.org.br\/site\/wp-content\/uploads\/2021\/10\/Foto_com_Fundacao_Municipald_e_Saude_PNG.png","width":600,"height":450},{"@type":"BreadcrumbList","@id":"https:\/\/matizes.org.br\/site\/matizes-apresenta-propostas-pro-direitos-humanos-e-populacao-lgbt-para-gestors-da-saude-municipal-de-tereisna\/#breadcrumb","itemListElement":[{"@type":"ListItem","position":1,"name":"In\u00edcio","item":"https:\/\/matizes.org.br\/site\/"},{"@type":"ListItem","position":2,"name":"Matizes apresenta propostas pr\u00f3-Direitos Humanos e popula\u00e7\u00e3o LGbt+ para Gestor@s da Sa\u00fade Municipal de Teresina"}]},{"@type":"WebSite","@id":"https:\/\/matizes.org.br\/site\/#website","url":"https:\/\/matizes.org.br\/site\/","name":"Grupo Matizes - Teresina - Piau\u00ed","description":"Pela livre express\u00e3o sexual","publisher":{"@id":"https:\/\/matizes.org.br\/site\/#organization"},"potentialAction":[{"@type":"SearchAction","target":{"@type":"EntryPoint","urlTemplate":"https:\/\/matizes.org.br\/site\/?s={search_term_string}"},"query-input":{"@type":"PropertyValueSpecification","valueRequired":true,"valueName":"search_term_string"}}],"inLanguage":"pt-BR"},{"@type":"Organization","@id":"https:\/\/matizes.org.br\/site\/#organization","name":"Grupo Matizes - Pela livre express\u00e3o sexual","url":"https:\/\/matizes.org.br\/site\/","logo":{"@type":"ImageObject","inLanguage":"pt-BR","@id":"https:\/\/matizes.org.br\/site\/#\/schema\/logo\/image\/","url":"https:\/\/matizes.org.br\/site\/wp-content\/uploads\/2021\/10\/matizes-logo-site.png","contentUrl":"https:\/\/matizes.org.br\/site\/wp-content\/uploads\/2021\/10\/matizes-logo-site.png","width":460,"height":123,"caption":"Grupo Matizes - Pela livre express\u00e3o sexual"},"image":{"@id":"https:\/\/matizes.org.br\/site\/#\/schema\/logo\/image\/"},"sameAs":["https:\/\/www.facebook.com\/grupomatizes\/","https:\/\/www.instagram.com\/matizesteresina\/","https:\/\/www.youtube.com\/user\/matizes1000\/videos"]},{"@type":"Person","@id":"https:\/\/matizes.org.br\/site\/#\/schema\/person\/b180ff8f72671ef58b7956eb5b573753","name":"rogerbezerra","image":{"@type":"ImageObject","inLanguage":"pt-BR","@id":"https:\/\/matizes.org.br\/site\/#\/schema\/person\/image\/","url":"https:\/\/secure.gravatar.com\/avatar\/3d1043775cda1d91d725491548f9b3a0909638e5fcbd418ee6b285ebfaa2ae59?s=96&d=mm&r=g","contentUrl":"https:\/\/secure.gravatar.com\/avatar\/3d1043775cda1d91d725491548f9b3a0909638e5fcbd418ee6b285ebfaa2ae59?s=96&d=mm&r=g","caption":"rogerbezerra"},"sameAs":["http:\/\/matizes.org.br\/site"]}]}},"_links":{"self":[{"href":"https:\/\/matizes.org.br\/site\/wp-json\/wp\/v2\/posts\/285","targetHints":{"allow":["GET"]}}],"collection":[{"href":"https:\/\/matizes.org.br\/site\/wp-json\/wp\/v2\/posts"}],"about":[{"href":"https:\/\/matizes.org.br\/site\/wp-json\/wp\/v2\/types\/post"}],"author":[{"embeddable":true,"href":"https:\/\/matizes.org.br\/site\/wp-json\/wp\/v2\/users\/1"}],"replies":[{"embeddable":true,"href":"https:\/\/matizes.org.br\/site\/wp-json\/wp\/v2\/comments?post=285"}],"version-history":[{"count":5,"href":"https:\/\/matizes.org.br\/site\/wp-json\/wp\/v2\/posts\/285\/revisions"}],"predecessor-version":[{"id":814,"href":"https:\/\/matizes.org.br\/site\/wp-json\/wp\/v2\/posts\/285\/revisions\/814"}],"wp:featuredmedia":[{"embeddable":true,"href":"https:\/\/matizes.org.br\/site\/wp-json\/wp\/v2\/media\/286"}],"wp:attachment":[{"href":"https:\/\/matizes.org.br\/site\/wp-json\/wp\/v2\/media?parent=285"}],"wp:term":[{"taxonomy":"category","embeddable":true,"href":"https:\/\/matizes.org.br\/site\/wp-json\/wp\/v2\/categories?post=285"},{"taxonomy":"post_tag","embeddable":true,"href":"https:\/\/matizes.org.br\/site\/wp-json\/wp\/v2\/tags?post=285"}],"curies":[{"name":"wp","href":"https:\/\/api.w.org\/{rel}","templated":true}]}}