{"id":494,"date":"2021-08-14T10:12:00","date_gmt":"2021-08-14T13:12:00","guid":{"rendered":"https:\/\/matizes.org.br\/site\/?p=494"},"modified":"2021-10-18T10:13:02","modified_gmt":"2021-10-18T13:13:02","slug":"grupo-matizes-e-tema-de-tese-pela-universidade-federal-do-piaui-ufpi","status":"publish","type":"post","link":"https:\/\/matizes.org.br\/site\/grupo-matizes-e-tema-de-tese-pela-universidade-federal-do-piaui-ufpi\/","title":{"rendered":"Grupo Matizes \u00e9 tema de Tese pela Universidade Federal do Piau\u00ed\/UFPI"},"content":{"rendered":"\n<p>O Doutorando Libni Milhomem Sousa realizado estudo&nbsp; cuja tese aborda sobre \u201cPol\u00edticas P\u00fablicas e Visibilidade no Estado: o uso da judicializa\u00e7\u00e3o como estrat\u00e9gia de trabalho do Grupo Matizes em Teresina\/PI\u201d. O acad\u00eamico integra o &nbsp;Programa de P\u00f3s-Gradua\u00e7\u00e3o em Pol\u00edticas P\u00fablicas, da Universidade Federal do Piau\u00ed \u2013 UFPI , sob orienta\u00e7\u00e3o da Profa. Dra. Olivia Cristina Perez.<\/p>\n\n\n\n<p>&nbsp;O objetivo da investiga\u00e7\u00e3o \u00e9 &nbsp;analisar o uso da judicializa\u00e7\u00e3o enquanto uma das frentes de trabalho do Grupo Matizes. Na ocasi\u00e3o, a pesquisa realizar\u00e1 o levantamento das pol\u00edticas p\u00fablicas judicializadas no estado, atrav\u00e9s da atua\u00e7\u00e3o do movimento, tal como, mostrar\u00e1 os caminhos percorridos pelo Grupo Matizes na conquista de direitos.<\/p>\n\n\n\n<p>\u00a0\u201c A pesquisa tem uma importante contribui\u00e7\u00e3o para a academia, dado que, apesar de in\u00fameros pesquisas sobre o tema, a tese se difere \u00a0ao analisar especificamente, como um movimento social local no nordeste do Brasil se apropria da estrat\u00e9gia de judicializa\u00e7\u00e3o a favor da popula\u00e7\u00e3o LGBTQI+, preenchendo uma lacuna te\u00f3rica nesse campo do conhecimento\u201d, afirma \u00a0Libni Milhomem.<\/p>\n\n\n\n<p>De abordagem qualitativa, \u00a0a tese contar\u00e1 com a t\u00e9cnica de pesquisa documental \u00a0al\u00e9m de entrevistas em profundidade com militantes e outras personagens centrais na trajet\u00f3ria do Grupo Matizes. Os dados iniciais analisados ser\u00e3o apresentados em outubro de 2021 no 45\u00aa Encontro Nacional da ANPOCS, realizado pela Associa\u00e7\u00e3o Nacional de P\u00f3s-Gradua\u00e7\u00e3o e Pesquisa em Ci\u00eancias Sociais. O evento \u00e9 considerado um dos mais importantes do pa\u00eds na \u00e1rea das Ci\u00eancias Sociais.<\/p>\n","protected":false},"excerpt":{"rendered":"<p>O Doutorando Libni Milhomem Sousa realizado estudo&nbsp; cuja tese aborda sobre \u201cPol\u00edticas P\u00fablicas e Visibilidade no Estado: o uso da judicializa\u00e7\u00e3o como estrat\u00e9gia de trabalho do Grupo Matizes em Teresina\/PI\u201d. O acad\u00eamico integra o &nbsp;Programa de P\u00f3s-Gradua\u00e7\u00e3o em Pol\u00edticas P\u00fablicas, da Universidade Federal do Piau\u00ed \u2013 UFPI , sob orienta\u00e7\u00e3o da Profa. Dra. Olivia Cristina [&hellip;]<\/p>\n","protected":false},"author":1,"featured_media":442,"comment_status":"open","ping_status":"open","sticky":false,"template":"","format":"standard","meta":{"footnotes":""},"categories":[1],"tags":[],"class_list":["post-494","post","type-post","status-publish","format-standard","has-post-thumbnail","hentry","category-noticias"],"yoast_head":"<!-- This site is optimized with the Yoast SEO plugin v27.1.1 - https:\/\/yoast.com\/product\/yoast-seo-wordpress\/ -->\n<title>Grupo Matizes \u00e9 tema de Tese pela Universidade Federal do Piau\u00ed\/UFPI - Grupo Matizes - Teresina - Piau\u00ed<\/title>\n<meta name=\"description\" content=\"O Grupo Matizes \u00e9 uma associa\u00e7\u00e3o civil, sem fins lucrativos, fundada em 18 de maio de 2002, cuja miss\u00e3o principal \u00e9 a defesa dos direitos de l\u00e9sbicas, gays, bissexuais, travestis e transexuais (LGBT+). \u00c9 filiado ao Movimento Nacional de Direitos Humanos e ao F\u00f3rum de ONGs\/AIDS do Piau\u00ed. Reconhecido como entidade de utilidade p\u00fablica pela Lei Estadual n\u00ba 5811, de 27 de novembro de 2008. Atualmente, integra os seguintes \u00f3rg\u00e3os colegiados: Conselho Estadual de Defesa dos Direitos Humanos, Conselho Estadual de Direitos de LGBT, Conselho Municipal de Direitos de LGBT e o F\u00f3rum Municipal de Educa\u00e7\u00e3o.O Matizes \u00e9 signat\u00e1rio de algumas representa\u00e7\u00f5es de repercuss\u00e3o geral,\" \/>\n<meta name=\"robots\" content=\"index, follow, max-snippet:-1, max-image-preview:large, max-video-preview:-1\" \/>\n<link rel=\"canonical\" href=\"https:\/\/matizes.org.br\/site\/grupo-matizes-e-tema-de-tese-pela-universidade-federal-do-piaui-ufpi\/\" \/>\n<meta property=\"og:locale\" content=\"pt_BR\" \/>\n<meta property=\"og:type\" content=\"article\" \/>\n<meta property=\"og:title\" content=\"Grupo Matizes \u00e9 tema de Tese pela Universidade Federal do Piau\u00ed\/UFPI - Grupo Matizes - Teresina - Piau\u00ed\" \/>\n<meta property=\"og:description\" content=\"O Grupo Matizes \u00e9 uma associa\u00e7\u00e3o civil, sem fins lucrativos, fundada em 18 de maio de 2002, cuja miss\u00e3o principal \u00e9 a defesa dos direitos de l\u00e9sbicas, gays, bissexuais, travestis e transexuais (LGBT+). \u00c9 filiado ao Movimento Nacional de Direitos Humanos e ao F\u00f3rum de ONGs\/AIDS do Piau\u00ed. Reconhecido como entidade de utilidade p\u00fablica pela Lei Estadual n\u00ba 5811, de 27 de novembro de 2008. Atualmente, integra os seguintes \u00f3rg\u00e3os colegiados: Conselho Estadual de Defesa dos Direitos Humanos, Conselho Estadual de Direitos de LGBT, Conselho Municipal de Direitos de LGBT e o F\u00f3rum Municipal de Educa\u00e7\u00e3o.O Matizes \u00e9 signat\u00e1rio de algumas representa\u00e7\u00f5es de repercuss\u00e3o geral,\" \/>\n<meta property=\"og:url\" content=\"https:\/\/matizes.org.br\/site\/grupo-matizes-e-tema-de-tese-pela-universidade-federal-do-piaui-ufpi\/\" \/>\n<meta property=\"og:site_name\" content=\"Grupo Matizes - Teresina - Piau\u00ed\" \/>\n<meta property=\"article:publisher\" content=\"https:\/\/www.facebook.com\/grupomatizes\/\" \/>\n<meta property=\"article:published_time\" content=\"2021-08-14T13:12:00+00:00\" \/>\n<meta property=\"article:modified_time\" content=\"2021-10-18T13:13:02+00:00\" \/>\n<meta property=\"og:image\" content=\"https:\/\/matizes.org.br\/site\/wp-content\/uploads\/2021\/10\/parada-da-diversidade-reuniu-milhares-de-pessoas-em-teresina.jpeg\" \/>\n\t<meta property=\"og:image:width\" content=\"1280\" \/>\n\t<meta property=\"og:image:height\" content=\"960\" \/>\n\t<meta property=\"og:image:type\" content=\"image\/jpeg\" \/>\n<meta name=\"author\" content=\"rogerbezerra\" \/>\n<meta name=\"twitter:card\" content=\"summary_large_image\" \/>\n<meta name=\"twitter:label1\" content=\"Escrito por\" \/>\n\t<meta name=\"twitter:data1\" content=\"rogerbezerra\" \/>\n\t<meta name=\"twitter:label2\" content=\"Est. tempo de leitura\" \/>\n\t<meta name=\"twitter:data2\" content=\"2 minutos\" \/>\n<script type=\"application\/ld+json\" class=\"yoast-schema-graph\">{\"@context\":\"https:\/\/schema.org\",\"@graph\":[{\"@type\":\"Article\",\"@id\":\"https:\/\/matizes.org.br\/site\/grupo-matizes-e-tema-de-tese-pela-universidade-federal-do-piaui-ufpi\/#article\",\"isPartOf\":{\"@id\":\"https:\/\/matizes.org.br\/site\/grupo-matizes-e-tema-de-tese-pela-universidade-federal-do-piaui-ufpi\/\"},\"author\":{\"name\":\"rogerbezerra\",\"@id\":\"https:\/\/matizes.org.br\/site\/#\/schema\/person\/b180ff8f72671ef58b7956eb5b573753\"},\"headline\":\"Grupo Matizes \u00e9 tema de Tese pela Universidade Federal do Piau\u00ed\/UFPI\",\"datePublished\":\"2021-08-14T13:12:00+00:00\",\"dateModified\":\"2021-10-18T13:13:02+00:00\",\"mainEntityOfPage\":{\"@id\":\"https:\/\/matizes.org.br\/site\/grupo-matizes-e-tema-de-tese-pela-universidade-federal-do-piaui-ufpi\/\"},\"wordCount\":275,\"commentCount\":0,\"publisher\":{\"@id\":\"https:\/\/matizes.org.br\/site\/#organization\"},\"image\":{\"@id\":\"https:\/\/matizes.org.br\/site\/grupo-matizes-e-tema-de-tese-pela-universidade-federal-do-piaui-ufpi\/#primaryimage\"},\"thumbnailUrl\":\"https:\/\/matizes.org.br\/site\/wp-content\/uploads\/2021\/10\/parada-da-diversidade-reuniu-milhares-de-pessoas-em-teresina.jpeg\",\"articleSection\":[\"Not\u00edcias\"],\"inLanguage\":\"pt-BR\",\"potentialAction\":[{\"@type\":\"CommentAction\",\"name\":\"Comment\",\"target\":[\"https:\/\/matizes.org.br\/site\/grupo-matizes-e-tema-de-tese-pela-universidade-federal-do-piaui-ufpi\/#respond\"]}]},{\"@type\":\"WebPage\",\"@id\":\"https:\/\/matizes.org.br\/site\/grupo-matizes-e-tema-de-tese-pela-universidade-federal-do-piaui-ufpi\/\",\"url\":\"https:\/\/matizes.org.br\/site\/grupo-matizes-e-tema-de-tese-pela-universidade-federal-do-piaui-ufpi\/\",\"name\":\"Grupo Matizes \u00e9 tema de Tese pela Universidade Federal do Piau\u00ed\/UFPI - Grupo Matizes - Teresina - Piau\u00ed\",\"isPartOf\":{\"@id\":\"https:\/\/matizes.org.br\/site\/#website\"},\"primaryImageOfPage\":{\"@id\":\"https:\/\/matizes.org.br\/site\/grupo-matizes-e-tema-de-tese-pela-universidade-federal-do-piaui-ufpi\/#primaryimage\"},\"image\":{\"@id\":\"https:\/\/matizes.org.br\/site\/grupo-matizes-e-tema-de-tese-pela-universidade-federal-do-piaui-ufpi\/#primaryimage\"},\"thumbnailUrl\":\"https:\/\/matizes.org.br\/site\/wp-content\/uploads\/2021\/10\/parada-da-diversidade-reuniu-milhares-de-pessoas-em-teresina.jpeg\",\"datePublished\":\"2021-08-14T13:12:00+00:00\",\"dateModified\":\"2021-10-18T13:13:02+00:00\",\"description\":\"O Grupo Matizes \u00e9 uma associa\u00e7\u00e3o civil, sem fins lucrativos, fundada em 18 de maio de 2002, cuja miss\u00e3o principal \u00e9 a defesa dos direitos de l\u00e9sbicas, gays, bissexuais, travestis e transexuais (LGBT+). \u00c9 filiado ao Movimento Nacional de Direitos Humanos e ao F\u00f3rum de ONGs\/AIDS do Piau\u00ed. Reconhecido como entidade de utilidade p\u00fablica pela Lei Estadual n\u00ba 5811, de 27 de novembro de 2008. Atualmente, integra os seguintes \u00f3rg\u00e3os colegiados: Conselho Estadual de Defesa dos Direitos Humanos, Conselho Estadual de Direitos de LGBT, Conselho Municipal de Direitos de LGBT e o F\u00f3rum Municipal de Educa\u00e7\u00e3o.O Matizes \u00e9 signat\u00e1rio de algumas representa\u00e7\u00f5es de repercuss\u00e3o geral,\",\"breadcrumb\":{\"@id\":\"https:\/\/matizes.org.br\/site\/grupo-matizes-e-tema-de-tese-pela-universidade-federal-do-piaui-ufpi\/#breadcrumb\"},\"inLanguage\":\"pt-BR\",\"potentialAction\":[{\"@type\":\"ReadAction\",\"target\":[\"https:\/\/matizes.org.br\/site\/grupo-matizes-e-tema-de-tese-pela-universidade-federal-do-piaui-ufpi\/\"]}]},{\"@type\":\"ImageObject\",\"inLanguage\":\"pt-BR\",\"@id\":\"https:\/\/matizes.org.br\/site\/grupo-matizes-e-tema-de-tese-pela-universidade-federal-do-piaui-ufpi\/#primaryimage\",\"url\":\"https:\/\/matizes.org.br\/site\/wp-content\/uploads\/2021\/10\/parada-da-diversidade-reuniu-milhares-de-pessoas-em-teresina.jpeg\",\"contentUrl\":\"https:\/\/matizes.org.br\/site\/wp-content\/uploads\/2021\/10\/parada-da-diversidade-reuniu-milhares-de-pessoas-em-teresina.jpeg\",\"width\":1280,\"height\":960},{\"@type\":\"BreadcrumbList\",\"@id\":\"https:\/\/matizes.org.br\/site\/grupo-matizes-e-tema-de-tese-pela-universidade-federal-do-piaui-ufpi\/#breadcrumb\",\"itemListElement\":[{\"@type\":\"ListItem\",\"position\":1,\"name\":\"In\u00edcio\",\"item\":\"https:\/\/matizes.org.br\/site\/\"},{\"@type\":\"ListItem\",\"position\":2,\"name\":\"Grupo Matizes \u00e9 tema de Tese pela Universidade Federal do Piau\u00ed\/UFPI\"}]},{\"@type\":\"WebSite\",\"@id\":\"https:\/\/matizes.org.br\/site\/#website\",\"url\":\"https:\/\/matizes.org.br\/site\/\",\"name\":\"Grupo Matizes - Teresina - Piau\u00ed\",\"description\":\"Pela livre express\u00e3o sexual\",\"publisher\":{\"@id\":\"https:\/\/matizes.org.br\/site\/#organization\"},\"potentialAction\":[{\"@type\":\"SearchAction\",\"target\":{\"@type\":\"EntryPoint\",\"urlTemplate\":\"https:\/\/matizes.org.br\/site\/?s={search_term_string}\"},\"query-input\":{\"@type\":\"PropertyValueSpecification\",\"valueRequired\":true,\"valueName\":\"search_term_string\"}}],\"inLanguage\":\"pt-BR\"},{\"@type\":\"Organization\",\"@id\":\"https:\/\/matizes.org.br\/site\/#organization\",\"name\":\"Grupo Matizes - Pela livre express\u00e3o sexual\",\"url\":\"https:\/\/matizes.org.br\/site\/\",\"logo\":{\"@type\":\"ImageObject\",\"inLanguage\":\"pt-BR\",\"@id\":\"https:\/\/matizes.org.br\/site\/#\/schema\/logo\/image\/\",\"url\":\"https:\/\/matizes.org.br\/site\/wp-content\/uploads\/2021\/10\/matizes-logo-site.png\",\"contentUrl\":\"https:\/\/matizes.org.br\/site\/wp-content\/uploads\/2021\/10\/matizes-logo-site.png\",\"width\":460,\"height\":123,\"caption\":\"Grupo Matizes - Pela livre express\u00e3o sexual\"},\"image\":{\"@id\":\"https:\/\/matizes.org.br\/site\/#\/schema\/logo\/image\/\"},\"sameAs\":[\"https:\/\/www.facebook.com\/grupomatizes\/\",\"https:\/\/www.instagram.com\/matizesteresina\/\",\"https:\/\/www.youtube.com\/user\/matizes1000\/videos\"]},{\"@type\":\"Person\",\"@id\":\"https:\/\/matizes.org.br\/site\/#\/schema\/person\/b180ff8f72671ef58b7956eb5b573753\",\"name\":\"rogerbezerra\",\"image\":{\"@type\":\"ImageObject\",\"inLanguage\":\"pt-BR\",\"@id\":\"https:\/\/matizes.org.br\/site\/#\/schema\/person\/image\/\",\"url\":\"https:\/\/secure.gravatar.com\/avatar\/3d1043775cda1d91d725491548f9b3a0909638e5fcbd418ee6b285ebfaa2ae59?s=96&d=mm&r=g\",\"contentUrl\":\"https:\/\/secure.gravatar.com\/avatar\/3d1043775cda1d91d725491548f9b3a0909638e5fcbd418ee6b285ebfaa2ae59?s=96&d=mm&r=g\",\"caption\":\"rogerbezerra\"},\"sameAs\":[\"http:\/\/matizes.org.br\/site\"]}]}<\/script>\n<!-- \/ Yoast SEO plugin. -->","yoast_head_json":{"title":"Grupo Matizes \u00e9 tema de Tese pela Universidade Federal do Piau\u00ed\/UFPI - Grupo Matizes - Teresina - Piau\u00ed","description":"O Grupo Matizes \u00e9 uma associa\u00e7\u00e3o civil, sem fins lucrativos, fundada em 18 de maio de 2002, cuja miss\u00e3o principal \u00e9 a defesa dos direitos de l\u00e9sbicas, gays, bissexuais, travestis e transexuais (LGBT+). \u00c9 filiado ao Movimento Nacional de Direitos Humanos e ao F\u00f3rum de ONGs\/AIDS do Piau\u00ed. Reconhecido como entidade de utilidade p\u00fablica pela Lei Estadual n\u00ba 5811, de 27 de novembro de 2008. Atualmente, integra os seguintes \u00f3rg\u00e3os colegiados: Conselho Estadual de Defesa dos Direitos Humanos, Conselho Estadual de Direitos de LGBT, Conselho Municipal de Direitos de LGBT e o F\u00f3rum Municipal de Educa\u00e7\u00e3o.O Matizes \u00e9 signat\u00e1rio de algumas representa\u00e7\u00f5es de repercuss\u00e3o geral,","robots":{"index":"index","follow":"follow","max-snippet":"max-snippet:-1","max-image-preview":"max-image-preview:large","max-video-preview":"max-video-preview:-1"},"canonical":"https:\/\/matizes.org.br\/site\/grupo-matizes-e-tema-de-tese-pela-universidade-federal-do-piaui-ufpi\/","og_locale":"pt_BR","og_type":"article","og_title":"Grupo Matizes \u00e9 tema de Tese pela Universidade Federal do Piau\u00ed\/UFPI - Grupo Matizes - Teresina - Piau\u00ed","og_description":"O Grupo Matizes \u00e9 uma associa\u00e7\u00e3o civil, sem fins lucrativos, fundada em 18 de maio de 2002, cuja miss\u00e3o principal \u00e9 a defesa dos direitos de l\u00e9sbicas, gays, bissexuais, travestis e transexuais (LGBT+). \u00c9 filiado ao Movimento Nacional de Direitos Humanos e ao F\u00f3rum de ONGs\/AIDS do Piau\u00ed. Reconhecido como entidade de utilidade p\u00fablica pela Lei Estadual n\u00ba 5811, de 27 de novembro de 2008. Atualmente, integra os seguintes \u00f3rg\u00e3os colegiados: Conselho Estadual de Defesa dos Direitos Humanos, Conselho Estadual de Direitos de LGBT, Conselho Municipal de Direitos de LGBT e o F\u00f3rum Municipal de Educa\u00e7\u00e3o.O Matizes \u00e9 signat\u00e1rio de algumas representa\u00e7\u00f5es de repercuss\u00e3o geral,","og_url":"https:\/\/matizes.org.br\/site\/grupo-matizes-e-tema-de-tese-pela-universidade-federal-do-piaui-ufpi\/","og_site_name":"Grupo Matizes - Teresina - Piau\u00ed","article_publisher":"https:\/\/www.facebook.com\/grupomatizes\/","article_published_time":"2021-08-14T13:12:00+00:00","article_modified_time":"2021-10-18T13:13:02+00:00","og_image":[{"width":1280,"height":960,"url":"https:\/\/matizes.org.br\/site\/wp-content\/uploads\/2021\/10\/parada-da-diversidade-reuniu-milhares-de-pessoas-em-teresina.jpeg","type":"image\/jpeg"}],"author":"rogerbezerra","twitter_card":"summary_large_image","twitter_misc":{"Escrito por":"rogerbezerra","Est. tempo de leitura":"2 minutos"},"schema":{"@context":"https:\/\/schema.org","@graph":[{"@type":"Article","@id":"https:\/\/matizes.org.br\/site\/grupo-matizes-e-tema-de-tese-pela-universidade-federal-do-piaui-ufpi\/#article","isPartOf":{"@id":"https:\/\/matizes.org.br\/site\/grupo-matizes-e-tema-de-tese-pela-universidade-federal-do-piaui-ufpi\/"},"author":{"name":"rogerbezerra","@id":"https:\/\/matizes.org.br\/site\/#\/schema\/person\/b180ff8f72671ef58b7956eb5b573753"},"headline":"Grupo Matizes \u00e9 tema de Tese pela Universidade Federal do Piau\u00ed\/UFPI","datePublished":"2021-08-14T13:12:00+00:00","dateModified":"2021-10-18T13:13:02+00:00","mainEntityOfPage":{"@id":"https:\/\/matizes.org.br\/site\/grupo-matizes-e-tema-de-tese-pela-universidade-federal-do-piaui-ufpi\/"},"wordCount":275,"commentCount":0,"publisher":{"@id":"https:\/\/matizes.org.br\/site\/#organization"},"image":{"@id":"https:\/\/matizes.org.br\/site\/grupo-matizes-e-tema-de-tese-pela-universidade-federal-do-piaui-ufpi\/#primaryimage"},"thumbnailUrl":"https:\/\/matizes.org.br\/site\/wp-content\/uploads\/2021\/10\/parada-da-diversidade-reuniu-milhares-de-pessoas-em-teresina.jpeg","articleSection":["Not\u00edcias"],"inLanguage":"pt-BR","potentialAction":[{"@type":"CommentAction","name":"Comment","target":["https:\/\/matizes.org.br\/site\/grupo-matizes-e-tema-de-tese-pela-universidade-federal-do-piaui-ufpi\/#respond"]}]},{"@type":"WebPage","@id":"https:\/\/matizes.org.br\/site\/grupo-matizes-e-tema-de-tese-pela-universidade-federal-do-piaui-ufpi\/","url":"https:\/\/matizes.org.br\/site\/grupo-matizes-e-tema-de-tese-pela-universidade-federal-do-piaui-ufpi\/","name":"Grupo Matizes \u00e9 tema de Tese pela Universidade Federal do Piau\u00ed\/UFPI - Grupo Matizes - Teresina - Piau\u00ed","isPartOf":{"@id":"https:\/\/matizes.org.br\/site\/#website"},"primaryImageOfPage":{"@id":"https:\/\/matizes.org.br\/site\/grupo-matizes-e-tema-de-tese-pela-universidade-federal-do-piaui-ufpi\/#primaryimage"},"image":{"@id":"https:\/\/matizes.org.br\/site\/grupo-matizes-e-tema-de-tese-pela-universidade-federal-do-piaui-ufpi\/#primaryimage"},"thumbnailUrl":"https:\/\/matizes.org.br\/site\/wp-content\/uploads\/2021\/10\/parada-da-diversidade-reuniu-milhares-de-pessoas-em-teresina.jpeg","datePublished":"2021-08-14T13:12:00+00:00","dateModified":"2021-10-18T13:13:02+00:00","description":"O Grupo Matizes \u00e9 uma associa\u00e7\u00e3o civil, sem fins lucrativos, fundada em 18 de maio de 2002, cuja miss\u00e3o principal \u00e9 a defesa dos direitos de l\u00e9sbicas, gays, bissexuais, travestis e transexuais (LGBT+). \u00c9 filiado ao Movimento Nacional de Direitos Humanos e ao F\u00f3rum de ONGs\/AIDS do Piau\u00ed. Reconhecido como entidade de utilidade p\u00fablica pela Lei Estadual n\u00ba 5811, de 27 de novembro de 2008. Atualmente, integra os seguintes \u00f3rg\u00e3os colegiados: Conselho Estadual de Defesa dos Direitos Humanos, Conselho Estadual de Direitos de LGBT, Conselho Municipal de Direitos de LGBT e o F\u00f3rum Municipal de Educa\u00e7\u00e3o.O Matizes \u00e9 signat\u00e1rio de algumas representa\u00e7\u00f5es de repercuss\u00e3o geral,","breadcrumb":{"@id":"https:\/\/matizes.org.br\/site\/grupo-matizes-e-tema-de-tese-pela-universidade-federal-do-piaui-ufpi\/#breadcrumb"},"inLanguage":"pt-BR","potentialAction":[{"@type":"ReadAction","target":["https:\/\/matizes.org.br\/site\/grupo-matizes-e-tema-de-tese-pela-universidade-federal-do-piaui-ufpi\/"]}]},{"@type":"ImageObject","inLanguage":"pt-BR","@id":"https:\/\/matizes.org.br\/site\/grupo-matizes-e-tema-de-tese-pela-universidade-federal-do-piaui-ufpi\/#primaryimage","url":"https:\/\/matizes.org.br\/site\/wp-content\/uploads\/2021\/10\/parada-da-diversidade-reuniu-milhares-de-pessoas-em-teresina.jpeg","contentUrl":"https:\/\/matizes.org.br\/site\/wp-content\/uploads\/2021\/10\/parada-da-diversidade-reuniu-milhares-de-pessoas-em-teresina.jpeg","width":1280,"height":960},{"@type":"BreadcrumbList","@id":"https:\/\/matizes.org.br\/site\/grupo-matizes-e-tema-de-tese-pela-universidade-federal-do-piaui-ufpi\/#breadcrumb","itemListElement":[{"@type":"ListItem","position":1,"name":"In\u00edcio","item":"https:\/\/matizes.org.br\/site\/"},{"@type":"ListItem","position":2,"name":"Grupo Matizes \u00e9 tema de Tese pela Universidade Federal do Piau\u00ed\/UFPI"}]},{"@type":"WebSite","@id":"https:\/\/matizes.org.br\/site\/#website","url":"https:\/\/matizes.org.br\/site\/","name":"Grupo Matizes - Teresina - Piau\u00ed","description":"Pela livre express\u00e3o sexual","publisher":{"@id":"https:\/\/matizes.org.br\/site\/#organization"},"potentialAction":[{"@type":"SearchAction","target":{"@type":"EntryPoint","urlTemplate":"https:\/\/matizes.org.br\/site\/?s={search_term_string}"},"query-input":{"@type":"PropertyValueSpecification","valueRequired":true,"valueName":"search_term_string"}}],"inLanguage":"pt-BR"},{"@type":"Organization","@id":"https:\/\/matizes.org.br\/site\/#organization","name":"Grupo Matizes - Pela livre express\u00e3o sexual","url":"https:\/\/matizes.org.br\/site\/","logo":{"@type":"ImageObject","inLanguage":"pt-BR","@id":"https:\/\/matizes.org.br\/site\/#\/schema\/logo\/image\/","url":"https:\/\/matizes.org.br\/site\/wp-content\/uploads\/2021\/10\/matizes-logo-site.png","contentUrl":"https:\/\/matizes.org.br\/site\/wp-content\/uploads\/2021\/10\/matizes-logo-site.png","width":460,"height":123,"caption":"Grupo Matizes - Pela livre express\u00e3o sexual"},"image":{"@id":"https:\/\/matizes.org.br\/site\/#\/schema\/logo\/image\/"},"sameAs":["https:\/\/www.facebook.com\/grupomatizes\/","https:\/\/www.instagram.com\/matizesteresina\/","https:\/\/www.youtube.com\/user\/matizes1000\/videos"]},{"@type":"Person","@id":"https:\/\/matizes.org.br\/site\/#\/schema\/person\/b180ff8f72671ef58b7956eb5b573753","name":"rogerbezerra","image":{"@type":"ImageObject","inLanguage":"pt-BR","@id":"https:\/\/matizes.org.br\/site\/#\/schema\/person\/image\/","url":"https:\/\/secure.gravatar.com\/avatar\/3d1043775cda1d91d725491548f9b3a0909638e5fcbd418ee6b285ebfaa2ae59?s=96&d=mm&r=g","contentUrl":"https:\/\/secure.gravatar.com\/avatar\/3d1043775cda1d91d725491548f9b3a0909638e5fcbd418ee6b285ebfaa2ae59?s=96&d=mm&r=g","caption":"rogerbezerra"},"sameAs":["http:\/\/matizes.org.br\/site"]}]}},"_links":{"self":[{"href":"https:\/\/matizes.org.br\/site\/wp-json\/wp\/v2\/posts\/494","targetHints":{"allow":["GET"]}}],"collection":[{"href":"https:\/\/matizes.org.br\/site\/wp-json\/wp\/v2\/posts"}],"about":[{"href":"https:\/\/matizes.org.br\/site\/wp-json\/wp\/v2\/types\/post"}],"author":[{"embeddable":true,"href":"https:\/\/matizes.org.br\/site\/wp-json\/wp\/v2\/users\/1"}],"replies":[{"embeddable":true,"href":"https:\/\/matizes.org.br\/site\/wp-json\/wp\/v2\/comments?post=494"}],"version-history":[{"count":1,"href":"https:\/\/matizes.org.br\/site\/wp-json\/wp\/v2\/posts\/494\/revisions"}],"predecessor-version":[{"id":495,"href":"https:\/\/matizes.org.br\/site\/wp-json\/wp\/v2\/posts\/494\/revisions\/495"}],"wp:featuredmedia":[{"embeddable":true,"href":"https:\/\/matizes.org.br\/site\/wp-json\/wp\/v2\/media\/442"}],"wp:attachment":[{"href":"https:\/\/matizes.org.br\/site\/wp-json\/wp\/v2\/media?parent=494"}],"wp:term":[{"taxonomy":"category","embeddable":true,"href":"https:\/\/matizes.org.br\/site\/wp-json\/wp\/v2\/categories?post=494"},{"taxonomy":"post_tag","embeddable":true,"href":"https:\/\/matizes.org.br\/site\/wp-json\/wp\/v2\/tags?post=494"}],"curies":[{"name":"wp","href":"https:\/\/api.w.org\/{rel}","templated":true}]}}