{"id":502,"date":"2021-09-05T10:17:00","date_gmt":"2021-09-05T13:17:00","guid":{"rendered":"https:\/\/matizes.org.br\/site\/?p=502"},"modified":"2021-10-18T16:10:03","modified_gmt":"2021-10-18T19:10:03","slug":"vozes-potentes-iniciativa-da-onu-brasil-homenageia-ativista-do-grupo-matizes","status":"publish","type":"post","link":"https:\/\/matizes.org.br\/site\/vozes-potentes-iniciativa-da-onu-brasil-homenageia-ativista-do-grupo-matizes\/","title":{"rendered":"Vozes Potentes, iniciativa da ONU\/Brasil, homenageia ativista do Grupo Matizes"},"content":{"rendered":"\n<p>Filha de sertanejos, Marinalva Santana nasceu h\u00e1 50 anos na Zona Rural de S\u00e3o Raimundo Nonato, no Piau\u00ed. Aos 13 anos, mudou-se para a capital do estado junto com sua fam\u00edlia.<\/p>\n\n\n\n<p>\u201cComo caboclo sonhador, meu pai cultivava o desejo de formar todos os filhos, por isso, minha fam\u00edlia migrou em cima de um caminh\u00e3o para Teresina.\u201d<\/p>\n\n\n\n<p>Pelo jeito, o sonho do caboclo tornou-se realidade: a filha Marinalva cursou Licenciatura Plena em Letras e Bacharelado em Direito na Universidade Estadual do Piau\u00ed, atuou no Movimento Estudantil e presidiu o Diret\u00f3rio Central dos Estudantes.<\/p>\n\n\n\n<p>Ela iniciou seu ativismo no movimento LGBTQIA+ em 2002.<\/p>\n\n\n\n<p>\u201cJuntei-me a outras pessoas que, como eu, nutriam desejos, necessidades e vontades de um mundo sem discrimina\u00e7\u00e3o, e fundamos o Grupo Matizes (@matizesteresina), a primeira organiza\u00e7\u00e3o da sociedade civil de Teresina a atuar abertamente em favor da efetiva\u00e7\u00e3o dos direitos LGBT.\u201d<\/p>\n\n\n\n<p>A menina, que nasceu na zona rural do Piau\u00ed, presidiu, nos anos de 2018 a 2020, o Conselho Estadual de Defesa dos Direitos Humanos, em cadeira de representa\u00e7\u00e3o do Grupo Matizes.<\/p>\n\n\n\n<p>Atualmente, ela faz parte da Sala de Situa\u00e7\u00e3o sobre Viol\u00eancia Baseada em G\u00eanero, uma rede de mobiliza\u00e7\u00e3o virtual que re\u00fane organiza\u00e7\u00f5es da sociedade civil para o combate e preven\u00e7\u00e3o \u00e0 viol\u00eancia de g\u00eanero.<\/p>\n\n\n\n<p>\u201cA inquietude com as injusti\u00e7as, a viol\u00eancia e a discrimina\u00e7\u00e3o s\u00e3o o combust\u00edvel que me movem a continuar na luta, porque acredito que um outro mundo \u00e9 poss\u00edvel\u201d, conclui Marinalva Santana.<\/p>\n\n\n\n<p>#VozesPotentes \u00e9 uma iniciativa do @unfpabrasil que conta a hist\u00f3ria de mulheres das regi\u00f5es Norte e Nordeste que fazem a diferen\u00e7a em suas comunidades, em sua regi\u00e3o, no pa\u00eds e na promo\u00e7\u00e3o de direitos humanos para todas.<\/p>\n\n\n\n<p>Na semana do Dia Nacional da Visibilidade L\u00e9sbica, nos unimos \u00e0 campanha ONU Livres &amp; Iguais (@free.equal) para defender o reconhecimento e a visibilidade de todas as mulheres l\u00e9sbicas, sem deixar nenhuma para tr\u00e1s.<\/p>\n\n\n\n<p>Fonte: ONU\/Brasil<\/p>\n","protected":false},"excerpt":{"rendered":"<p>Filha de sertanejos, Marinalva Santana nasceu h\u00e1 50 anos na Zona Rural de S\u00e3o Raimundo Nonato, no Piau\u00ed. Aos 13 anos, mudou-se para a capital do estado junto com sua fam\u00edlia. \u201cComo caboclo sonhador, meu pai cultivava o desejo de formar todos os filhos, por isso, minha fam\u00edlia migrou em cima de um caminh\u00e3o para [&hellip;]<\/p>\n","protected":false},"author":1,"featured_media":702,"comment_status":"open","ping_status":"open","sticky":false,"template":"","format":"standard","meta":{"footnotes":""},"categories":[1],"tags":[],"class_list":["post-502","post","type-post","status-publish","format-standard","has-post-thumbnail","hentry","category-noticias"],"yoast_head":"<!-- This site is optimized with the Yoast SEO plugin v27.1.1 - https:\/\/yoast.com\/product\/yoast-seo-wordpress\/ -->\n<title>Vozes Potentes, iniciativa da ONU\/Brasil, homenageia ativista do Grupo Matizes - Grupo Matizes - Teresina - Piau\u00ed<\/title>\n<meta name=\"description\" content=\"O Grupo Matizes \u00e9 uma associa\u00e7\u00e3o civil, sem fins lucrativos, fundada em 18 de maio de 2002, cuja miss\u00e3o principal \u00e9 a defesa dos direitos de l\u00e9sbicas, gays, bissexuais, travestis e transexuais (LGBT+). \u00c9 filiado ao Movimento Nacional de Direitos Humanos e ao F\u00f3rum de ONGs\/AIDS do Piau\u00ed. Reconhecido como entidade de utilidade p\u00fablica pela Lei Estadual n\u00ba 5811, de 27 de novembro de 2008. Atualmente, integra os seguintes \u00f3rg\u00e3os colegiados: Conselho Estadual de Defesa dos Direitos Humanos, Conselho Estadual de Direitos de LGBT, Conselho Municipal de Direitos de LGBT e o F\u00f3rum Municipal de Educa\u00e7\u00e3o.O Matizes \u00e9 signat\u00e1rio de algumas representa\u00e7\u00f5es de repercuss\u00e3o geral,\" \/>\n<meta name=\"robots\" content=\"index, follow, max-snippet:-1, max-image-preview:large, max-video-preview:-1\" \/>\n<link rel=\"canonical\" href=\"https:\/\/matizes.org.br\/site\/vozes-potentes-iniciativa-da-onu-brasil-homenageia-ativista-do-grupo-matizes\/\" \/>\n<meta property=\"og:locale\" content=\"pt_BR\" \/>\n<meta property=\"og:type\" content=\"article\" \/>\n<meta property=\"og:title\" content=\"Vozes Potentes, iniciativa da ONU\/Brasil, homenageia ativista do Grupo Matizes - Grupo Matizes - Teresina - Piau\u00ed\" \/>\n<meta property=\"og:description\" content=\"O Grupo Matizes \u00e9 uma associa\u00e7\u00e3o civil, sem fins lucrativos, fundada em 18 de maio de 2002, cuja miss\u00e3o principal \u00e9 a defesa dos direitos de l\u00e9sbicas, gays, bissexuais, travestis e transexuais (LGBT+). \u00c9 filiado ao Movimento Nacional de Direitos Humanos e ao F\u00f3rum de ONGs\/AIDS do Piau\u00ed. Reconhecido como entidade de utilidade p\u00fablica pela Lei Estadual n\u00ba 5811, de 27 de novembro de 2008. Atualmente, integra os seguintes \u00f3rg\u00e3os colegiados: Conselho Estadual de Defesa dos Direitos Humanos, Conselho Estadual de Direitos de LGBT, Conselho Municipal de Direitos de LGBT e o F\u00f3rum Municipal de Educa\u00e7\u00e3o.O Matizes \u00e9 signat\u00e1rio de algumas representa\u00e7\u00f5es de repercuss\u00e3o geral,\" \/>\n<meta property=\"og:url\" content=\"https:\/\/matizes.org.br\/site\/vozes-potentes-iniciativa-da-onu-brasil-homenageia-ativista-do-grupo-matizes\/\" \/>\n<meta property=\"og:site_name\" content=\"Grupo Matizes - Teresina - Piau\u00ed\" \/>\n<meta property=\"article:publisher\" content=\"https:\/\/www.facebook.com\/grupomatizes\/\" \/>\n<meta property=\"article:published_time\" content=\"2021-09-05T13:17:00+00:00\" \/>\n<meta property=\"article:modified_time\" content=\"2021-10-18T19:10:03+00:00\" \/>\n<meta property=\"og:image\" content=\"https:\/\/matizes.org.br\/site\/wp-content\/uploads\/2021\/09\/marinalva.jpg\" \/>\n\t<meta property=\"og:image:width\" content=\"800\" \/>\n\t<meta property=\"og:image:height\" content=\"532\" \/>\n\t<meta property=\"og:image:type\" content=\"image\/jpeg\" \/>\n<meta name=\"author\" content=\"rogerbezerra\" \/>\n<meta name=\"twitter:card\" content=\"summary_large_image\" \/>\n<meta name=\"twitter:label1\" content=\"Escrito por\" \/>\n\t<meta name=\"twitter:data1\" content=\"rogerbezerra\" \/>\n\t<meta name=\"twitter:label2\" content=\"Est. tempo de leitura\" \/>\n\t<meta name=\"twitter:data2\" content=\"2 minutos\" \/>\n<script type=\"application\/ld+json\" class=\"yoast-schema-graph\">{\"@context\":\"https:\/\/schema.org\",\"@graph\":[{\"@type\":\"Article\",\"@id\":\"https:\/\/matizes.org.br\/site\/vozes-potentes-iniciativa-da-onu-brasil-homenageia-ativista-do-grupo-matizes\/#article\",\"isPartOf\":{\"@id\":\"https:\/\/matizes.org.br\/site\/vozes-potentes-iniciativa-da-onu-brasil-homenageia-ativista-do-grupo-matizes\/\"},\"author\":{\"name\":\"rogerbezerra\",\"@id\":\"https:\/\/matizes.org.br\/site\/#\/schema\/person\/b180ff8f72671ef58b7956eb5b573753\"},\"headline\":\"Vozes Potentes, iniciativa da ONU\/Brasil, homenageia ativista do Grupo Matizes\",\"datePublished\":\"2021-09-05T13:17:00+00:00\",\"dateModified\":\"2021-10-18T19:10:03+00:00\",\"mainEntityOfPage\":{\"@id\":\"https:\/\/matizes.org.br\/site\/vozes-potentes-iniciativa-da-onu-brasil-homenageia-ativista-do-grupo-matizes\/\"},\"wordCount\":347,\"commentCount\":0,\"publisher\":{\"@id\":\"https:\/\/matizes.org.br\/site\/#organization\"},\"image\":{\"@id\":\"https:\/\/matizes.org.br\/site\/vozes-potentes-iniciativa-da-onu-brasil-homenageia-ativista-do-grupo-matizes\/#primaryimage\"},\"thumbnailUrl\":\"https:\/\/matizes.org.br\/site\/wp-content\/uploads\/2021\/09\/marinalva.jpg\",\"articleSection\":[\"Not\u00edcias\"],\"inLanguage\":\"pt-BR\",\"potentialAction\":[{\"@type\":\"CommentAction\",\"name\":\"Comment\",\"target\":[\"https:\/\/matizes.org.br\/site\/vozes-potentes-iniciativa-da-onu-brasil-homenageia-ativista-do-grupo-matizes\/#respond\"]}]},{\"@type\":\"WebPage\",\"@id\":\"https:\/\/matizes.org.br\/site\/vozes-potentes-iniciativa-da-onu-brasil-homenageia-ativista-do-grupo-matizes\/\",\"url\":\"https:\/\/matizes.org.br\/site\/vozes-potentes-iniciativa-da-onu-brasil-homenageia-ativista-do-grupo-matizes\/\",\"name\":\"Vozes Potentes, iniciativa da ONU\/Brasil, homenageia ativista do Grupo Matizes - Grupo Matizes - Teresina - Piau\u00ed\",\"isPartOf\":{\"@id\":\"https:\/\/matizes.org.br\/site\/#website\"},\"primaryImageOfPage\":{\"@id\":\"https:\/\/matizes.org.br\/site\/vozes-potentes-iniciativa-da-onu-brasil-homenageia-ativista-do-grupo-matizes\/#primaryimage\"},\"image\":{\"@id\":\"https:\/\/matizes.org.br\/site\/vozes-potentes-iniciativa-da-onu-brasil-homenageia-ativista-do-grupo-matizes\/#primaryimage\"},\"thumbnailUrl\":\"https:\/\/matizes.org.br\/site\/wp-content\/uploads\/2021\/09\/marinalva.jpg\",\"datePublished\":\"2021-09-05T13:17:00+00:00\",\"dateModified\":\"2021-10-18T19:10:03+00:00\",\"description\":\"O Grupo Matizes \u00e9 uma associa\u00e7\u00e3o civil, sem fins lucrativos, fundada em 18 de maio de 2002, cuja miss\u00e3o principal \u00e9 a defesa dos direitos de l\u00e9sbicas, gays, bissexuais, travestis e transexuais (LGBT+). \u00c9 filiado ao Movimento Nacional de Direitos Humanos e ao F\u00f3rum de ONGs\/AIDS do Piau\u00ed. Reconhecido como entidade de utilidade p\u00fablica pela Lei Estadual n\u00ba 5811, de 27 de novembro de 2008. Atualmente, integra os seguintes \u00f3rg\u00e3os colegiados: Conselho Estadual de Defesa dos Direitos Humanos, Conselho Estadual de Direitos de LGBT, Conselho Municipal de Direitos de LGBT e o F\u00f3rum Municipal de Educa\u00e7\u00e3o.O Matizes \u00e9 signat\u00e1rio de algumas representa\u00e7\u00f5es de repercuss\u00e3o geral,\",\"breadcrumb\":{\"@id\":\"https:\/\/matizes.org.br\/site\/vozes-potentes-iniciativa-da-onu-brasil-homenageia-ativista-do-grupo-matizes\/#breadcrumb\"},\"inLanguage\":\"pt-BR\",\"potentialAction\":[{\"@type\":\"ReadAction\",\"target\":[\"https:\/\/matizes.org.br\/site\/vozes-potentes-iniciativa-da-onu-brasil-homenageia-ativista-do-grupo-matizes\/\"]}]},{\"@type\":\"ImageObject\",\"inLanguage\":\"pt-BR\",\"@id\":\"https:\/\/matizes.org.br\/site\/vozes-potentes-iniciativa-da-onu-brasil-homenageia-ativista-do-grupo-matizes\/#primaryimage\",\"url\":\"https:\/\/matizes.org.br\/site\/wp-content\/uploads\/2021\/09\/marinalva.jpg\",\"contentUrl\":\"https:\/\/matizes.org.br\/site\/wp-content\/uploads\/2021\/09\/marinalva.jpg\",\"width\":800,\"height\":532,\"caption\":\"Marinalva Santana\"},{\"@type\":\"BreadcrumbList\",\"@id\":\"https:\/\/matizes.org.br\/site\/vozes-potentes-iniciativa-da-onu-brasil-homenageia-ativista-do-grupo-matizes\/#breadcrumb\",\"itemListElement\":[{\"@type\":\"ListItem\",\"position\":1,\"name\":\"In\u00edcio\",\"item\":\"https:\/\/matizes.org.br\/site\/\"},{\"@type\":\"ListItem\",\"position\":2,\"name\":\"Vozes Potentes, iniciativa da ONU\/Brasil, homenageia ativista do Grupo Matizes\"}]},{\"@type\":\"WebSite\",\"@id\":\"https:\/\/matizes.org.br\/site\/#website\",\"url\":\"https:\/\/matizes.org.br\/site\/\",\"name\":\"Grupo Matizes - Teresina - Piau\u00ed\",\"description\":\"Pela livre express\u00e3o sexual\",\"publisher\":{\"@id\":\"https:\/\/matizes.org.br\/site\/#organization\"},\"potentialAction\":[{\"@type\":\"SearchAction\",\"target\":{\"@type\":\"EntryPoint\",\"urlTemplate\":\"https:\/\/matizes.org.br\/site\/?s={search_term_string}\"},\"query-input\":{\"@type\":\"PropertyValueSpecification\",\"valueRequired\":true,\"valueName\":\"search_term_string\"}}],\"inLanguage\":\"pt-BR\"},{\"@type\":\"Organization\",\"@id\":\"https:\/\/matizes.org.br\/site\/#organization\",\"name\":\"Grupo Matizes - Pela livre express\u00e3o sexual\",\"url\":\"https:\/\/matizes.org.br\/site\/\",\"logo\":{\"@type\":\"ImageObject\",\"inLanguage\":\"pt-BR\",\"@id\":\"https:\/\/matizes.org.br\/site\/#\/schema\/logo\/image\/\",\"url\":\"https:\/\/matizes.org.br\/site\/wp-content\/uploads\/2021\/10\/matizes-logo-site.png\",\"contentUrl\":\"https:\/\/matizes.org.br\/site\/wp-content\/uploads\/2021\/10\/matizes-logo-site.png\",\"width\":460,\"height\":123,\"caption\":\"Grupo Matizes - Pela livre express\u00e3o sexual\"},\"image\":{\"@id\":\"https:\/\/matizes.org.br\/site\/#\/schema\/logo\/image\/\"},\"sameAs\":[\"https:\/\/www.facebook.com\/grupomatizes\/\",\"https:\/\/www.instagram.com\/matizesteresina\/\",\"https:\/\/www.youtube.com\/user\/matizes1000\/videos\"]},{\"@type\":\"Person\",\"@id\":\"https:\/\/matizes.org.br\/site\/#\/schema\/person\/b180ff8f72671ef58b7956eb5b573753\",\"name\":\"rogerbezerra\",\"image\":{\"@type\":\"ImageObject\",\"inLanguage\":\"pt-BR\",\"@id\":\"https:\/\/matizes.org.br\/site\/#\/schema\/person\/image\/\",\"url\":\"https:\/\/secure.gravatar.com\/avatar\/3d1043775cda1d91d725491548f9b3a0909638e5fcbd418ee6b285ebfaa2ae59?s=96&d=mm&r=g\",\"contentUrl\":\"https:\/\/secure.gravatar.com\/avatar\/3d1043775cda1d91d725491548f9b3a0909638e5fcbd418ee6b285ebfaa2ae59?s=96&d=mm&r=g\",\"caption\":\"rogerbezerra\"},\"sameAs\":[\"http:\/\/matizes.org.br\/site\"]}]}<\/script>\n<!-- \/ Yoast SEO plugin. -->","yoast_head_json":{"title":"Vozes Potentes, iniciativa da ONU\/Brasil, homenageia ativista do Grupo Matizes - Grupo Matizes - Teresina - Piau\u00ed","description":"O Grupo Matizes \u00e9 uma associa\u00e7\u00e3o civil, sem fins lucrativos, fundada em 18 de maio de 2002, cuja miss\u00e3o principal \u00e9 a defesa dos direitos de l\u00e9sbicas, gays, bissexuais, travestis e transexuais (LGBT+). \u00c9 filiado ao Movimento Nacional de Direitos Humanos e ao F\u00f3rum de ONGs\/AIDS do Piau\u00ed. Reconhecido como entidade de utilidade p\u00fablica pela Lei Estadual n\u00ba 5811, de 27 de novembro de 2008. Atualmente, integra os seguintes \u00f3rg\u00e3os colegiados: Conselho Estadual de Defesa dos Direitos Humanos, Conselho Estadual de Direitos de LGBT, Conselho Municipal de Direitos de LGBT e o F\u00f3rum Municipal de Educa\u00e7\u00e3o.O Matizes \u00e9 signat\u00e1rio de algumas representa\u00e7\u00f5es de repercuss\u00e3o geral,","robots":{"index":"index","follow":"follow","max-snippet":"max-snippet:-1","max-image-preview":"max-image-preview:large","max-video-preview":"max-video-preview:-1"},"canonical":"https:\/\/matizes.org.br\/site\/vozes-potentes-iniciativa-da-onu-brasil-homenageia-ativista-do-grupo-matizes\/","og_locale":"pt_BR","og_type":"article","og_title":"Vozes Potentes, iniciativa da ONU\/Brasil, homenageia ativista do Grupo Matizes - Grupo Matizes - Teresina - Piau\u00ed","og_description":"O Grupo Matizes \u00e9 uma associa\u00e7\u00e3o civil, sem fins lucrativos, fundada em 18 de maio de 2002, cuja miss\u00e3o principal \u00e9 a defesa dos direitos de l\u00e9sbicas, gays, bissexuais, travestis e transexuais (LGBT+). \u00c9 filiado ao Movimento Nacional de Direitos Humanos e ao F\u00f3rum de ONGs\/AIDS do Piau\u00ed. Reconhecido como entidade de utilidade p\u00fablica pela Lei Estadual n\u00ba 5811, de 27 de novembro de 2008. Atualmente, integra os seguintes \u00f3rg\u00e3os colegiados: Conselho Estadual de Defesa dos Direitos Humanos, Conselho Estadual de Direitos de LGBT, Conselho Municipal de Direitos de LGBT e o F\u00f3rum Municipal de Educa\u00e7\u00e3o.O Matizes \u00e9 signat\u00e1rio de algumas representa\u00e7\u00f5es de repercuss\u00e3o geral,","og_url":"https:\/\/matizes.org.br\/site\/vozes-potentes-iniciativa-da-onu-brasil-homenageia-ativista-do-grupo-matizes\/","og_site_name":"Grupo Matizes - Teresina - Piau\u00ed","article_publisher":"https:\/\/www.facebook.com\/grupomatizes\/","article_published_time":"2021-09-05T13:17:00+00:00","article_modified_time":"2021-10-18T19:10:03+00:00","og_image":[{"width":800,"height":532,"url":"https:\/\/matizes.org.br\/site\/wp-content\/uploads\/2021\/09\/marinalva.jpg","type":"image\/jpeg"}],"author":"rogerbezerra","twitter_card":"summary_large_image","twitter_misc":{"Escrito por":"rogerbezerra","Est. tempo de leitura":"2 minutos"},"schema":{"@context":"https:\/\/schema.org","@graph":[{"@type":"Article","@id":"https:\/\/matizes.org.br\/site\/vozes-potentes-iniciativa-da-onu-brasil-homenageia-ativista-do-grupo-matizes\/#article","isPartOf":{"@id":"https:\/\/matizes.org.br\/site\/vozes-potentes-iniciativa-da-onu-brasil-homenageia-ativista-do-grupo-matizes\/"},"author":{"name":"rogerbezerra","@id":"https:\/\/matizes.org.br\/site\/#\/schema\/person\/b180ff8f72671ef58b7956eb5b573753"},"headline":"Vozes Potentes, iniciativa da ONU\/Brasil, homenageia ativista do Grupo Matizes","datePublished":"2021-09-05T13:17:00+00:00","dateModified":"2021-10-18T19:10:03+00:00","mainEntityOfPage":{"@id":"https:\/\/matizes.org.br\/site\/vozes-potentes-iniciativa-da-onu-brasil-homenageia-ativista-do-grupo-matizes\/"},"wordCount":347,"commentCount":0,"publisher":{"@id":"https:\/\/matizes.org.br\/site\/#organization"},"image":{"@id":"https:\/\/matizes.org.br\/site\/vozes-potentes-iniciativa-da-onu-brasil-homenageia-ativista-do-grupo-matizes\/#primaryimage"},"thumbnailUrl":"https:\/\/matizes.org.br\/site\/wp-content\/uploads\/2021\/09\/marinalva.jpg","articleSection":["Not\u00edcias"],"inLanguage":"pt-BR","potentialAction":[{"@type":"CommentAction","name":"Comment","target":["https:\/\/matizes.org.br\/site\/vozes-potentes-iniciativa-da-onu-brasil-homenageia-ativista-do-grupo-matizes\/#respond"]}]},{"@type":"WebPage","@id":"https:\/\/matizes.org.br\/site\/vozes-potentes-iniciativa-da-onu-brasil-homenageia-ativista-do-grupo-matizes\/","url":"https:\/\/matizes.org.br\/site\/vozes-potentes-iniciativa-da-onu-brasil-homenageia-ativista-do-grupo-matizes\/","name":"Vozes Potentes, iniciativa da ONU\/Brasil, homenageia ativista do Grupo Matizes - Grupo Matizes - Teresina - Piau\u00ed","isPartOf":{"@id":"https:\/\/matizes.org.br\/site\/#website"},"primaryImageOfPage":{"@id":"https:\/\/matizes.org.br\/site\/vozes-potentes-iniciativa-da-onu-brasil-homenageia-ativista-do-grupo-matizes\/#primaryimage"},"image":{"@id":"https:\/\/matizes.org.br\/site\/vozes-potentes-iniciativa-da-onu-brasil-homenageia-ativista-do-grupo-matizes\/#primaryimage"},"thumbnailUrl":"https:\/\/matizes.org.br\/site\/wp-content\/uploads\/2021\/09\/marinalva.jpg","datePublished":"2021-09-05T13:17:00+00:00","dateModified":"2021-10-18T19:10:03+00:00","description":"O Grupo Matizes \u00e9 uma associa\u00e7\u00e3o civil, sem fins lucrativos, fundada em 18 de maio de 2002, cuja miss\u00e3o principal \u00e9 a defesa dos direitos de l\u00e9sbicas, gays, bissexuais, travestis e transexuais (LGBT+). \u00c9 filiado ao Movimento Nacional de Direitos Humanos e ao F\u00f3rum de ONGs\/AIDS do Piau\u00ed. Reconhecido como entidade de utilidade p\u00fablica pela Lei Estadual n\u00ba 5811, de 27 de novembro de 2008. Atualmente, integra os seguintes \u00f3rg\u00e3os colegiados: Conselho Estadual de Defesa dos Direitos Humanos, Conselho Estadual de Direitos de LGBT, Conselho Municipal de Direitos de LGBT e o F\u00f3rum Municipal de Educa\u00e7\u00e3o.O Matizes \u00e9 signat\u00e1rio de algumas representa\u00e7\u00f5es de repercuss\u00e3o geral,","breadcrumb":{"@id":"https:\/\/matizes.org.br\/site\/vozes-potentes-iniciativa-da-onu-brasil-homenageia-ativista-do-grupo-matizes\/#breadcrumb"},"inLanguage":"pt-BR","potentialAction":[{"@type":"ReadAction","target":["https:\/\/matizes.org.br\/site\/vozes-potentes-iniciativa-da-onu-brasil-homenageia-ativista-do-grupo-matizes\/"]}]},{"@type":"ImageObject","inLanguage":"pt-BR","@id":"https:\/\/matizes.org.br\/site\/vozes-potentes-iniciativa-da-onu-brasil-homenageia-ativista-do-grupo-matizes\/#primaryimage","url":"https:\/\/matizes.org.br\/site\/wp-content\/uploads\/2021\/09\/marinalva.jpg","contentUrl":"https:\/\/matizes.org.br\/site\/wp-content\/uploads\/2021\/09\/marinalva.jpg","width":800,"height":532,"caption":"Marinalva Santana"},{"@type":"BreadcrumbList","@id":"https:\/\/matizes.org.br\/site\/vozes-potentes-iniciativa-da-onu-brasil-homenageia-ativista-do-grupo-matizes\/#breadcrumb","itemListElement":[{"@type":"ListItem","position":1,"name":"In\u00edcio","item":"https:\/\/matizes.org.br\/site\/"},{"@type":"ListItem","position":2,"name":"Vozes Potentes, iniciativa da ONU\/Brasil, homenageia ativista do Grupo Matizes"}]},{"@type":"WebSite","@id":"https:\/\/matizes.org.br\/site\/#website","url":"https:\/\/matizes.org.br\/site\/","name":"Grupo Matizes - Teresina - Piau\u00ed","description":"Pela livre express\u00e3o sexual","publisher":{"@id":"https:\/\/matizes.org.br\/site\/#organization"},"potentialAction":[{"@type":"SearchAction","target":{"@type":"EntryPoint","urlTemplate":"https:\/\/matizes.org.br\/site\/?s={search_term_string}"},"query-input":{"@type":"PropertyValueSpecification","valueRequired":true,"valueName":"search_term_string"}}],"inLanguage":"pt-BR"},{"@type":"Organization","@id":"https:\/\/matizes.org.br\/site\/#organization","name":"Grupo Matizes - Pela livre express\u00e3o sexual","url":"https:\/\/matizes.org.br\/site\/","logo":{"@type":"ImageObject","inLanguage":"pt-BR","@id":"https:\/\/matizes.org.br\/site\/#\/schema\/logo\/image\/","url":"https:\/\/matizes.org.br\/site\/wp-content\/uploads\/2021\/10\/matizes-logo-site.png","contentUrl":"https:\/\/matizes.org.br\/site\/wp-content\/uploads\/2021\/10\/matizes-logo-site.png","width":460,"height":123,"caption":"Grupo Matizes - Pela livre express\u00e3o sexual"},"image":{"@id":"https:\/\/matizes.org.br\/site\/#\/schema\/logo\/image\/"},"sameAs":["https:\/\/www.facebook.com\/grupomatizes\/","https:\/\/www.instagram.com\/matizesteresina\/","https:\/\/www.youtube.com\/user\/matizes1000\/videos"]},{"@type":"Person","@id":"https:\/\/matizes.org.br\/site\/#\/schema\/person\/b180ff8f72671ef58b7956eb5b573753","name":"rogerbezerra","image":{"@type":"ImageObject","inLanguage":"pt-BR","@id":"https:\/\/matizes.org.br\/site\/#\/schema\/person\/image\/","url":"https:\/\/secure.gravatar.com\/avatar\/3d1043775cda1d91d725491548f9b3a0909638e5fcbd418ee6b285ebfaa2ae59?s=96&d=mm&r=g","contentUrl":"https:\/\/secure.gravatar.com\/avatar\/3d1043775cda1d91d725491548f9b3a0909638e5fcbd418ee6b285ebfaa2ae59?s=96&d=mm&r=g","caption":"rogerbezerra"},"sameAs":["http:\/\/matizes.org.br\/site"]}]}},"_links":{"self":[{"href":"https:\/\/matizes.org.br\/site\/wp-json\/wp\/v2\/posts\/502","targetHints":{"allow":["GET"]}}],"collection":[{"href":"https:\/\/matizes.org.br\/site\/wp-json\/wp\/v2\/posts"}],"about":[{"href":"https:\/\/matizes.org.br\/site\/wp-json\/wp\/v2\/types\/post"}],"author":[{"embeddable":true,"href":"https:\/\/matizes.org.br\/site\/wp-json\/wp\/v2\/users\/1"}],"replies":[{"embeddable":true,"href":"https:\/\/matizes.org.br\/site\/wp-json\/wp\/v2\/comments?post=502"}],"version-history":[{"count":1,"href":"https:\/\/matizes.org.br\/site\/wp-json\/wp\/v2\/posts\/502\/revisions"}],"predecessor-version":[{"id":504,"href":"https:\/\/matizes.org.br\/site\/wp-json\/wp\/v2\/posts\/502\/revisions\/504"}],"wp:featuredmedia":[{"embeddable":true,"href":"https:\/\/matizes.org.br\/site\/wp-json\/wp\/v2\/media\/702"}],"wp:attachment":[{"href":"https:\/\/matizes.org.br\/site\/wp-json\/wp\/v2\/media?parent=502"}],"wp:term":[{"taxonomy":"category","embeddable":true,"href":"https:\/\/matizes.org.br\/site\/wp-json\/wp\/v2\/categories?post=502"},{"taxonomy":"post_tag","embeddable":true,"href":"https:\/\/matizes.org.br\/site\/wp-json\/wp\/v2\/tags?post=502"}],"curies":[{"name":"wp","href":"https:\/\/api.w.org\/{rel}","templated":true}]}}