{"id":967,"date":"2022-04-05T16:20:02","date_gmt":"2022-04-05T19:20:02","guid":{"rendered":"https:\/\/matizes.org.br\/site\/?p=967"},"modified":"2022-04-05T16:21:05","modified_gmt":"2022-04-05T19:21:05","slug":"matizes-realiza-oficina-de-empregabilidade-para-a-comunidade-lgbtqia-nesta-quinta-7","status":"publish","type":"post","link":"https:\/\/matizes.org.br\/site\/matizes-realiza-oficina-de-empregabilidade-para-a-comunidade-lgbtqia-nesta-quinta-7\/","title":{"rendered":"Matizes realiza oficina de empregabilidade para a comunidade LGBTQIA+ nesta quinta (7)"},"content":{"rendered":"\n<p>O Grupo Matizes, que atua na defesa dos direitos da popula\u00e7\u00e3o LGBTQIA+, realiza, na pr\u00f3xima quinta-feira (7), uma oficina sobre empregabilidade, visando orientar pessoas LGBTQA+ na busca por um lugar no mercado de trabalho. O evento \u00e9 aberto ao p\u00fablico e acontecer\u00e1 \u00e0s 14h30, no Memorial Esperan\u00e7a Garcia, situado na Av. Miguel Rosa, 3400 &#8211; Centro Sul.<\/p>\n\n\n\n<p>A oficina ser\u00e1 ministrada pela consultora e mentora de Recursos Humanos, especialista em Gest\u00e3o de Pessoas, Thalita Barbosa. Dentre os assuntos, ser\u00e1 abordado como montar um curr\u00edculo e como se portar em uma entrevista de emprego. &#8220;Ser\u00e1 uma oportunidade valiosa para tirar d\u00favidas e se preparar melhor para as oportunidades de trabalho&#8221;, frisa a consultora.<\/p>\n\n\n\n<p>Al\u00e9m de eventos de reuni\u00f5es com a classe pol\u00edtica e empresarial por mais diversidade nas empresas, o Matizes tamb\u00e9m tem buscado parcerias pela capacita\u00e7\u00e3o do p\u00fablico LGBTQIA+ em diversas \u00e1reas de atua\u00e7\u00e3o profissional.<\/p>\n\n\n\n<p>&#8220;Lan\u00e7amos essa oficina a pedido de pessoas da comunidade que querem se preparar para conseguir uma vaga em empresas que d\u00e3o oportunidade ao nosso p\u00fablico&#8221;, explica a vice-coordenadora do Matizes, Marinalva Santana. &#8220;Atualmente, temos trabalhado pela empregabilidade de pessoas LGBTQIA+, dialogando com empresas e outras entidades para a sensibiliza\u00e7\u00e3o sobre a diversidade e inclus\u00e3o em seus times&#8221;, completa.<\/p>\n","protected":false},"excerpt":{"rendered":"<p>O Grupo Matizes, que atua na defesa dos direitos da popula\u00e7\u00e3o LGBTQIA+, realiza, na pr\u00f3xima quinta-feira (7), uma oficina sobre empregabilidade, visando orientar pessoas LGBTQA+ na busca por um lugar no mercado de trabalho. O evento \u00e9 aberto ao p\u00fablico e acontecer\u00e1 \u00e0s 14h30, no Memorial Esperan\u00e7a Garcia, situado na Av. Miguel Rosa, 3400 &#8211; [&hellip;]<\/p>\n","protected":false},"author":2,"featured_media":970,"comment_status":"open","ping_status":"open","sticky":false,"template":"","format":"standard","meta":{"footnotes":""},"categories":[1],"tags":[],"class_list":["post-967","post","type-post","status-publish","format-standard","has-post-thumbnail","hentry","category-noticias"],"yoast_head":"<!-- This site is optimized with the Yoast SEO plugin v27.1.1 - https:\/\/yoast.com\/product\/yoast-seo-wordpress\/ -->\n<title>Matizes realiza oficina de empregabilidade para a comunidade LGBTQIA+ nesta quinta (7) - Grupo Matizes - Teresina - Piau\u00ed<\/title>\n<meta name=\"description\" content=\"O Grupo Matizes \u00e9 uma associa\u00e7\u00e3o civil, sem fins lucrativos, fundada em 18 de maio de 2002, cuja miss\u00e3o principal \u00e9 a defesa dos direitos de l\u00e9sbicas, gays, bissexuais, travestis e transexuais (LGBT+). \u00c9 filiado ao Movimento Nacional de Direitos Humanos e ao F\u00f3rum de ONGs\/AIDS do Piau\u00ed. Reconhecido como entidade de utilidade p\u00fablica pela Lei Estadual n\u00ba 5811, de 27 de novembro de 2008. Atualmente, integra os seguintes \u00f3rg\u00e3os colegiados: Conselho Estadual de Defesa dos Direitos Humanos, Conselho Estadual de Direitos de LGBT, Conselho Municipal de Direitos de LGBT e o F\u00f3rum Municipal de Educa\u00e7\u00e3o.O Matizes \u00e9 signat\u00e1rio de algumas representa\u00e7\u00f5es de repercuss\u00e3o geral,\" \/>\n<meta name=\"robots\" content=\"index, follow, max-snippet:-1, max-image-preview:large, max-video-preview:-1\" \/>\n<link rel=\"canonical\" href=\"https:\/\/matizes.org.br\/site\/matizes-realiza-oficina-de-empregabilidade-para-a-comunidade-lgbtqia-nesta-quinta-7\/\" \/>\n<meta property=\"og:locale\" content=\"pt_BR\" \/>\n<meta property=\"og:type\" content=\"article\" \/>\n<meta property=\"og:title\" content=\"Matizes realiza oficina de empregabilidade para a comunidade LGBTQIA+ nesta quinta (7) - Grupo Matizes - Teresina - Piau\u00ed\" \/>\n<meta property=\"og:description\" content=\"O Grupo Matizes \u00e9 uma associa\u00e7\u00e3o civil, sem fins lucrativos, fundada em 18 de maio de 2002, cuja miss\u00e3o principal \u00e9 a defesa dos direitos de l\u00e9sbicas, gays, bissexuais, travestis e transexuais (LGBT+). \u00c9 filiado ao Movimento Nacional de Direitos Humanos e ao F\u00f3rum de ONGs\/AIDS do Piau\u00ed. Reconhecido como entidade de utilidade p\u00fablica pela Lei Estadual n\u00ba 5811, de 27 de novembro de 2008. Atualmente, integra os seguintes \u00f3rg\u00e3os colegiados: Conselho Estadual de Defesa dos Direitos Humanos, Conselho Estadual de Direitos de LGBT, Conselho Municipal de Direitos de LGBT e o F\u00f3rum Municipal de Educa\u00e7\u00e3o.O Matizes \u00e9 signat\u00e1rio de algumas representa\u00e7\u00f5es de repercuss\u00e3o geral,\" \/>\n<meta property=\"og:url\" content=\"https:\/\/matizes.org.br\/site\/matizes-realiza-oficina-de-empregabilidade-para-a-comunidade-lgbtqia-nesta-quinta-7\/\" \/>\n<meta property=\"og:site_name\" content=\"Grupo Matizes - Teresina - Piau\u00ed\" \/>\n<meta property=\"article:publisher\" content=\"https:\/\/www.facebook.com\/grupomatizes\/\" \/>\n<meta property=\"article:published_time\" content=\"2022-04-05T19:20:02+00:00\" \/>\n<meta property=\"article:modified_time\" content=\"2022-04-05T19:21:05+00:00\" \/>\n<meta property=\"og:image\" content=\"https:\/\/matizes.org.br\/site\/wp-content\/uploads\/2022\/04\/OFICINA-EMPREGABILIDADE.png\" \/>\n\t<meta property=\"og:image:width\" content=\"900\" \/>\n\t<meta property=\"og:image:height\" content=\"900\" \/>\n\t<meta property=\"og:image:type\" content=\"image\/png\" \/>\n<meta name=\"author\" content=\"Assessoria Matizes\" \/>\n<meta name=\"twitter:card\" content=\"summary_large_image\" \/>\n<meta name=\"twitter:label1\" content=\"Escrito por\" \/>\n\t<meta name=\"twitter:data1\" content=\"Assessoria Matizes\" \/>\n\t<meta name=\"twitter:label2\" content=\"Est. tempo de leitura\" \/>\n\t<meta name=\"twitter:data2\" content=\"2 minutos\" \/>\n<script type=\"application\/ld+json\" class=\"yoast-schema-graph\">{\"@context\":\"https:\/\/schema.org\",\"@graph\":[{\"@type\":\"Article\",\"@id\":\"https:\/\/matizes.org.br\/site\/matizes-realiza-oficina-de-empregabilidade-para-a-comunidade-lgbtqia-nesta-quinta-7\/#article\",\"isPartOf\":{\"@id\":\"https:\/\/matizes.org.br\/site\/matizes-realiza-oficina-de-empregabilidade-para-a-comunidade-lgbtqia-nesta-quinta-7\/\"},\"author\":{\"name\":\"Assessoria Matizes\",\"@id\":\"https:\/\/matizes.org.br\/site\/#\/schema\/person\/b95a3086d870683e99ecb340cd79118e\"},\"headline\":\"Matizes realiza oficina de empregabilidade para a comunidade LGBTQIA+ nesta quinta (7)\",\"datePublished\":\"2022-04-05T19:20:02+00:00\",\"dateModified\":\"2022-04-05T19:21:05+00:00\",\"mainEntityOfPage\":{\"@id\":\"https:\/\/matizes.org.br\/site\/matizes-realiza-oficina-de-empregabilidade-para-a-comunidade-lgbtqia-nesta-quinta-7\/\"},\"wordCount\":230,\"commentCount\":0,\"publisher\":{\"@id\":\"https:\/\/matizes.org.br\/site\/#organization\"},\"image\":{\"@id\":\"https:\/\/matizes.org.br\/site\/matizes-realiza-oficina-de-empregabilidade-para-a-comunidade-lgbtqia-nesta-quinta-7\/#primaryimage\"},\"thumbnailUrl\":\"https:\/\/matizes.org.br\/site\/wp-content\/uploads\/2022\/04\/OFICINA-EMPREGABILIDADE.png\",\"articleSection\":[\"Not\u00edcias\"],\"inLanguage\":\"pt-BR\",\"potentialAction\":[{\"@type\":\"CommentAction\",\"name\":\"Comment\",\"target\":[\"https:\/\/matizes.org.br\/site\/matizes-realiza-oficina-de-empregabilidade-para-a-comunidade-lgbtqia-nesta-quinta-7\/#respond\"]}]},{\"@type\":\"WebPage\",\"@id\":\"https:\/\/matizes.org.br\/site\/matizes-realiza-oficina-de-empregabilidade-para-a-comunidade-lgbtqia-nesta-quinta-7\/\",\"url\":\"https:\/\/matizes.org.br\/site\/matizes-realiza-oficina-de-empregabilidade-para-a-comunidade-lgbtqia-nesta-quinta-7\/\",\"name\":\"Matizes realiza oficina de empregabilidade para a comunidade LGBTQIA+ nesta quinta (7) - Grupo Matizes - Teresina - Piau\u00ed\",\"isPartOf\":{\"@id\":\"https:\/\/matizes.org.br\/site\/#website\"},\"primaryImageOfPage\":{\"@id\":\"https:\/\/matizes.org.br\/site\/matizes-realiza-oficina-de-empregabilidade-para-a-comunidade-lgbtqia-nesta-quinta-7\/#primaryimage\"},\"image\":{\"@id\":\"https:\/\/matizes.org.br\/site\/matizes-realiza-oficina-de-empregabilidade-para-a-comunidade-lgbtqia-nesta-quinta-7\/#primaryimage\"},\"thumbnailUrl\":\"https:\/\/matizes.org.br\/site\/wp-content\/uploads\/2022\/04\/OFICINA-EMPREGABILIDADE.png\",\"datePublished\":\"2022-04-05T19:20:02+00:00\",\"dateModified\":\"2022-04-05T19:21:05+00:00\",\"description\":\"O Grupo Matizes \u00e9 uma associa\u00e7\u00e3o civil, sem fins lucrativos, fundada em 18 de maio de 2002, cuja miss\u00e3o principal \u00e9 a defesa dos direitos de l\u00e9sbicas, gays, bissexuais, travestis e transexuais (LGBT+). \u00c9 filiado ao Movimento Nacional de Direitos Humanos e ao F\u00f3rum de ONGs\/AIDS do Piau\u00ed. Reconhecido como entidade de utilidade p\u00fablica pela Lei Estadual n\u00ba 5811, de 27 de novembro de 2008. Atualmente, integra os seguintes \u00f3rg\u00e3os colegiados: Conselho Estadual de Defesa dos Direitos Humanos, Conselho Estadual de Direitos de LGBT, Conselho Municipal de Direitos de LGBT e o F\u00f3rum Municipal de Educa\u00e7\u00e3o.O Matizes \u00e9 signat\u00e1rio de algumas representa\u00e7\u00f5es de repercuss\u00e3o geral,\",\"breadcrumb\":{\"@id\":\"https:\/\/matizes.org.br\/site\/matizes-realiza-oficina-de-empregabilidade-para-a-comunidade-lgbtqia-nesta-quinta-7\/#breadcrumb\"},\"inLanguage\":\"pt-BR\",\"potentialAction\":[{\"@type\":\"ReadAction\",\"target\":[\"https:\/\/matizes.org.br\/site\/matizes-realiza-oficina-de-empregabilidade-para-a-comunidade-lgbtqia-nesta-quinta-7\/\"]}]},{\"@type\":\"ImageObject\",\"inLanguage\":\"pt-BR\",\"@id\":\"https:\/\/matizes.org.br\/site\/matizes-realiza-oficina-de-empregabilidade-para-a-comunidade-lgbtqia-nesta-quinta-7\/#primaryimage\",\"url\":\"https:\/\/matizes.org.br\/site\/wp-content\/uploads\/2022\/04\/OFICINA-EMPREGABILIDADE.png\",\"contentUrl\":\"https:\/\/matizes.org.br\/site\/wp-content\/uploads\/2022\/04\/OFICINA-EMPREGABILIDADE.png\",\"width\":900,\"height\":900},{\"@type\":\"BreadcrumbList\",\"@id\":\"https:\/\/matizes.org.br\/site\/matizes-realiza-oficina-de-empregabilidade-para-a-comunidade-lgbtqia-nesta-quinta-7\/#breadcrumb\",\"itemListElement\":[{\"@type\":\"ListItem\",\"position\":1,\"name\":\"In\u00edcio\",\"item\":\"https:\/\/matizes.org.br\/site\/\"},{\"@type\":\"ListItem\",\"position\":2,\"name\":\"Matizes realiza oficina de empregabilidade para a comunidade LGBTQIA+ nesta quinta (7)\"}]},{\"@type\":\"WebSite\",\"@id\":\"https:\/\/matizes.org.br\/site\/#website\",\"url\":\"https:\/\/matizes.org.br\/site\/\",\"name\":\"Grupo Matizes - Teresina - Piau\u00ed\",\"description\":\"Pela livre express\u00e3o sexual\",\"publisher\":{\"@id\":\"https:\/\/matizes.org.br\/site\/#organization\"},\"potentialAction\":[{\"@type\":\"SearchAction\",\"target\":{\"@type\":\"EntryPoint\",\"urlTemplate\":\"https:\/\/matizes.org.br\/site\/?s={search_term_string}\"},\"query-input\":{\"@type\":\"PropertyValueSpecification\",\"valueRequired\":true,\"valueName\":\"search_term_string\"}}],\"inLanguage\":\"pt-BR\"},{\"@type\":\"Organization\",\"@id\":\"https:\/\/matizes.org.br\/site\/#organization\",\"name\":\"Grupo Matizes - Pela livre express\u00e3o sexual\",\"url\":\"https:\/\/matizes.org.br\/site\/\",\"logo\":{\"@type\":\"ImageObject\",\"inLanguage\":\"pt-BR\",\"@id\":\"https:\/\/matizes.org.br\/site\/#\/schema\/logo\/image\/\",\"url\":\"https:\/\/matizes.org.br\/site\/wp-content\/uploads\/2021\/10\/matizes-logo-site.png\",\"contentUrl\":\"https:\/\/matizes.org.br\/site\/wp-content\/uploads\/2021\/10\/matizes-logo-site.png\",\"width\":460,\"height\":123,\"caption\":\"Grupo Matizes - Pela livre express\u00e3o sexual\"},\"image\":{\"@id\":\"https:\/\/matizes.org.br\/site\/#\/schema\/logo\/image\/\"},\"sameAs\":[\"https:\/\/www.facebook.com\/grupomatizes\/\",\"https:\/\/www.instagram.com\/matizesteresina\/\",\"https:\/\/www.youtube.com\/user\/matizes1000\/videos\"]},{\"@type\":\"Person\",\"@id\":\"https:\/\/matizes.org.br\/site\/#\/schema\/person\/b95a3086d870683e99ecb340cd79118e\",\"name\":\"Assessoria Matizes\",\"image\":{\"@type\":\"ImageObject\",\"inLanguage\":\"pt-BR\",\"@id\":\"https:\/\/matizes.org.br\/site\/#\/schema\/person\/image\/\",\"url\":\"https:\/\/secure.gravatar.com\/avatar\/787e5ffefea0fc2f39104448d518cc9a2501158acc4fd8746b813eae27f48921?s=96&d=mm&r=g\",\"contentUrl\":\"https:\/\/secure.gravatar.com\/avatar\/787e5ffefea0fc2f39104448d518cc9a2501158acc4fd8746b813eae27f48921?s=96&d=mm&r=g\",\"caption\":\"Assessoria Matizes\"},\"sameAs\":[\"https:\/\/matizes.org.br\"]}]}<\/script>\n<!-- \/ Yoast SEO plugin. -->","yoast_head_json":{"title":"Matizes realiza oficina de empregabilidade para a comunidade LGBTQIA+ nesta quinta (7) - Grupo Matizes - Teresina - Piau\u00ed","description":"O Grupo Matizes \u00e9 uma associa\u00e7\u00e3o civil, sem fins lucrativos, fundada em 18 de maio de 2002, cuja miss\u00e3o principal \u00e9 a defesa dos direitos de l\u00e9sbicas, gays, bissexuais, travestis e transexuais (LGBT+). \u00c9 filiado ao Movimento Nacional de Direitos Humanos e ao F\u00f3rum de ONGs\/AIDS do Piau\u00ed. Reconhecido como entidade de utilidade p\u00fablica pela Lei Estadual n\u00ba 5811, de 27 de novembro de 2008. Atualmente, integra os seguintes \u00f3rg\u00e3os colegiados: Conselho Estadual de Defesa dos Direitos Humanos, Conselho Estadual de Direitos de LGBT, Conselho Municipal de Direitos de LGBT e o F\u00f3rum Municipal de Educa\u00e7\u00e3o.O Matizes \u00e9 signat\u00e1rio de algumas representa\u00e7\u00f5es de repercuss\u00e3o geral,","robots":{"index":"index","follow":"follow","max-snippet":"max-snippet:-1","max-image-preview":"max-image-preview:large","max-video-preview":"max-video-preview:-1"},"canonical":"https:\/\/matizes.org.br\/site\/matizes-realiza-oficina-de-empregabilidade-para-a-comunidade-lgbtqia-nesta-quinta-7\/","og_locale":"pt_BR","og_type":"article","og_title":"Matizes realiza oficina de empregabilidade para a comunidade LGBTQIA+ nesta quinta (7) - Grupo Matizes - Teresina - Piau\u00ed","og_description":"O Grupo Matizes \u00e9 uma associa\u00e7\u00e3o civil, sem fins lucrativos, fundada em 18 de maio de 2002, cuja miss\u00e3o principal \u00e9 a defesa dos direitos de l\u00e9sbicas, gays, bissexuais, travestis e transexuais (LGBT+). \u00c9 filiado ao Movimento Nacional de Direitos Humanos e ao F\u00f3rum de ONGs\/AIDS do Piau\u00ed. Reconhecido como entidade de utilidade p\u00fablica pela Lei Estadual n\u00ba 5811, de 27 de novembro de 2008. Atualmente, integra os seguintes \u00f3rg\u00e3os colegiados: Conselho Estadual de Defesa dos Direitos Humanos, Conselho Estadual de Direitos de LGBT, Conselho Municipal de Direitos de LGBT e o F\u00f3rum Municipal de Educa\u00e7\u00e3o.O Matizes \u00e9 signat\u00e1rio de algumas representa\u00e7\u00f5es de repercuss\u00e3o geral,","og_url":"https:\/\/matizes.org.br\/site\/matizes-realiza-oficina-de-empregabilidade-para-a-comunidade-lgbtqia-nesta-quinta-7\/","og_site_name":"Grupo Matizes - Teresina - Piau\u00ed","article_publisher":"https:\/\/www.facebook.com\/grupomatizes\/","article_published_time":"2022-04-05T19:20:02+00:00","article_modified_time":"2022-04-05T19:21:05+00:00","og_image":[{"width":900,"height":900,"url":"https:\/\/matizes.org.br\/site\/wp-content\/uploads\/2022\/04\/OFICINA-EMPREGABILIDADE.png","type":"image\/png"}],"author":"Assessoria Matizes","twitter_card":"summary_large_image","twitter_misc":{"Escrito por":"Assessoria Matizes","Est. tempo de leitura":"2 minutos"},"schema":{"@context":"https:\/\/schema.org","@graph":[{"@type":"Article","@id":"https:\/\/matizes.org.br\/site\/matizes-realiza-oficina-de-empregabilidade-para-a-comunidade-lgbtqia-nesta-quinta-7\/#article","isPartOf":{"@id":"https:\/\/matizes.org.br\/site\/matizes-realiza-oficina-de-empregabilidade-para-a-comunidade-lgbtqia-nesta-quinta-7\/"},"author":{"name":"Assessoria Matizes","@id":"https:\/\/matizes.org.br\/site\/#\/schema\/person\/b95a3086d870683e99ecb340cd79118e"},"headline":"Matizes realiza oficina de empregabilidade para a comunidade LGBTQIA+ nesta quinta (7)","datePublished":"2022-04-05T19:20:02+00:00","dateModified":"2022-04-05T19:21:05+00:00","mainEntityOfPage":{"@id":"https:\/\/matizes.org.br\/site\/matizes-realiza-oficina-de-empregabilidade-para-a-comunidade-lgbtqia-nesta-quinta-7\/"},"wordCount":230,"commentCount":0,"publisher":{"@id":"https:\/\/matizes.org.br\/site\/#organization"},"image":{"@id":"https:\/\/matizes.org.br\/site\/matizes-realiza-oficina-de-empregabilidade-para-a-comunidade-lgbtqia-nesta-quinta-7\/#primaryimage"},"thumbnailUrl":"https:\/\/matizes.org.br\/site\/wp-content\/uploads\/2022\/04\/OFICINA-EMPREGABILIDADE.png","articleSection":["Not\u00edcias"],"inLanguage":"pt-BR","potentialAction":[{"@type":"CommentAction","name":"Comment","target":["https:\/\/matizes.org.br\/site\/matizes-realiza-oficina-de-empregabilidade-para-a-comunidade-lgbtqia-nesta-quinta-7\/#respond"]}]},{"@type":"WebPage","@id":"https:\/\/matizes.org.br\/site\/matizes-realiza-oficina-de-empregabilidade-para-a-comunidade-lgbtqia-nesta-quinta-7\/","url":"https:\/\/matizes.org.br\/site\/matizes-realiza-oficina-de-empregabilidade-para-a-comunidade-lgbtqia-nesta-quinta-7\/","name":"Matizes realiza oficina de empregabilidade para a comunidade LGBTQIA+ nesta quinta (7) - Grupo Matizes - Teresina - Piau\u00ed","isPartOf":{"@id":"https:\/\/matizes.org.br\/site\/#website"},"primaryImageOfPage":{"@id":"https:\/\/matizes.org.br\/site\/matizes-realiza-oficina-de-empregabilidade-para-a-comunidade-lgbtqia-nesta-quinta-7\/#primaryimage"},"image":{"@id":"https:\/\/matizes.org.br\/site\/matizes-realiza-oficina-de-empregabilidade-para-a-comunidade-lgbtqia-nesta-quinta-7\/#primaryimage"},"thumbnailUrl":"https:\/\/matizes.org.br\/site\/wp-content\/uploads\/2022\/04\/OFICINA-EMPREGABILIDADE.png","datePublished":"2022-04-05T19:20:02+00:00","dateModified":"2022-04-05T19:21:05+00:00","description":"O Grupo Matizes \u00e9 uma associa\u00e7\u00e3o civil, sem fins lucrativos, fundada em 18 de maio de 2002, cuja miss\u00e3o principal \u00e9 a defesa dos direitos de l\u00e9sbicas, gays, bissexuais, travestis e transexuais (LGBT+). \u00c9 filiado ao Movimento Nacional de Direitos Humanos e ao F\u00f3rum de ONGs\/AIDS do Piau\u00ed. Reconhecido como entidade de utilidade p\u00fablica pela Lei Estadual n\u00ba 5811, de 27 de novembro de 2008. Atualmente, integra os seguintes \u00f3rg\u00e3os colegiados: Conselho Estadual de Defesa dos Direitos Humanos, Conselho Estadual de Direitos de LGBT, Conselho Municipal de Direitos de LGBT e o F\u00f3rum Municipal de Educa\u00e7\u00e3o.O Matizes \u00e9 signat\u00e1rio de algumas representa\u00e7\u00f5es de repercuss\u00e3o geral,","breadcrumb":{"@id":"https:\/\/matizes.org.br\/site\/matizes-realiza-oficina-de-empregabilidade-para-a-comunidade-lgbtqia-nesta-quinta-7\/#breadcrumb"},"inLanguage":"pt-BR","potentialAction":[{"@type":"ReadAction","target":["https:\/\/matizes.org.br\/site\/matizes-realiza-oficina-de-empregabilidade-para-a-comunidade-lgbtqia-nesta-quinta-7\/"]}]},{"@type":"ImageObject","inLanguage":"pt-BR","@id":"https:\/\/matizes.org.br\/site\/matizes-realiza-oficina-de-empregabilidade-para-a-comunidade-lgbtqia-nesta-quinta-7\/#primaryimage","url":"https:\/\/matizes.org.br\/site\/wp-content\/uploads\/2022\/04\/OFICINA-EMPREGABILIDADE.png","contentUrl":"https:\/\/matizes.org.br\/site\/wp-content\/uploads\/2022\/04\/OFICINA-EMPREGABILIDADE.png","width":900,"height":900},{"@type":"BreadcrumbList","@id":"https:\/\/matizes.org.br\/site\/matizes-realiza-oficina-de-empregabilidade-para-a-comunidade-lgbtqia-nesta-quinta-7\/#breadcrumb","itemListElement":[{"@type":"ListItem","position":1,"name":"In\u00edcio","item":"https:\/\/matizes.org.br\/site\/"},{"@type":"ListItem","position":2,"name":"Matizes realiza oficina de empregabilidade para a comunidade LGBTQIA+ nesta quinta (7)"}]},{"@type":"WebSite","@id":"https:\/\/matizes.org.br\/site\/#website","url":"https:\/\/matizes.org.br\/site\/","name":"Grupo Matizes - Teresina - Piau\u00ed","description":"Pela livre express\u00e3o sexual","publisher":{"@id":"https:\/\/matizes.org.br\/site\/#organization"},"potentialAction":[{"@type":"SearchAction","target":{"@type":"EntryPoint","urlTemplate":"https:\/\/matizes.org.br\/site\/?s={search_term_string}"},"query-input":{"@type":"PropertyValueSpecification","valueRequired":true,"valueName":"search_term_string"}}],"inLanguage":"pt-BR"},{"@type":"Organization","@id":"https:\/\/matizes.org.br\/site\/#organization","name":"Grupo Matizes - Pela livre express\u00e3o sexual","url":"https:\/\/matizes.org.br\/site\/","logo":{"@type":"ImageObject","inLanguage":"pt-BR","@id":"https:\/\/matizes.org.br\/site\/#\/schema\/logo\/image\/","url":"https:\/\/matizes.org.br\/site\/wp-content\/uploads\/2021\/10\/matizes-logo-site.png","contentUrl":"https:\/\/matizes.org.br\/site\/wp-content\/uploads\/2021\/10\/matizes-logo-site.png","width":460,"height":123,"caption":"Grupo Matizes - Pela livre express\u00e3o sexual"},"image":{"@id":"https:\/\/matizes.org.br\/site\/#\/schema\/logo\/image\/"},"sameAs":["https:\/\/www.facebook.com\/grupomatizes\/","https:\/\/www.instagram.com\/matizesteresina\/","https:\/\/www.youtube.com\/user\/matizes1000\/videos"]},{"@type":"Person","@id":"https:\/\/matizes.org.br\/site\/#\/schema\/person\/b95a3086d870683e99ecb340cd79118e","name":"Assessoria Matizes","image":{"@type":"ImageObject","inLanguage":"pt-BR","@id":"https:\/\/matizes.org.br\/site\/#\/schema\/person\/image\/","url":"https:\/\/secure.gravatar.com\/avatar\/787e5ffefea0fc2f39104448d518cc9a2501158acc4fd8746b813eae27f48921?s=96&d=mm&r=g","contentUrl":"https:\/\/secure.gravatar.com\/avatar\/787e5ffefea0fc2f39104448d518cc9a2501158acc4fd8746b813eae27f48921?s=96&d=mm&r=g","caption":"Assessoria Matizes"},"sameAs":["https:\/\/matizes.org.br"]}]}},"_links":{"self":[{"href":"https:\/\/matizes.org.br\/site\/wp-json\/wp\/v2\/posts\/967","targetHints":{"allow":["GET"]}}],"collection":[{"href":"https:\/\/matizes.org.br\/site\/wp-json\/wp\/v2\/posts"}],"about":[{"href":"https:\/\/matizes.org.br\/site\/wp-json\/wp\/v2\/types\/post"}],"author":[{"embeddable":true,"href":"https:\/\/matizes.org.br\/site\/wp-json\/wp\/v2\/users\/2"}],"replies":[{"embeddable":true,"href":"https:\/\/matizes.org.br\/site\/wp-json\/wp\/v2\/comments?post=967"}],"version-history":[{"count":1,"href":"https:\/\/matizes.org.br\/site\/wp-json\/wp\/v2\/posts\/967\/revisions"}],"predecessor-version":[{"id":969,"href":"https:\/\/matizes.org.br\/site\/wp-json\/wp\/v2\/posts\/967\/revisions\/969"}],"wp:featuredmedia":[{"embeddable":true,"href":"https:\/\/matizes.org.br\/site\/wp-json\/wp\/v2\/media\/970"}],"wp:attachment":[{"href":"https:\/\/matizes.org.br\/site\/wp-json\/wp\/v2\/media?parent=967"}],"wp:term":[{"taxonomy":"category","embeddable":true,"href":"https:\/\/matizes.org.br\/site\/wp-json\/wp\/v2\/categories?post=967"},{"taxonomy":"post_tag","embeddable":true,"href":"https:\/\/matizes.org.br\/site\/wp-json\/wp\/v2\/tags?post=967"}],"curies":[{"name":"wp","href":"https:\/\/api.w.org\/{rel}","templated":true}]}}