{"id":996,"date":"2022-05-28T13:36:16","date_gmt":"2022-05-28T16:36:16","guid":{"rendered":"https:\/\/matizes.org.br\/site\/?p=996"},"modified":"2022-05-28T13:36:18","modified_gmt":"2022-05-28T16:36:18","slug":"grupo-matizes-se-reune-com-corregedoria-e-sugere-acoes-efetivas-contra-discriminacoes","status":"publish","type":"post","link":"https:\/\/matizes.org.br\/site\/grupo-matizes-se-reune-com-corregedoria-e-sugere-acoes-efetivas-contra-discriminacoes\/","title":{"rendered":"Grupo Matizes se re\u00fane com Corregedoria e sugere a\u00e7\u00f5es efetivas contra discrimina\u00e7\u00f5es"},"content":{"rendered":"\n<p><\/p>\n\n\n\n<p>O Grupo Matizes, que atua na defesa dos direitos da popula\u00e7\u00e3o LGBTQIA+, reuniu-se, nesta sexta-feira (27), com o Corregedor-Geral da Justi\u00e7a, desembargador Fernando Lopes, e o Juiz Auxiliar, Jo\u00e3o Henrique Sousa, para tratar sobre a implanta\u00e7\u00e3o de a\u00e7\u00f5es que visem ao combate da discrimina\u00e7\u00e3o no \u00e2mbito do Poder Judici\u00e1rio. A audi\u00eancia aconteceu ap\u00f3s um epis\u00f3dio de transfobia, praticado por um servidor do Tribunal de Justi\u00e7a do Piau\u00ed, ocorrido no dia 7 de maio deste ano.<\/p>\n\n\n\n<p>Durante a reuni\u00e3o, o grupo sugeriu a\u00e7\u00f5es e medidas para evitar que epis\u00f3dios como esse voltem a acontecer. Dentre as sugest\u00f5es, est\u00e3o a oferta de cursos de forma\u00e7\u00e3o e atualiza\u00e7\u00e3o para servidores(as) e magistrados(as) sobre direitos humanos e diversidades; cria\u00e7\u00e3o de comiss\u00e3o para o desenvolvimento de a\u00e7\u00f5es para o enfrentamento da LGBTfobia e promo\u00e7\u00e3o de a\u00e7\u00f5es afirmativas no \u00e2mbito do Poder Judici\u00e1rio; ado\u00e7\u00e3o de medidas efetivas no que diz respeito ao nome social de travestis e trans nos tribunais e do tratamento humanizado no sistema prisional. Al\u00e9m disso, tamb\u00e9m foram sugeridas estrat\u00e9gias na comunica\u00e7\u00e3o interna do Tribunal para a propaga\u00e7\u00e3o da igualdade e respeito \u00e0s diversidades e, tamb\u00e9m, a recomenda\u00e7\u00e3o \u00e0s empresas terceirizadas, que prestam servi\u00e7os \u00e0 Corregedoria-Geral, para que adotem medidas pol\u00edticas de inclus\u00e3o e respeitos \u00e0s diversidades nas contrata\u00e7\u00f5es.<\/p>\n\n\n\n<p>A coordenadora do Matizes, Marinalva Santana, avaliou a reuni\u00e3o como produtiva e esclarecedora. \u201cO Corregedor se mostrou bastante receptivo \u00e0s nossas proposi\u00e7\u00f5es. Asseverou que as encaminhar\u00e1 aos setores do TJ, para as provid\u00eancias necess\u00e1rias. N\u00f3s ficaremos acompanhando a tramita\u00e7\u00e3o do of\u00edcio que protocolamos com as sugest\u00f5es\u201d, frisa Marinalva Santana.<\/p>\n","protected":false},"excerpt":{"rendered":"<p>O Grupo Matizes, que atua na defesa dos direitos da popula\u00e7\u00e3o LGBTQIA+, reuniu-se, nesta sexta-feira (27), com o Corregedor-Geral da Justi\u00e7a, desembargador Fernando Lopes, e o Juiz Auxiliar, Jo\u00e3o Henrique Sousa, para tratar sobre a implanta\u00e7\u00e3o de a\u00e7\u00f5es que visem ao combate da discrimina\u00e7\u00e3o no \u00e2mbito do Poder Judici\u00e1rio. A audi\u00eancia aconteceu ap\u00f3s um epis\u00f3dio [&hellip;]<\/p>\n","protected":false},"author":2,"featured_media":999,"comment_status":"open","ping_status":"open","sticky":false,"template":"","format":"standard","meta":{"footnotes":""},"categories":[1],"tags":[],"class_list":["post-996","post","type-post","status-publish","format-standard","has-post-thumbnail","hentry","category-noticias"],"yoast_head":"<!-- This site is optimized with the Yoast SEO plugin v27.1.1 - https:\/\/yoast.com\/product\/yoast-seo-wordpress\/ -->\n<title>Grupo Matizes se re\u00fane com Corregedoria e sugere a\u00e7\u00f5es efetivas contra discrimina\u00e7\u00f5es - Grupo Matizes - Teresina - Piau\u00ed<\/title>\n<meta name=\"description\" content=\"O Grupo Matizes \u00e9 uma associa\u00e7\u00e3o civil, sem fins lucrativos, fundada em 18 de maio de 2002, cuja miss\u00e3o principal \u00e9 a defesa dos direitos de l\u00e9sbicas, gays, bissexuais, travestis e transexuais (LGBT+). \u00c9 filiado ao Movimento Nacional de Direitos Humanos e ao F\u00f3rum de ONGs\/AIDS do Piau\u00ed. Reconhecido como entidade de utilidade p\u00fablica pela Lei Estadual n\u00ba 5811, de 27 de novembro de 2008. Atualmente, integra os seguintes \u00f3rg\u00e3os colegiados: Conselho Estadual de Defesa dos Direitos Humanos, Conselho Estadual de Direitos de LGBT, Conselho Municipal de Direitos de LGBT e o F\u00f3rum Municipal de Educa\u00e7\u00e3o.O Matizes \u00e9 signat\u00e1rio de algumas representa\u00e7\u00f5es de repercuss\u00e3o geral,\" \/>\n<meta name=\"robots\" content=\"index, follow, max-snippet:-1, max-image-preview:large, max-video-preview:-1\" \/>\n<link rel=\"canonical\" href=\"https:\/\/matizes.org.br\/site\/grupo-matizes-se-reune-com-corregedoria-e-sugere-acoes-efetivas-contra-discriminacoes\/\" \/>\n<meta property=\"og:locale\" content=\"pt_BR\" \/>\n<meta property=\"og:type\" content=\"article\" \/>\n<meta property=\"og:title\" content=\"Grupo Matizes se re\u00fane com Corregedoria e sugere a\u00e7\u00f5es efetivas contra discrimina\u00e7\u00f5es - Grupo Matizes - Teresina - Piau\u00ed\" \/>\n<meta property=\"og:description\" content=\"O Grupo Matizes \u00e9 uma associa\u00e7\u00e3o civil, sem fins lucrativos, fundada em 18 de maio de 2002, cuja miss\u00e3o principal \u00e9 a defesa dos direitos de l\u00e9sbicas, gays, bissexuais, travestis e transexuais (LGBT+). \u00c9 filiado ao Movimento Nacional de Direitos Humanos e ao F\u00f3rum de ONGs\/AIDS do Piau\u00ed. Reconhecido como entidade de utilidade p\u00fablica pela Lei Estadual n\u00ba 5811, de 27 de novembro de 2008. Atualmente, integra os seguintes \u00f3rg\u00e3os colegiados: Conselho Estadual de Defesa dos Direitos Humanos, Conselho Estadual de Direitos de LGBT, Conselho Municipal de Direitos de LGBT e o F\u00f3rum Municipal de Educa\u00e7\u00e3o.O Matizes \u00e9 signat\u00e1rio de algumas representa\u00e7\u00f5es de repercuss\u00e3o geral,\" \/>\n<meta property=\"og:url\" content=\"https:\/\/matizes.org.br\/site\/grupo-matizes-se-reune-com-corregedoria-e-sugere-acoes-efetivas-contra-discriminacoes\/\" \/>\n<meta property=\"og:site_name\" content=\"Grupo Matizes - Teresina - Piau\u00ed\" \/>\n<meta property=\"article:publisher\" content=\"https:\/\/www.facebook.com\/grupomatizes\/\" \/>\n<meta property=\"article:published_time\" content=\"2022-05-28T16:36:16+00:00\" \/>\n<meta property=\"article:modified_time\" content=\"2022-05-28T16:36:18+00:00\" \/>\n<meta property=\"og:image\" content=\"https:\/\/matizes.org.br\/site\/wp-content\/uploads\/2022\/05\/Advogada-do-Matizes-Carmen-Riberio-Desembargador-Fernando-Lopes-Juiz-Auxiliar-Joao-Henrique-Sousa-e-Vice-coordenadora-do-Matizes-Marinalva-Santana-1.jpeg\" \/>\n\t<meta property=\"og:image:width\" content=\"800\" \/>\n\t<meta property=\"og:image:height\" content=\"600\" \/>\n\t<meta property=\"og:image:type\" content=\"image\/jpeg\" \/>\n<meta name=\"author\" content=\"Assessoria Matizes\" \/>\n<meta name=\"twitter:card\" content=\"summary_large_image\" \/>\n<meta name=\"twitter:label1\" content=\"Escrito por\" \/>\n\t<meta name=\"twitter:data1\" content=\"Assessoria Matizes\" \/>\n\t<meta name=\"twitter:label2\" content=\"Est. tempo de leitura\" \/>\n\t<meta name=\"twitter:data2\" content=\"2 minutos\" \/>\n<script type=\"application\/ld+json\" class=\"yoast-schema-graph\">{\"@context\":\"https:\/\/schema.org\",\"@graph\":[{\"@type\":\"Article\",\"@id\":\"https:\/\/matizes.org.br\/site\/grupo-matizes-se-reune-com-corregedoria-e-sugere-acoes-efetivas-contra-discriminacoes\/#article\",\"isPartOf\":{\"@id\":\"https:\/\/matizes.org.br\/site\/grupo-matizes-se-reune-com-corregedoria-e-sugere-acoes-efetivas-contra-discriminacoes\/\"},\"author\":{\"name\":\"Assessoria Matizes\",\"@id\":\"https:\/\/matizes.org.br\/site\/#\/schema\/person\/b95a3086d870683e99ecb340cd79118e\"},\"headline\":\"Grupo Matizes se re\u00fane com Corregedoria e sugere a\u00e7\u00f5es efetivas contra discrimina\u00e7\u00f5es\",\"datePublished\":\"2022-05-28T16:36:16+00:00\",\"dateModified\":\"2022-05-28T16:36:18+00:00\",\"mainEntityOfPage\":{\"@id\":\"https:\/\/matizes.org.br\/site\/grupo-matizes-se-reune-com-corregedoria-e-sugere-acoes-efetivas-contra-discriminacoes\/\"},\"wordCount\":313,\"commentCount\":0,\"publisher\":{\"@id\":\"https:\/\/matizes.org.br\/site\/#organization\"},\"image\":{\"@id\":\"https:\/\/matizes.org.br\/site\/grupo-matizes-se-reune-com-corregedoria-e-sugere-acoes-efetivas-contra-discriminacoes\/#primaryimage\"},\"thumbnailUrl\":\"https:\/\/matizes.org.br\/site\/wp-content\/uploads\/2022\/05\/Advogada-do-Matizes-Carmen-Riberio-Desembargador-Fernando-Lopes-Juiz-Auxiliar-Joao-Henrique-Sousa-e-Vice-coordenadora-do-Matizes-Marinalva-Santana-1.jpeg\",\"articleSection\":[\"Not\u00edcias\"],\"inLanguage\":\"pt-BR\",\"potentialAction\":[{\"@type\":\"CommentAction\",\"name\":\"Comment\",\"target\":[\"https:\/\/matizes.org.br\/site\/grupo-matizes-se-reune-com-corregedoria-e-sugere-acoes-efetivas-contra-discriminacoes\/#respond\"]}]},{\"@type\":\"WebPage\",\"@id\":\"https:\/\/matizes.org.br\/site\/grupo-matizes-se-reune-com-corregedoria-e-sugere-acoes-efetivas-contra-discriminacoes\/\",\"url\":\"https:\/\/matizes.org.br\/site\/grupo-matizes-se-reune-com-corregedoria-e-sugere-acoes-efetivas-contra-discriminacoes\/\",\"name\":\"Grupo Matizes se re\u00fane com Corregedoria e sugere a\u00e7\u00f5es efetivas contra discrimina\u00e7\u00f5es - Grupo Matizes - Teresina - Piau\u00ed\",\"isPartOf\":{\"@id\":\"https:\/\/matizes.org.br\/site\/#website\"},\"primaryImageOfPage\":{\"@id\":\"https:\/\/matizes.org.br\/site\/grupo-matizes-se-reune-com-corregedoria-e-sugere-acoes-efetivas-contra-discriminacoes\/#primaryimage\"},\"image\":{\"@id\":\"https:\/\/matizes.org.br\/site\/grupo-matizes-se-reune-com-corregedoria-e-sugere-acoes-efetivas-contra-discriminacoes\/#primaryimage\"},\"thumbnailUrl\":\"https:\/\/matizes.org.br\/site\/wp-content\/uploads\/2022\/05\/Advogada-do-Matizes-Carmen-Riberio-Desembargador-Fernando-Lopes-Juiz-Auxiliar-Joao-Henrique-Sousa-e-Vice-coordenadora-do-Matizes-Marinalva-Santana-1.jpeg\",\"datePublished\":\"2022-05-28T16:36:16+00:00\",\"dateModified\":\"2022-05-28T16:36:18+00:00\",\"description\":\"O Grupo Matizes \u00e9 uma associa\u00e7\u00e3o civil, sem fins lucrativos, fundada em 18 de maio de 2002, cuja miss\u00e3o principal \u00e9 a defesa dos direitos de l\u00e9sbicas, gays, bissexuais, travestis e transexuais (LGBT+). \u00c9 filiado ao Movimento Nacional de Direitos Humanos e ao F\u00f3rum de ONGs\/AIDS do Piau\u00ed. Reconhecido como entidade de utilidade p\u00fablica pela Lei Estadual n\u00ba 5811, de 27 de novembro de 2008. Atualmente, integra os seguintes \u00f3rg\u00e3os colegiados: Conselho Estadual de Defesa dos Direitos Humanos, Conselho Estadual de Direitos de LGBT, Conselho Municipal de Direitos de LGBT e o F\u00f3rum Municipal de Educa\u00e7\u00e3o.O Matizes \u00e9 signat\u00e1rio de algumas representa\u00e7\u00f5es de repercuss\u00e3o geral,\",\"breadcrumb\":{\"@id\":\"https:\/\/matizes.org.br\/site\/grupo-matizes-se-reune-com-corregedoria-e-sugere-acoes-efetivas-contra-discriminacoes\/#breadcrumb\"},\"inLanguage\":\"pt-BR\",\"potentialAction\":[{\"@type\":\"ReadAction\",\"target\":[\"https:\/\/matizes.org.br\/site\/grupo-matizes-se-reune-com-corregedoria-e-sugere-acoes-efetivas-contra-discriminacoes\/\"]}]},{\"@type\":\"ImageObject\",\"inLanguage\":\"pt-BR\",\"@id\":\"https:\/\/matizes.org.br\/site\/grupo-matizes-se-reune-com-corregedoria-e-sugere-acoes-efetivas-contra-discriminacoes\/#primaryimage\",\"url\":\"https:\/\/matizes.org.br\/site\/wp-content\/uploads\/2022\/05\/Advogada-do-Matizes-Carmen-Riberio-Desembargador-Fernando-Lopes-Juiz-Auxiliar-Joao-Henrique-Sousa-e-Vice-coordenadora-do-Matizes-Marinalva-Santana-1.jpeg\",\"contentUrl\":\"https:\/\/matizes.org.br\/site\/wp-content\/uploads\/2022\/05\/Advogada-do-Matizes-Carmen-Riberio-Desembargador-Fernando-Lopes-Juiz-Auxiliar-Joao-Henrique-Sousa-e-Vice-coordenadora-do-Matizes-Marinalva-Santana-1.jpeg\",\"width\":800,\"height\":600},{\"@type\":\"BreadcrumbList\",\"@id\":\"https:\/\/matizes.org.br\/site\/grupo-matizes-se-reune-com-corregedoria-e-sugere-acoes-efetivas-contra-discriminacoes\/#breadcrumb\",\"itemListElement\":[{\"@type\":\"ListItem\",\"position\":1,\"name\":\"In\u00edcio\",\"item\":\"https:\/\/matizes.org.br\/site\/\"},{\"@type\":\"ListItem\",\"position\":2,\"name\":\"Grupo Matizes se re\u00fane com Corregedoria e sugere a\u00e7\u00f5es efetivas contra discrimina\u00e7\u00f5es\"}]},{\"@type\":\"WebSite\",\"@id\":\"https:\/\/matizes.org.br\/site\/#website\",\"url\":\"https:\/\/matizes.org.br\/site\/\",\"name\":\"Grupo Matizes - Teresina - Piau\u00ed\",\"description\":\"Pela livre express\u00e3o sexual\",\"publisher\":{\"@id\":\"https:\/\/matizes.org.br\/site\/#organization\"},\"potentialAction\":[{\"@type\":\"SearchAction\",\"target\":{\"@type\":\"EntryPoint\",\"urlTemplate\":\"https:\/\/matizes.org.br\/site\/?s={search_term_string}\"},\"query-input\":{\"@type\":\"PropertyValueSpecification\",\"valueRequired\":true,\"valueName\":\"search_term_string\"}}],\"inLanguage\":\"pt-BR\"},{\"@type\":\"Organization\",\"@id\":\"https:\/\/matizes.org.br\/site\/#organization\",\"name\":\"Grupo Matizes - Pela livre express\u00e3o sexual\",\"url\":\"https:\/\/matizes.org.br\/site\/\",\"logo\":{\"@type\":\"ImageObject\",\"inLanguage\":\"pt-BR\",\"@id\":\"https:\/\/matizes.org.br\/site\/#\/schema\/logo\/image\/\",\"url\":\"https:\/\/matizes.org.br\/site\/wp-content\/uploads\/2021\/10\/matizes-logo-site.png\",\"contentUrl\":\"https:\/\/matizes.org.br\/site\/wp-content\/uploads\/2021\/10\/matizes-logo-site.png\",\"width\":460,\"height\":123,\"caption\":\"Grupo Matizes - Pela livre express\u00e3o sexual\"},\"image\":{\"@id\":\"https:\/\/matizes.org.br\/site\/#\/schema\/logo\/image\/\"},\"sameAs\":[\"https:\/\/www.facebook.com\/grupomatizes\/\",\"https:\/\/www.instagram.com\/matizesteresina\/\",\"https:\/\/www.youtube.com\/user\/matizes1000\/videos\"]},{\"@type\":\"Person\",\"@id\":\"https:\/\/matizes.org.br\/site\/#\/schema\/person\/b95a3086d870683e99ecb340cd79118e\",\"name\":\"Assessoria Matizes\",\"image\":{\"@type\":\"ImageObject\",\"inLanguage\":\"pt-BR\",\"@id\":\"https:\/\/matizes.org.br\/site\/#\/schema\/person\/image\/\",\"url\":\"https:\/\/secure.gravatar.com\/avatar\/787e5ffefea0fc2f39104448d518cc9a2501158acc4fd8746b813eae27f48921?s=96&d=mm&r=g\",\"contentUrl\":\"https:\/\/secure.gravatar.com\/avatar\/787e5ffefea0fc2f39104448d518cc9a2501158acc4fd8746b813eae27f48921?s=96&d=mm&r=g\",\"caption\":\"Assessoria Matizes\"},\"sameAs\":[\"https:\/\/matizes.org.br\"]}]}<\/script>\n<!-- \/ Yoast SEO plugin. -->","yoast_head_json":{"title":"Grupo Matizes se re\u00fane com Corregedoria e sugere a\u00e7\u00f5es efetivas contra discrimina\u00e7\u00f5es - Grupo Matizes - Teresina - Piau\u00ed","description":"O Grupo Matizes \u00e9 uma associa\u00e7\u00e3o civil, sem fins lucrativos, fundada em 18 de maio de 2002, cuja miss\u00e3o principal \u00e9 a defesa dos direitos de l\u00e9sbicas, gays, bissexuais, travestis e transexuais (LGBT+). \u00c9 filiado ao Movimento Nacional de Direitos Humanos e ao F\u00f3rum de ONGs\/AIDS do Piau\u00ed. Reconhecido como entidade de utilidade p\u00fablica pela Lei Estadual n\u00ba 5811, de 27 de novembro de 2008. Atualmente, integra os seguintes \u00f3rg\u00e3os colegiados: Conselho Estadual de Defesa dos Direitos Humanos, Conselho Estadual de Direitos de LGBT, Conselho Municipal de Direitos de LGBT e o F\u00f3rum Municipal de Educa\u00e7\u00e3o.O Matizes \u00e9 signat\u00e1rio de algumas representa\u00e7\u00f5es de repercuss\u00e3o geral,","robots":{"index":"index","follow":"follow","max-snippet":"max-snippet:-1","max-image-preview":"max-image-preview:large","max-video-preview":"max-video-preview:-1"},"canonical":"https:\/\/matizes.org.br\/site\/grupo-matizes-se-reune-com-corregedoria-e-sugere-acoes-efetivas-contra-discriminacoes\/","og_locale":"pt_BR","og_type":"article","og_title":"Grupo Matizes se re\u00fane com Corregedoria e sugere a\u00e7\u00f5es efetivas contra discrimina\u00e7\u00f5es - Grupo Matizes - Teresina - Piau\u00ed","og_description":"O Grupo Matizes \u00e9 uma associa\u00e7\u00e3o civil, sem fins lucrativos, fundada em 18 de maio de 2002, cuja miss\u00e3o principal \u00e9 a defesa dos direitos de l\u00e9sbicas, gays, bissexuais, travestis e transexuais (LGBT+). \u00c9 filiado ao Movimento Nacional de Direitos Humanos e ao F\u00f3rum de ONGs\/AIDS do Piau\u00ed. Reconhecido como entidade de utilidade p\u00fablica pela Lei Estadual n\u00ba 5811, de 27 de novembro de 2008. Atualmente, integra os seguintes \u00f3rg\u00e3os colegiados: Conselho Estadual de Defesa dos Direitos Humanos, Conselho Estadual de Direitos de LGBT, Conselho Municipal de Direitos de LGBT e o F\u00f3rum Municipal de Educa\u00e7\u00e3o.O Matizes \u00e9 signat\u00e1rio de algumas representa\u00e7\u00f5es de repercuss\u00e3o geral,","og_url":"https:\/\/matizes.org.br\/site\/grupo-matizes-se-reune-com-corregedoria-e-sugere-acoes-efetivas-contra-discriminacoes\/","og_site_name":"Grupo Matizes - Teresina - Piau\u00ed","article_publisher":"https:\/\/www.facebook.com\/grupomatizes\/","article_published_time":"2022-05-28T16:36:16+00:00","article_modified_time":"2022-05-28T16:36:18+00:00","og_image":[{"width":800,"height":600,"url":"https:\/\/matizes.org.br\/site\/wp-content\/uploads\/2022\/05\/Advogada-do-Matizes-Carmen-Riberio-Desembargador-Fernando-Lopes-Juiz-Auxiliar-Joao-Henrique-Sousa-e-Vice-coordenadora-do-Matizes-Marinalva-Santana-1.jpeg","type":"image\/jpeg"}],"author":"Assessoria Matizes","twitter_card":"summary_large_image","twitter_misc":{"Escrito por":"Assessoria Matizes","Est. tempo de leitura":"2 minutos"},"schema":{"@context":"https:\/\/schema.org","@graph":[{"@type":"Article","@id":"https:\/\/matizes.org.br\/site\/grupo-matizes-se-reune-com-corregedoria-e-sugere-acoes-efetivas-contra-discriminacoes\/#article","isPartOf":{"@id":"https:\/\/matizes.org.br\/site\/grupo-matizes-se-reune-com-corregedoria-e-sugere-acoes-efetivas-contra-discriminacoes\/"},"author":{"name":"Assessoria Matizes","@id":"https:\/\/matizes.org.br\/site\/#\/schema\/person\/b95a3086d870683e99ecb340cd79118e"},"headline":"Grupo Matizes se re\u00fane com Corregedoria e sugere a\u00e7\u00f5es efetivas contra discrimina\u00e7\u00f5es","datePublished":"2022-05-28T16:36:16+00:00","dateModified":"2022-05-28T16:36:18+00:00","mainEntityOfPage":{"@id":"https:\/\/matizes.org.br\/site\/grupo-matizes-se-reune-com-corregedoria-e-sugere-acoes-efetivas-contra-discriminacoes\/"},"wordCount":313,"commentCount":0,"publisher":{"@id":"https:\/\/matizes.org.br\/site\/#organization"},"image":{"@id":"https:\/\/matizes.org.br\/site\/grupo-matizes-se-reune-com-corregedoria-e-sugere-acoes-efetivas-contra-discriminacoes\/#primaryimage"},"thumbnailUrl":"https:\/\/matizes.org.br\/site\/wp-content\/uploads\/2022\/05\/Advogada-do-Matizes-Carmen-Riberio-Desembargador-Fernando-Lopes-Juiz-Auxiliar-Joao-Henrique-Sousa-e-Vice-coordenadora-do-Matizes-Marinalva-Santana-1.jpeg","articleSection":["Not\u00edcias"],"inLanguage":"pt-BR","potentialAction":[{"@type":"CommentAction","name":"Comment","target":["https:\/\/matizes.org.br\/site\/grupo-matizes-se-reune-com-corregedoria-e-sugere-acoes-efetivas-contra-discriminacoes\/#respond"]}]},{"@type":"WebPage","@id":"https:\/\/matizes.org.br\/site\/grupo-matizes-se-reune-com-corregedoria-e-sugere-acoes-efetivas-contra-discriminacoes\/","url":"https:\/\/matizes.org.br\/site\/grupo-matizes-se-reune-com-corregedoria-e-sugere-acoes-efetivas-contra-discriminacoes\/","name":"Grupo Matizes se re\u00fane com Corregedoria e sugere a\u00e7\u00f5es efetivas contra discrimina\u00e7\u00f5es - Grupo Matizes - Teresina - Piau\u00ed","isPartOf":{"@id":"https:\/\/matizes.org.br\/site\/#website"},"primaryImageOfPage":{"@id":"https:\/\/matizes.org.br\/site\/grupo-matizes-se-reune-com-corregedoria-e-sugere-acoes-efetivas-contra-discriminacoes\/#primaryimage"},"image":{"@id":"https:\/\/matizes.org.br\/site\/grupo-matizes-se-reune-com-corregedoria-e-sugere-acoes-efetivas-contra-discriminacoes\/#primaryimage"},"thumbnailUrl":"https:\/\/matizes.org.br\/site\/wp-content\/uploads\/2022\/05\/Advogada-do-Matizes-Carmen-Riberio-Desembargador-Fernando-Lopes-Juiz-Auxiliar-Joao-Henrique-Sousa-e-Vice-coordenadora-do-Matizes-Marinalva-Santana-1.jpeg","datePublished":"2022-05-28T16:36:16+00:00","dateModified":"2022-05-28T16:36:18+00:00","description":"O Grupo Matizes \u00e9 uma associa\u00e7\u00e3o civil, sem fins lucrativos, fundada em 18 de maio de 2002, cuja miss\u00e3o principal \u00e9 a defesa dos direitos de l\u00e9sbicas, gays, bissexuais, travestis e transexuais (LGBT+). \u00c9 filiado ao Movimento Nacional de Direitos Humanos e ao F\u00f3rum de ONGs\/AIDS do Piau\u00ed. Reconhecido como entidade de utilidade p\u00fablica pela Lei Estadual n\u00ba 5811, de 27 de novembro de 2008. Atualmente, integra os seguintes \u00f3rg\u00e3os colegiados: Conselho Estadual de Defesa dos Direitos Humanos, Conselho Estadual de Direitos de LGBT, Conselho Municipal de Direitos de LGBT e o F\u00f3rum Municipal de Educa\u00e7\u00e3o.O Matizes \u00e9 signat\u00e1rio de algumas representa\u00e7\u00f5es de repercuss\u00e3o geral,","breadcrumb":{"@id":"https:\/\/matizes.org.br\/site\/grupo-matizes-se-reune-com-corregedoria-e-sugere-acoes-efetivas-contra-discriminacoes\/#breadcrumb"},"inLanguage":"pt-BR","potentialAction":[{"@type":"ReadAction","target":["https:\/\/matizes.org.br\/site\/grupo-matizes-se-reune-com-corregedoria-e-sugere-acoes-efetivas-contra-discriminacoes\/"]}]},{"@type":"ImageObject","inLanguage":"pt-BR","@id":"https:\/\/matizes.org.br\/site\/grupo-matizes-se-reune-com-corregedoria-e-sugere-acoes-efetivas-contra-discriminacoes\/#primaryimage","url":"https:\/\/matizes.org.br\/site\/wp-content\/uploads\/2022\/05\/Advogada-do-Matizes-Carmen-Riberio-Desembargador-Fernando-Lopes-Juiz-Auxiliar-Joao-Henrique-Sousa-e-Vice-coordenadora-do-Matizes-Marinalva-Santana-1.jpeg","contentUrl":"https:\/\/matizes.org.br\/site\/wp-content\/uploads\/2022\/05\/Advogada-do-Matizes-Carmen-Riberio-Desembargador-Fernando-Lopes-Juiz-Auxiliar-Joao-Henrique-Sousa-e-Vice-coordenadora-do-Matizes-Marinalva-Santana-1.jpeg","width":800,"height":600},{"@type":"BreadcrumbList","@id":"https:\/\/matizes.org.br\/site\/grupo-matizes-se-reune-com-corregedoria-e-sugere-acoes-efetivas-contra-discriminacoes\/#breadcrumb","itemListElement":[{"@type":"ListItem","position":1,"name":"In\u00edcio","item":"https:\/\/matizes.org.br\/site\/"},{"@type":"ListItem","position":2,"name":"Grupo Matizes se re\u00fane com Corregedoria e sugere a\u00e7\u00f5es efetivas contra discrimina\u00e7\u00f5es"}]},{"@type":"WebSite","@id":"https:\/\/matizes.org.br\/site\/#website","url":"https:\/\/matizes.org.br\/site\/","name":"Grupo Matizes - Teresina - Piau\u00ed","description":"Pela livre express\u00e3o sexual","publisher":{"@id":"https:\/\/matizes.org.br\/site\/#organization"},"potentialAction":[{"@type":"SearchAction","target":{"@type":"EntryPoint","urlTemplate":"https:\/\/matizes.org.br\/site\/?s={search_term_string}"},"query-input":{"@type":"PropertyValueSpecification","valueRequired":true,"valueName":"search_term_string"}}],"inLanguage":"pt-BR"},{"@type":"Organization","@id":"https:\/\/matizes.org.br\/site\/#organization","name":"Grupo Matizes - Pela livre express\u00e3o sexual","url":"https:\/\/matizes.org.br\/site\/","logo":{"@type":"ImageObject","inLanguage":"pt-BR","@id":"https:\/\/matizes.org.br\/site\/#\/schema\/logo\/image\/","url":"https:\/\/matizes.org.br\/site\/wp-content\/uploads\/2021\/10\/matizes-logo-site.png","contentUrl":"https:\/\/matizes.org.br\/site\/wp-content\/uploads\/2021\/10\/matizes-logo-site.png","width":460,"height":123,"caption":"Grupo Matizes - Pela livre express\u00e3o sexual"},"image":{"@id":"https:\/\/matizes.org.br\/site\/#\/schema\/logo\/image\/"},"sameAs":["https:\/\/www.facebook.com\/grupomatizes\/","https:\/\/www.instagram.com\/matizesteresina\/","https:\/\/www.youtube.com\/user\/matizes1000\/videos"]},{"@type":"Person","@id":"https:\/\/matizes.org.br\/site\/#\/schema\/person\/b95a3086d870683e99ecb340cd79118e","name":"Assessoria Matizes","image":{"@type":"ImageObject","inLanguage":"pt-BR","@id":"https:\/\/matizes.org.br\/site\/#\/schema\/person\/image\/","url":"https:\/\/secure.gravatar.com\/avatar\/787e5ffefea0fc2f39104448d518cc9a2501158acc4fd8746b813eae27f48921?s=96&d=mm&r=g","contentUrl":"https:\/\/secure.gravatar.com\/avatar\/787e5ffefea0fc2f39104448d518cc9a2501158acc4fd8746b813eae27f48921?s=96&d=mm&r=g","caption":"Assessoria Matizes"},"sameAs":["https:\/\/matizes.org.br"]}]}},"_links":{"self":[{"href":"https:\/\/matizes.org.br\/site\/wp-json\/wp\/v2\/posts\/996","targetHints":{"allow":["GET"]}}],"collection":[{"href":"https:\/\/matizes.org.br\/site\/wp-json\/wp\/v2\/posts"}],"about":[{"href":"https:\/\/matizes.org.br\/site\/wp-json\/wp\/v2\/types\/post"}],"author":[{"embeddable":true,"href":"https:\/\/matizes.org.br\/site\/wp-json\/wp\/v2\/users\/2"}],"replies":[{"embeddable":true,"href":"https:\/\/matizes.org.br\/site\/wp-json\/wp\/v2\/comments?post=996"}],"version-history":[{"count":1,"href":"https:\/\/matizes.org.br\/site\/wp-json\/wp\/v2\/posts\/996\/revisions"}],"predecessor-version":[{"id":998,"href":"https:\/\/matizes.org.br\/site\/wp-json\/wp\/v2\/posts\/996\/revisions\/998"}],"wp:featuredmedia":[{"embeddable":true,"href":"https:\/\/matizes.org.br\/site\/wp-json\/wp\/v2\/media\/999"}],"wp:attachment":[{"href":"https:\/\/matizes.org.br\/site\/wp-json\/wp\/v2\/media?parent=996"}],"wp:term":[{"taxonomy":"category","embeddable":true,"href":"https:\/\/matizes.org.br\/site\/wp-json\/wp\/v2\/categories?post=996"},{"taxonomy":"post_tag","embeddable":true,"href":"https:\/\/matizes.org.br\/site\/wp-json\/wp\/v2\/tags?post=996"}],"curies":[{"name":"wp","href":"https:\/\/api.w.org\/{rel}","templated":true}]}}